{"id":41692,"date":"2026-02-19T08:31:57","date_gmt":"2026-02-19T07:31:57","guid":{"rendered":"https:\/\/gnews.cz\/?p=41692"},"modified":"2026-03-01T08:36:19","modified_gmt":"2026-03-01T07:36:19","slug":"cinsky-vyslanec-pri-osn-varuje-pred-primym-uderem-pokud-by-japonsko-zasahlo-do-otazky-taiwanu","status":"publish","type":"post","link":"https:\/\/gnews.cz\/cs_cz\/politika\/cinsky-vyslanec-pri-osn-varuje-pred-primym-uderem-pokud-by-japonsko-zasahlo-do-otazky-taiwanu\/","title":{"rendered":"\u010c\u00ednsk\u00fd vyslanec p\u0159i OSN varuje p\u0159ed \u201ep\u0159\u00edm\u00fdm \u00faderem\u201c, pokud by Japonsko zas\u00e1hlo do ot\u00e1zky Taiwanu"},"content":{"rendered":"\n<p id=\"wnd_TextBlock_28001772350412771109_inner_0\"><strong>St\u00e1l\u00fd p\u0159edstavitel \u010c\u00edna p\u0159i Organizace spojen\u00fdch n\u00e1rod\u016f Fu Cong ve \u010dtvrtek varoval, \u017ee jak\u00e9koli vojensk\u00e9 zapojen\u00ed Japonsko do ot\u00e1zky Taiwan by narazilo na &#8222;p\u0159\u00edm\u00fd \u00fader&#8220;.<\/strong><\/p>\n\n\n\n<p id=\"wnd_TextBlock_28001772350412771109_inner_1\">Fu toto prohl\u00e1\u0161en\u00ed u\u010dinil b\u011bhem plen\u00e1rn\u00edho zased\u00e1n\u00ed leto\u0161n\u00edho jedn\u00e1n\u00ed Zvl\u00e1\u0161tn\u00edho v\u00fdboru pro Chartu OSN a pos\u00edlen\u00ed role Organizace spojen\u00fdch n\u00e1rod\u016f.<\/p>\n\n\n\n<p id=\"wnd_TextBlock_28001772350412771109_inner_2\">Podle n\u011bj japon\u0161t\u00ed politi\u010dt\u00ed p\u0159edstavitel\u00e9 v posledn\u00edch letech jednaj\u00ed proti historick\u00e9mu v\u00fdvoji. Japonsko podle jeho slov v\u00fdslovn\u011b spojilo ot\u00e1zku Taiwanu s takzvanou &#8222;situac\u00ed ohro\u017euj\u00edc\u00ed p\u0159e\u017eit\u00ed&#8220;, reagovalo spekulativn\u011b na z\u00e1klad\u011b japonsko-americk\u00e9 aliance a sna\u017e\u00ed se vyu\u017e\u00edt koncept &#8222;sebeobrany&#8220; jako z\u00e1minku k z\u00e1sahu do t\u00e9to ot\u00e1zky.<\/p>\n\n\n\n<p id=\"wnd_TextBlock_28001772350412771109_inner_3\"><em>&#8222;Tyto chybn\u00e9 argumenty nemaj\u00ed \u017e\u00e1dn\u00fd pr\u00e1vn\u00ed z\u00e1klad,&#8220;<\/em> uvedl Fu. Zd\u016fraznil, \u017ee Taiwan je ned\u00edlnou sou\u010d\u00e1st\u00ed \u010d\u00ednsk\u00e9ho \u00fazem\u00ed a zp\u016fsob \u0159e\u0161en\u00ed taiwansk\u00e9 ot\u00e1zky je vnit\u0159n\u00ed z\u00e1le\u017eitost\u00ed \u010c\u00edny. <em>&#8222;\u017d\u00e1dn\u00e1 jin\u00e1 zem\u011b nem\u00e1 pr\u00e1vo zasahovat, nato\u017e pou\u017e\u00edt s\u00edlu pod z\u00e1minkou takzvan\u00e9 sebeobrany,&#8220;<\/em> dodal.<\/p>\n\n\n\n<p id=\"wnd_TextBlock_28001772350412771109_inner_4\">Fu d\u00e1le uvedl, \u017ee podobn\u00e1 tvrzen\u00ed jsou podle n\u011bj v rozporu se z\u00e1vazky Japonska jako pora\u017een\u00e9 zem\u011b a poru\u0161uj\u00ed Cairo Declaration, Potsdam Proclamation i japonsk\u00fd akt kapitulace, stejn\u011b jako principy Charty OSN t\u00fdkaj\u00edc\u00ed se respektu k suverenit\u011b, \u00fazemn\u00ed celistvosti a nezasahov\u00e1n\u00ed do vnit\u0159n\u00edch z\u00e1le\u017eitost\u00ed st\u00e1t\u016f.<\/p>\n\n\n\n<p id=\"wnd_TextBlock_28001772350412771109_inner_5\"><em>&#8222;Tato tvrzen\u00ed p\u0159edstavuj\u00ed v\u00e1\u017enou v\u00fdzvu pro pov\u00e1le\u010dn\u00fd mezin\u00e1rodn\u00ed \u0159\u00e1d a m\u011bla by se setkat s ostra\u017eitost\u00ed a odporem v\u0161ech m\u00edrumilovn\u00fdch zem\u00ed. Pokud Japonsko pod jakoukoli z\u00e1minkou uplatn\u00ed takzvan\u00e9 pr\u00e1vo kolektivn\u00ed sebeobrany a zas\u00e1hne do ot\u00e1zky Taiwanu, bude to p\u0159edstavovat agresi proti \u010c\u00edn\u011b a \u010c\u00edna zasad\u00ed p\u0159\u00edm\u00fd \u00fader,&#8220; <\/em>uvedl Fu.<\/p>\n\n\n\n<p id=\"wnd_TextBlock_28001772350412771109_inner_6\">Dne 14. \u00fanora \u010d\u00ednsk\u00fd ministr zahrani\u010d\u00ed Wang Yi na Mnichovsk\u00e1 bezpe\u010dnostn\u00ed konference p\u0159ipomn\u011bl, \u017ee Japonsko v minulosti vyu\u017eilo &#8222;situaci existen\u010dn\u00ed krize&#8220; jako z\u00e1minku k invazi do \u010c\u00edny i k \u00fatoku na Pearl Harbor ve Spojen\u00fdch st\u00e1tech v roce 1941.<\/p>\n\n\n\n<p id=\"wnd_TextBlock_28001772350412771109_inner_7\"><em>&#8222;Pokud bude Japonsko znovu hazardovat, \u010dek\u00e1 ho pouze rychlej\u0161\u00ed por\u00e1\u017eka a je\u0161t\u011b katastrof\u00e1ln\u011bj\u0161\u00ed ztr\u00e1ty,&#8220;<\/em> varoval Wang b\u011bhem konference.<\/p>\n\n\n\n<p id=\"wnd_TextBlock_28001772350412771109_inner_8\"><strong><a href=\"https:\/\/news.cgtn.com\/news\/2026-02-19\/China-warns-of-head-on-blow-if-Japan-intervenes-in-Taiwan-question-1KTmfLmmvWE\/p.html\" target=\"_blank\" rel=\"noreferrer noopener\">CMG<\/a><\/strong><\/p>\n","protected":false},"excerpt":{"rendered":"<p>St\u00e1l\u00fd p\u0159edstavitel \u010c\u00edna p\u0159i Organizace spojen\u00fdch n\u00e1rod\u016f Fu Cong ve \u010dtvrtek varoval, \u017ee jak\u00e9koli vojensk\u00e9 zapojen\u00ed Japonsko do ot\u00e1zky Taiwan by narazilo&hellip;<\/p>\n","protected":false},"author":6,"featured_media":44106,"comment_status":"open","ping_status":"closed","sticky":false,"template":"","format":"video","meta":{"_acf_changed":false,"_lmt_disableupdate":"","_lmt_disable":"","footnotes":""},"categories":[7,2973],"tags":[22,18,8317,24,293],"class_list":["post-41692","post","type-post","status-publish","format-video","has-post-thumbnail","hentry","category-politika","category-zahranicni","tag-cina","tag-cmg","tag-fu-cong","tag-japonsko","tag-taiwan","post_format-post-format-video"],"acf":[],"aioseo_notices":[],"_links":{"self":[{"href":"https:\/\/gnews.cz\/cs_cz\/wp-json\/wp\/v2\/posts\/41692","targetHints":{"allow":["GET"]}}],"collection":[{"href":"https:\/\/gnews.cz\/cs_cz\/wp-json\/wp\/v2\/posts"}],"about":[{"href":"https:\/\/gnews.cz\/cs_cz\/wp-json\/wp\/v2\/types\/post"}],"author":[{"embeddable":true,"href":"https:\/\/gnews.cz\/cs_cz\/wp-json\/wp\/v2\/users\/6"}],"replies":[{"embeddable":true,"href":"https:\/\/gnews.cz\/cs_cz\/wp-json\/wp\/v2\/comments?post=41692"}],"version-history":[{"count":1,"href":"https:\/\/gnews.cz\/cs_cz\/wp-json\/wp\/v2\/posts\/41692\/revisions"}],"predecessor-version":[{"id":41693,"href":"https:\/\/gnews.cz\/cs_cz\/wp-json\/wp\/v2\/posts\/41692\/revisions\/41693"}],"wp:featuredmedia":[{"embeddable":true,"href":"https:\/\/gnews.cz\/cs_cz\/wp-json\/wp\/v2\/media\/44106"}],"wp:attachment":[{"href":"https:\/\/gnews.cz\/cs_cz\/wp-json\/wp\/v2\/media?parent=41692"}],"wp:term":[{"taxonomy":"category","embeddable":true,"href":"https:\/\/gnews.cz\/cs_cz\/wp-json\/wp\/v2\/categories?post=41692"},{"taxonomy":"post_tag","embeddable":true,"href":"https:\/\/gnews.cz\/cs_cz\/wp-json\/wp\/v2\/tags?post=41692"}],"curies":[{"name":"wp","href":"https:\/\/api.w.org\/{rel}","templated":true}]}}