{"id":41710,"date":"2026-02-15T09:11:13","date_gmt":"2026-02-15T08:11:13","guid":{"rendered":"https:\/\/gnews.cz\/?p=41710"},"modified":"2026-03-01T09:14:16","modified_gmt":"2026-03-01T08:14:16","slug":"multilateralismus-a-respekt-k-rozdilum-wang-yi-predstavil-cinskou-vizi-pro-svetovy-rad","status":"publish","type":"post","link":"https:\/\/gnews.cz\/cs_cz\/politika\/multilateralismus-a-respekt-k-rozdilum-wang-yi-predstavil-cinskou-vizi-pro-svetovy-rad\/","title":{"rendered":"Multilateralismus a respekt k rozd\u00edl\u016fm: Wang Yi p\u0159edstavil \u010d\u00ednskou vizi pro sv\u011btov\u00fd \u0159\u00e1d"},"content":{"rendered":"\n<p id=\"wnd_TextBlock_51741772352772967725_inner_0\"><strong>\u010c\u00ednsk\u00fd ministr zahrani\u010d\u00ed Wang Yi na Mnichovsk\u00e1 bezpe\u010dnostn\u00ed konference uvedl, \u017ee \u010c\u00edna a Evropa jsou partnery, nikoli rivaly, a vyzval k usilov\u00e1n\u00ed o harmonii p\u0159i sou\u010dasn\u00e9m respektov\u00e1n\u00ed vz\u00e1jemn\u00fdch rozd\u00edl\u016f.<\/strong><\/p>\n\n\n\n<p id=\"wnd_TextBlock_51741772352772967725_inner_1\">Wang, kter\u00fd je z\u00e1rove\u0148 \u010dlenem politbyra \u00dast\u0159edn\u00edho v\u00fdboru Komunistick\u00e9 strany \u010c\u00edny, upozornil, \u017ee mezin\u00e1rodn\u00ed situace se v uplynul\u00e9m roce stala v\u00fdrazn\u011b slo\u017eit\u011bj\u0161\u00ed a nestabiln\u011bj\u0161\u00ed. V reakci na rostouc\u00ed bezpe\u010dnostn\u00ed rizika a soub\u011bh glob\u00e1ln\u00edch v\u00fdzev podle n\u011bj \u010c\u00edna nad\u00e1le podporuje multilateralismus a demokratick\u00e9 principy v mezin\u00e1rodn\u00edch vztaz\u00edch.<\/p>\n\n\n\n<h3 class=\"wp-block-heading\" id=\"wnd_TextBlock_51741772352772967725_inner_2\">Podpora multilateralismu a syst\u00e9mu OSN<\/h3>\n\n\n\n<p id=\"wnd_TextBlock_51741772352772967725_inner_3\">B\u011bhem vystoupen\u00ed na panelu &#8222;China in the World&#8220; p\u0159edstavil Wang \u010d\u00ednskou p\u0159edstavu o \u0159e\u0161en\u00ed glob\u00e1ln\u00ed nejistoty a reform\u011b sv\u011btov\u00e9ho \u0159\u00e1du. Zd\u016fraznil, \u017ee kl\u00ed\u010dem ke zlep\u0161en\u00ed glob\u00e1ln\u00ed spr\u00e1vy je pos\u00edlen\u00ed role Organizace spojen\u00fdch n\u00e1rod\u016f.<\/p>\n\n\n\n<p id=\"wnd_TextBlock_51741772352772967725_inner_4\">Podle n\u011bj pr\u00e1v\u011b platforma OSN umo\u017e\u0148uje v\u0161em st\u00e1t\u016fm \u2013 bez ohledu na jejich velikost \u010di ekonomickou s\u00edlu \u2013 vyj\u00e1d\u0159it sv\u016fj hlas. Bez OSN by se sv\u011bt mohl vr\u00e1tit k \u00e9\u0159e, kdy siln\u011bj\u0161\u00ed dominuj\u00ed slab\u0161\u00edm, co\u017e by zvl\u00e1\u0161t\u011b ohrozilo mal\u00e9 a st\u0159edn\u011b velk\u00e9 zem\u011b z\u00e1visl\u00e9 na multilater\u00e1ln\u00edm syst\u00e9mu.<\/p>\n\n\n\n<p id=\"wnd_TextBlock_51741772352772967725_inner_5\">Wang z\u00e1rove\u0148 vyzval k hled\u00e1n\u00ed spole\u010dn\u00fdch z\u00e1jm\u016f p\u0159i zachov\u00e1n\u00ed rozd\u00edl\u016f a k rozvoji spolupr\u00e1ce zalo\u017een\u00e9 na oboustrann\u00e9m prosp\u011bchu. Odk\u00e1zal p\u0159itom na konfuci\u00e1nsk\u00e9 d\u00edlo Hovory Konfuciovy, z n\u011bho\u017e citoval my\u0161lenku harmonie v rozmanitosti jako z\u00e1klad vztah\u016f mezi st\u00e1ty.<\/p>\n\n\n\n<h3 class=\"wp-block-heading\" id=\"wnd_TextBlock_51741772352772967725_inner_6\">Vztahy mezi \u010c\u00ednou a Evropou<\/h3>\n\n\n\n<p id=\"wnd_TextBlock_51741772352772967725_inner_7\">K budoucnosti vztah\u016f mezi \u010c\u00ednou a Evropou Wang uvedl, \u017ee ob\u011b strany by m\u011bly posilovat strategickou komunikaci a vz\u00e1jemnou d\u016fv\u011bru. Varoval, \u017ee ozna\u010dov\u00e1n\u00ed \u010c\u00edny za hrozbu a p\u0159etrv\u00e1vaj\u00edc\u00ed proti\u010d\u00ednsk\u00e9 p\u0159edsudky mohou po\u0161kodit dlouhodob\u00fd rozvoj vztah\u016f mezi \u010c\u00ednou a Evropskou uni\u00ed.<\/p>\n\n\n\n<p id=\"wnd_TextBlock_51741772352772967725_inner_8\">V rozhovoru s p\u0159edsedou konference Wolfgang Ischinger zd\u016fraznil v\u00fdznam obchodn\u00ed spolupr\u00e1ce a vysok\u00fd objem vz\u00e1jemn\u00e9ho obchodu jako stabiliza\u010dn\u00edho prvku vztah\u016f.<\/p>\n\n\n\n<p id=\"wnd_TextBlock_51741772352772967725_inner_9\">Podle odborn\u00edka Jiang Feng ze \u0160anghajsk\u00e9 akademie glob\u00e1ln\u00ed spr\u00e1vy a region\u00e1ln\u00edch studi\u00ed je realita \u010d\u00ednsko-evropsk\u00fdch vztah\u016f v oblasti ekonomiky i mezilidsk\u00fdch kontakt\u016f pozitivn\u011bj\u0161\u00ed, ne\u017e b\u00fdv\u00e1 \u010dasto prezentov\u00e1no v evropsk\u00e9m ve\u0159ejn\u00e9m prostoru. Uvedl tak\u00e9, \u017ee hospod\u00e1\u0159sk\u00e1 spolupr\u00e1ce z\u016fst\u00e1v\u00e1 hlavn\u00edm pil\u00ed\u0159em bilater\u00e1ln\u00edch vztah\u016f a m\u016f\u017ee p\u0159isp\u011bt k jejich dal\u0161\u00edmu posilov\u00e1n\u00ed.<\/p>\n\n\n\n<h3 class=\"wp-block-heading\" id=\"wnd_TextBlock_51741772352772967725_inner_10\">Rostouc\u00ed role \u010c\u00edny ve sv\u011bt\u011b<\/h3>\n\n\n\n<p id=\"wnd_TextBlock_51741772352772967725_inner_11\">Podle Jianga hraje \u010c\u00edna st\u00e1le v\u00fdznamn\u011bj\u0161\u00ed roli v mezin\u00e1rodn\u00edch z\u00e1le\u017eitostech a st\u00e1v\u00e1 se nepostradateln\u00fdm akt\u00e9rem glob\u00e1ln\u00ed politiky. Z\u00e1jem o vystoupen\u00ed ministra Wanga i diskuse o vztaz\u00edch mezi \u010c\u00ednou a Evropou byl letos podle n\u011bj v\u00fdrazn\u011b vy\u0161\u0161\u00ed ne\u017e v minul\u00fdch letech.<\/p>\n\n\n\n<p id=\"wnd_TextBlock_51741772352772967725_inner_12\">\u010c\u00edna byla podle \u00fa\u010dastn\u00edk\u016f konference zmi\u0148ov\u00e1na prakticky ve v\u0161ech debat\u00e1ch \u2013 od evropsk\u00e9ho rozvoje p\u0159es formov\u00e1n\u00ed nov\u00e9ho sv\u011btov\u00e9ho \u0159\u00e1du a\u017e po transatlantick\u00e9 vztahy \u010di region\u00e1ln\u00ed konflikty. Mnoz\u00ed \u00fa\u010dastn\u00edci z\u00e1rove\u0148 vyj\u00e1d\u0159ili z\u00e1jem l\u00e9pe poznat \u010d\u00ednsk\u00fd rozvoj a osobn\u011b zemi nav\u0161t\u00edvit.<\/p>\n\n\n\n<p id=\"wnd_TextBlock_51741772352772967725_inner_13\"><strong><a href=\"https:\/\/news.cgtn.com\/news\/2026-02-15\/Multilateralism-dialogue-Chinese-FM-shares-China-s-compass-for-world-1KLoD9gSNyg\/p.html\" target=\"_blank\" rel=\"noreferrer noopener\">CMG<\/a><\/strong><\/p>\n","protected":false},"excerpt":{"rendered":"<p>\u010c\u00ednsk\u00fd ministr zahrani\u010d\u00ed Wang Yi na Mnichovsk\u00e1 bezpe\u010dnostn\u00ed konference uvedl, \u017ee \u010c\u00edna a Evropa jsou partnery, nikoli rivaly, a vyzval k usilov\u00e1n\u00ed&hellip;<\/p>\n","protected":false},"author":6,"featured_media":41711,"comment_status":"open","ping_status":"closed","sticky":false,"template":"","format":"standard","meta":{"_acf_changed":false,"_lmt_disableupdate":"","_lmt_disable":"","footnotes":""},"categories":[7,2973],"tags":[22,18,4094,4778,300],"class_list":["post-41710","post","type-post","status-publish","format-standard","has-post-thumbnail","hentry","category-politika","category-zahranicni","tag-cina","tag-cmg","tag-evropska-unie","tag-multilateralismus","tag-wang-yi"],"acf":[],"aioseo_notices":[],"_links":{"self":[{"href":"https:\/\/gnews.cz\/cs_cz\/wp-json\/wp\/v2\/posts\/41710","targetHints":{"allow":["GET"]}}],"collection":[{"href":"https:\/\/gnews.cz\/cs_cz\/wp-json\/wp\/v2\/posts"}],"about":[{"href":"https:\/\/gnews.cz\/cs_cz\/wp-json\/wp\/v2\/types\/post"}],"author":[{"embeddable":true,"href":"https:\/\/gnews.cz\/cs_cz\/wp-json\/wp\/v2\/users\/6"}],"replies":[{"embeddable":true,"href":"https:\/\/gnews.cz\/cs_cz\/wp-json\/wp\/v2\/comments?post=41710"}],"version-history":[{"count":1,"href":"https:\/\/gnews.cz\/cs_cz\/wp-json\/wp\/v2\/posts\/41710\/revisions"}],"predecessor-version":[{"id":41712,"href":"https:\/\/gnews.cz\/cs_cz\/wp-json\/wp\/v2\/posts\/41710\/revisions\/41712"}],"wp:featuredmedia":[{"embeddable":true,"href":"https:\/\/gnews.cz\/cs_cz\/wp-json\/wp\/v2\/media\/41711"}],"wp:attachment":[{"href":"https:\/\/gnews.cz\/cs_cz\/wp-json\/wp\/v2\/media?parent=41710"}],"wp:term":[{"taxonomy":"category","embeddable":true,"href":"https:\/\/gnews.cz\/cs_cz\/wp-json\/wp\/v2\/categories?post=41710"},{"taxonomy":"post_tag","embeddable":true,"href":"https:\/\/gnews.cz\/cs_cz\/wp-json\/wp\/v2\/tags?post=41710"}],"curies":[{"name":"wp","href":"https:\/\/api.w.org\/{rel}","templated":true}]}}