{"id":41728,"date":"2026-02-21T09:57:20","date_gmt":"2026-02-21T08:57:20","guid":{"rendered":"https:\/\/gnews.cz\/?p=41728"},"modified":"2026-03-01T10:43:34","modified_gmt":"2026-03-01T09:43:34","slug":"cinsky-vyslanec-zopakoval-ze-japonsko-neni-zpusobile-pro-stale-misto-v-rb-osn","status":"publish","type":"post","link":"https:\/\/gnews.cz\/cs_cz\/neprehlednete\/cinsky-vyslanec-zopakoval-ze-japonsko-neni-zpusobile-pro-stale-misto-v-rb-osn\/","title":{"rendered":"\u010c\u00ednsk\u00fd vyslanec zopakoval, \u017ee Japonsko \u201enen\u00ed zp\u016fsobil\u00e9\u201c pro st\u00e1l\u00e9 m\u00edsto v RB OSN"},"content":{"rendered":"\n<p id=\"wnd_TextBlock_51801772358113687289_inner_0\"><strong>\u010c\u00ednsk\u00fd st\u00e1l\u00fd z\u00e1stupce p\u0159i Organizaci spojen\u00fdch n\u00e1rod\u016f, Fu Cong, v p\u00e1tek zopakoval, \u017ee Japonsko nen\u00ed zp\u016fsobil\u00e9 uch\u00e1zet se o st\u00e1l\u00e9 m\u00edsto v Rad\u011b bezpe\u010dnosti OSN (RB OSN).<\/strong><\/p>\n\n\n\n<p id=\"wnd_TextBlock_51801772358113687289_inner_1\">Fu tyto v\u00fdroky p\u0159ednesl b\u011bhem mezivl\u00e1dn\u00ed jednac\u00ed sch\u016fze Valn\u00e9ho shrom\u00e1\u017ed\u011bn\u00ed OSN k ot\u00e1zce spravedliv\u00e9ho zastoupen\u00ed a roz\u0161\u00ed\u0159en\u00ed \u010dlenstv\u00ed Rady bezpe\u010dnosti.<\/p>\n\n\n\n<p id=\"wnd_TextBlock_51801772358113687289_inner_2\">Ve sv\u00e9m prohl\u00e1\u0161en\u00ed Fu uvedl, \u017ee Japonsko odm\u00edtlo reflektovat svou historii agresivn\u00edch \u010din\u016f, otev\u0159en\u011b naru\u0161ovalo pov\u00e1le\u010dn\u00fd mezin\u00e1rodn\u00ed \u0159\u00e1d a zasahovalo do suverenity jin\u00fdch st\u00e1t\u016f, \u010d\u00edm\u017e p\u0159edstavuje nov\u00e9 hrozby pro region\u00e1ln\u00ed m\u00edr a stabilitu. &#8222;Takov\u00e1 zem\u011b jednodu\u0161e nen\u00ed zp\u016fsobil\u00e1 po\u017eadovat st\u00e1l\u00e9 m\u00edsto v Rad\u011b bezpe\u010dnosti,&#8220; uvedl.<\/p>\n\n\n\n<p id=\"wnd_TextBlock_51801772358113687289_inner_3\">O den d\u0159\u00edve na jedn\u00e1n\u00ed OSN Fu varoval, \u017ee jak\u00fdkoliv vojensk\u00fd z\u00e1sah Japonska v ot\u00e1zce Taiwanu by \u010delil &#8222;p\u0159\u00edm\u00e9mu \u00faderu&#8220;.<\/p>\n\n\n\n<p id=\"wnd_TextBlock_51801772358113687289_inner_4\">B\u011bhem plen\u00e1rn\u00edho zased\u00e1n\u00ed zvl\u00e1\u0161tn\u00edho v\u00fdboru pro Chartu OSN a pos\u00edlen\u00ed role OSN \u0159ekl, \u017ee japonsk\u00e9 veden\u00ed v posledn\u00edch letech postupovalo proti proudu d\u011bjin. Japonsko explicitn\u011b spojilo ot\u00e1zku Taiwanu s \u00fadajn\u00fdm &#8222;ohro\u017een\u00edm p\u0159e\u017eit\u00ed&#8220;, reagovalo spekulativn\u011b na z\u00e1klad\u011b japonsko-americk\u00e9 aliance a pokusilo se pou\u017e\u00edt &#8222;sebeobranu&#8220; jako z\u00e1minku pro z\u00e1sah do ot\u00e1zky Taiwanu.<\/p>\n\n\n\n<p id=\"wnd_TextBlock_51801772358113687289_inner_5\">&#8222;Tyto chybn\u00e9 argumenty nemaj\u00ed \u017e\u00e1dn\u00fd pr\u00e1vn\u00ed z\u00e1klad,&#8220; uvedl Fu. &#8222;Taiwan je neodd\u011blitelnou sou\u010d\u00e1st\u00ed \u010d\u00ednsk\u00e9ho \u00fazem\u00ed a \u0159e\u0161en\u00ed ot\u00e1zky Taiwanu je vnit\u0159n\u00ed z\u00e1le\u017eitost\u00ed \u010c\u00edny. \u017d\u00e1dn\u00e1 jin\u00e1 zem\u011b nem\u00e1 pr\u00e1vo zasahovat, nato\u017e pou\u017e\u00edt s\u00edlu pod z\u00e1minkou tzv. &#8218;sebeobrany&#8216;.&#8220;<\/p>\n\n\n\n<p id=\"wnd_TextBlock_51801772358113687289_inner_6\">Fu upozornil, \u017ee takov\u00e9 argumenty zra\u0148uj\u00ed povinnosti Japonska jako pora\u017een\u00e9 zem\u011b, poru\u0161uj\u00ed K\u00e1hirskou deklaraci, Postupimskou proklamaci a Japonsk\u00fd kapitulace, stejn\u011b jako principy Charty OSN o respektov\u00e1n\u00ed suverenity, \u00fazemn\u00ed integrity a nezasahov\u00e1n\u00ed do vnit\u0159n\u00edch z\u00e1le\u017eitost\u00ed jin\u00fdch st\u00e1t\u016f.<\/p>\n\n\n\n<p id=\"wnd_TextBlock_51801772358113687289_inner_7\">&#8222;Tvrzen\u00ed p\u0159edstavuj\u00ed v\u00e1\u017enou v\u00fdzvu pro pov\u00e1le\u010dn\u00fd mezin\u00e1rodn\u00ed \u0159\u00e1d a m\u011bla by jim \u010delit ostra\u017eitost a odpor v\u0161ech m\u00edrumilovn\u00fdch zem\u00ed. Pokud Japonsko pod jakoukoliv z\u00e1minkou uplatn\u00ed pr\u00e1vo tzv. &#8218;kolektivn\u00ed sebeobrany&#8216; a zas\u00e1hne do ot\u00e1zky Taiwanu, bude to znamenat agresi proti \u010c\u00edn\u011b a \u010c\u00edna zas\u00e1hne p\u0159\u00edm\u00fdm \u00faderem,&#8220; dodal Fu.<\/p>\n\n\n\n<p id=\"wnd_TextBlock_51801772358113687289_inner_8\"><strong>\u0160ir\u0161\u00ed reforma RB OSN<\/strong><\/p>\n\n\n\n<p id=\"wnd_TextBlock_51801772358113687289_inner_9\">K reform\u011b RB OSN Fu v p\u00e1tek zd\u016fraznil t\u0159i body:<\/p>\n\n\n\n<ol id=\"wnd_TextBlock_51801772358113687289_inner_10\" class=\"wp-block-list\">\n<li>Rada bezpe\u010dnosti by se nem\u011bla st\u00e1t &#8222;klubem&#8220; pro velk\u00e9 \u010di bohat\u00e9 mocnosti a reforma nesm\u00ed prosp\u00edvat jen n\u011bkolika st\u00e1t\u016fm.<\/li>\n\n\n\n<li>Je t\u0159eba zv\u00fd\u0161it zastoupen\u00ed a hlas rozvojov\u00fdch zem\u00ed, zapojit v\u00edce mal\u00fdch a st\u0159edn\u00edch st\u00e1t\u016f s nez\u00e1vislou zahrani\u010dn\u00ed politikou a napravit historickou nespravedlnost, kter\u00e9 \u010del\u00ed Afrika, s prioritn\u00edm zohledn\u011bn\u00edm africk\u00fdch po\u017eadavk\u016f.<\/li>\n\n\n\n<li>Reforma by se nem\u011bla omezovat na sou\u010dasnou glob\u00e1ln\u00ed mocenskou strukturu, ale m\u011bla by b\u00fdt \u0159\u00edzena strategickou a dlouhodobou viz\u00ed.<\/li>\n<\/ol>\n\n\n\n<p id=\"wnd_TextBlock_51801772358113687289_inner_11\"><strong><a href=\"https:\/\/news.cgtn.com\/news\/2026-02-21\/Chinese-envoy-reiterates-Japan-not-qualified-for-UNSC-permanent-seat-1KWr5ciIF5C\/p.html\" target=\"_blank\" rel=\"noreferrer noopener\">CMG<\/a><\/strong><\/p>\n","protected":false},"excerpt":{"rendered":"<p>\u010c\u00ednsk\u00fd st\u00e1l\u00fd z\u00e1stupce p\u0159i Organizaci spojen\u00fdch n\u00e1rod\u016f, Fu Cong, v p\u00e1tek zopakoval, \u017ee Japonsko nen\u00ed zp\u016fsobil\u00e9 uch\u00e1zet se o st\u00e1l\u00e9 m\u00edsto v&hellip;<\/p>\n","protected":false},"author":6,"featured_media":41729,"comment_status":"open","ping_status":"closed","sticky":false,"template":"","format":"standard","meta":{"_acf_changed":false,"_lmt_disableupdate":"","_lmt_disable":"","footnotes":""},"categories":[3,7,2973],"tags":[18,8317,24,493,10938],"class_list":["post-41728","post","type-post","status-publish","format-standard","has-post-thumbnail","hentry","category-neprehlednete","category-politika","category-zahranicni","tag-cmg","tag-fu-cong","tag-japonsko","tag-rb-osn","tag-reforma-osn"],"acf":[],"aioseo_notices":[],"_links":{"self":[{"href":"https:\/\/gnews.cz\/cs_cz\/wp-json\/wp\/v2\/posts\/41728","targetHints":{"allow":["GET"]}}],"collection":[{"href":"https:\/\/gnews.cz\/cs_cz\/wp-json\/wp\/v2\/posts"}],"about":[{"href":"https:\/\/gnews.cz\/cs_cz\/wp-json\/wp\/v2\/types\/post"}],"author":[{"embeddable":true,"href":"https:\/\/gnews.cz\/cs_cz\/wp-json\/wp\/v2\/users\/6"}],"replies":[{"embeddable":true,"href":"https:\/\/gnews.cz\/cs_cz\/wp-json\/wp\/v2\/comments?post=41728"}],"version-history":[{"count":1,"href":"https:\/\/gnews.cz\/cs_cz\/wp-json\/wp\/v2\/posts\/41728\/revisions"}],"predecessor-version":[{"id":41730,"href":"https:\/\/gnews.cz\/cs_cz\/wp-json\/wp\/v2\/posts\/41728\/revisions\/41730"}],"wp:featuredmedia":[{"embeddable":true,"href":"https:\/\/gnews.cz\/cs_cz\/wp-json\/wp\/v2\/media\/41729"}],"wp:attachment":[{"href":"https:\/\/gnews.cz\/cs_cz\/wp-json\/wp\/v2\/media?parent=41728"}],"wp:term":[{"taxonomy":"category","embeddable":true,"href":"https:\/\/gnews.cz\/cs_cz\/wp-json\/wp\/v2\/categories?post=41728"},{"taxonomy":"post_tag","embeddable":true,"href":"https:\/\/gnews.cz\/cs_cz\/wp-json\/wp\/v2\/tags?post=41728"}],"curies":[{"name":"wp","href":"https:\/\/api.w.org\/{rel}","templated":true}]}}