{"id":41750,"date":"2026-02-25T11:27:18","date_gmt":"2026-02-25T10:27:18","guid":{"rendered":"https:\/\/gnews.cz\/?p=41750"},"modified":"2026-03-01T11:31:17","modified_gmt":"2026-03-01T10:31:17","slug":"cina-a-nemecko-vydaly-spolecne-prohlaseni-s-prislibem-prohloubeni-vzajemne-vyhodne-spoluprace","status":"publish","type":"post","link":"https:\/\/gnews.cz\/cs_cz\/ekonomika\/cina-a-nemecko-vydaly-spolecne-prohlaseni-s-prislibem-prohloubeni-vzajemne-vyhodne-spoluprace\/","title":{"rendered":"\u010c\u00edna a N\u011bmecko vydaly spole\u010dn\u00e9 prohl\u00e1\u0161en\u00ed s p\u0159\u00edslibem prohlouben\u00ed vz\u00e1jemn\u011b v\u00fdhodn\u00e9 spolupr\u00e1ce"},"content":{"rendered":"\n<p id=\"wnd_TextBlock_14301772361015228183_inner_0\"><strong>\u010c\u00edna a N\u011bmecko ve st\u0159edu vydaly spole\u010dn\u00e9 prohl\u00e1\u0161en\u00ed, v n\u011bm\u017e potvrdily, \u017ee vz\u00e1jemn\u00fd respekt, oboustrann\u00e1 v\u00fdhoda a princip win-win, pokra\u010duj\u00edc\u00ed otev\u0159en\u00fd dialog a spolupr\u00e1ce p\u0159i \u0159e\u0161en\u00ed spole\u010dn\u00fdch v\u00fdzev jsou z\u00e1kladn\u00edmi principy rozvoje \u010d\u00ednsko-n\u011bmeck\u00fdch vztah\u016f.<\/strong><\/p>\n\n\n\n<p id=\"wnd_TextBlock_14301772361015228183_inner_1\">Ob\u011b strany zd\u016fraznily, \u017ee hospod\u00e1\u0159sk\u00e1 a obchodn\u00ed spolupr\u00e1ce je d\u016fle\u017eitou sou\u010d\u00e1st\u00ed bilater\u00e1ln\u00edch vztah\u016f a vyj\u00e1d\u0159ily ochotu prohloubit vz\u00e1jemn\u011b v\u00fdhodnou spolupr\u00e1ci.<\/p>\n\n\n\n<p id=\"wnd_TextBlock_14301772361015228183_inner_2\">Ob\u011b strany jsou rovn\u011b\u017e ochotny n\u00e1le\u017eit\u011b \u0159e\u0161it vz\u00e1jemn\u00e9 obavy prost\u0159ednictv\u00edm up\u0159\u00edmn\u00e9ho a otev\u0159en\u00e9ho dialogu, aby byla zaji\u0161t\u011bna dlouhodob\u00e1, vyv\u00e1\u017een\u00e1, spolehliv\u00e1 a udr\u017eiteln\u00e1 hospod\u00e1\u0159sk\u00e1 a obchodn\u00ed spolupr\u00e1ce.<\/p>\n\n\n\n<p id=\"wnd_TextBlock_14301772361015228183_inner_3\"><strong><a href=\"https:\/\/news.cgtn.com\/news\/2026-02-25\/China-Germany-issue-joint-statement-pledging-deepened-cooperation-1L3Fkyb6vw4\/p.html\" target=\"_blank\" rel=\"noreferrer noopener\">CMG<\/a><\/strong><\/p>\n","protected":false},"excerpt":{"rendered":"<p>\u010c\u00edna a N\u011bmecko ve st\u0159edu vydaly spole\u010dn\u00e9 prohl\u00e1\u0161en\u00ed, v n\u011bm\u017e potvrdily, \u017ee vz\u00e1jemn\u00fd respekt, oboustrann\u00e1 v\u00fdhoda a princip win-win, pokra\u010duj\u00edc\u00ed otev\u0159en\u00fd dialog&hellip;<\/p>\n","protected":false},"author":6,"featured_media":41751,"comment_status":"open","ping_status":"closed","sticky":false,"template":"","format":"standard","meta":{"_acf_changed":false,"_lmt_disableupdate":"","_lmt_disable":"","footnotes":""},"categories":[4,2973],"tags":[22,18,173,2421,714],"class_list":["post-41750","post","type-post","status-publish","format-standard","has-post-thumbnail","hentry","category-ekonomika","category-zahranicni","tag-cina","tag-cmg","tag-nemecko","tag-obchod","tag-spoluprace"],"acf":[],"aioseo_notices":[],"_links":{"self":[{"href":"https:\/\/gnews.cz\/cs_cz\/wp-json\/wp\/v2\/posts\/41750","targetHints":{"allow":["GET"]}}],"collection":[{"href":"https:\/\/gnews.cz\/cs_cz\/wp-json\/wp\/v2\/posts"}],"about":[{"href":"https:\/\/gnews.cz\/cs_cz\/wp-json\/wp\/v2\/types\/post"}],"author":[{"embeddable":true,"href":"https:\/\/gnews.cz\/cs_cz\/wp-json\/wp\/v2\/users\/6"}],"replies":[{"embeddable":true,"href":"https:\/\/gnews.cz\/cs_cz\/wp-json\/wp\/v2\/comments?post=41750"}],"version-history":[{"count":1,"href":"https:\/\/gnews.cz\/cs_cz\/wp-json\/wp\/v2\/posts\/41750\/revisions"}],"predecessor-version":[{"id":41752,"href":"https:\/\/gnews.cz\/cs_cz\/wp-json\/wp\/v2\/posts\/41750\/revisions\/41752"}],"wp:featuredmedia":[{"embeddable":true,"href":"https:\/\/gnews.cz\/cs_cz\/wp-json\/wp\/v2\/media\/41751"}],"wp:attachment":[{"href":"https:\/\/gnews.cz\/cs_cz\/wp-json\/wp\/v2\/media?parent=41750"}],"wp:term":[{"taxonomy":"category","embeddable":true,"href":"https:\/\/gnews.cz\/cs_cz\/wp-json\/wp\/v2\/categories?post=41750"},{"taxonomy":"post_tag","embeddable":true,"href":"https:\/\/gnews.cz\/cs_cz\/wp-json\/wp\/v2\/tags?post=41750"}],"curies":[{"name":"wp","href":"https:\/\/api.w.org\/{rel}","templated":true}]}}