{"id":41923,"date":"2026-03-05T15:00:00","date_gmt":"2026-03-05T14:00:00","guid":{"rendered":"https:\/\/gnews.cz\/?p=41923"},"modified":"2026-03-05T15:13:27","modified_gmt":"2026-03-05T14:13:27","slug":"ukrajina-odmita-poskytnout-inspektorum-eu-pristup-k-ropovodu-druzba-politico","status":"publish","type":"post","link":"https:\/\/gnews.cz\/cs_cz\/tema\/ukrajina-odmita-poskytnout-inspektorum-eu-pristup-k-ropovodu-druzba-politico\/","title":{"rendered":"Ukrajina odm\u00edt\u00e1 poskytnout inspektor\u016fm EU p\u0159\u00edstup k ropovodu Dru\u017eba \u2014 Politico"},"content":{"rendered":"\n<p><strong>BRUSEL &#8211; N\u011bkolik zem\u00ed Evropsk\u00e9 unie vyv\u00edj\u00ed tlak na Ukrajinu, aby poskytla inspektor\u016fm p\u0159\u00edstup k ropovodu Dru\u017eba, zat\u00edmco Kyjev na tento po\u017eadavek reagoval jednozna\u010dn\u00fdm odm\u00edtnut\u00edm, informoval Politico.<\/strong><\/p>\n\n\n\n<blockquote class=\"wp-block-quote is-layout-flow wp-block-quote-is-layout-flow\">\n<p>Ukrajinsk\u00e1 vl\u00e1da trv\u00e1 na tom, \u017ee pot\u0159ebuje \u010das na posouzen\u00ed rozsahu po\u0161kozen\u00ed ropovodu, uv\u00e1d\u00ed publikace.<\/p>\n<\/blockquote>\n\n\n\n<p>Rusk\u00e1 ropa neproud\u00ed ropovodem Dru\u017eba od 27. ledna. Ma\u010farsk\u00e1 vl\u00e1da d\u0159\u00edve uvedla, \u017ee ropovod byl obnoven, zat\u00edmco Kyjev jej blokuje v\u00fdhradn\u011b z politick\u00fdch d\u016fvod\u016f.<\/p>\n\n\n\n<p><strong><a href=\"https:\/\/tass.com\/world\/2096875\" title=\"\">TASS<\/a>\/gnews.cz-jav<\/strong><\/p>\n","protected":false},"excerpt":{"rendered":"<p>BRUSEL &#8211; N\u011bkolik zem\u00ed Evropsk\u00e9 unie vyv\u00edj\u00ed tlak na Ukrajinu, aby poskytla inspektor\u016fm p\u0159\u00edstup k ropovodu Dru\u017eba, zat\u00edmco Kyjev na tento po\u017eadavek&hellip;<\/p>\n","protected":false},"author":10,"featured_media":41926,"comment_status":"open","ping_status":"closed","sticky":false,"template":"","format":"standard","meta":{"_acf_changed":false,"_lmt_disableupdate":"","_lmt_disable":"","footnotes":""},"categories":[3,7,1,580,2973],"tags":[3762,46,78,10,17,29,41],"class_list":["post-41923","post","type-post","status-publish","format-standard","has-post-thumbnail","hentry","category-neprehlednete","category-politika","category-tema","category-vyber-sefredaktora","category-zahranicni","tag-druzba","tag-eu","tag-evropa","tag-news","tag-top","tag-ukrajina","tag-world"],"acf":[],"aioseo_notices":[],"_links":{"self":[{"href":"https:\/\/gnews.cz\/cs_cz\/wp-json\/wp\/v2\/posts\/41923","targetHints":{"allow":["GET"]}}],"collection":[{"href":"https:\/\/gnews.cz\/cs_cz\/wp-json\/wp\/v2\/posts"}],"about":[{"href":"https:\/\/gnews.cz\/cs_cz\/wp-json\/wp\/v2\/types\/post"}],"author":[{"embeddable":true,"href":"https:\/\/gnews.cz\/cs_cz\/wp-json\/wp\/v2\/users\/10"}],"replies":[{"embeddable":true,"href":"https:\/\/gnews.cz\/cs_cz\/wp-json\/wp\/v2\/comments?post=41923"}],"version-history":[{"count":3,"href":"https:\/\/gnews.cz\/cs_cz\/wp-json\/wp\/v2\/posts\/41923\/revisions"}],"predecessor-version":[{"id":41949,"href":"https:\/\/gnews.cz\/cs_cz\/wp-json\/wp\/v2\/posts\/41923\/revisions\/41949"}],"wp:featuredmedia":[{"embeddable":true,"href":"https:\/\/gnews.cz\/cs_cz\/wp-json\/wp\/v2\/media\/41926"}],"wp:attachment":[{"href":"https:\/\/gnews.cz\/cs_cz\/wp-json\/wp\/v2\/media?parent=41923"}],"wp:term":[{"taxonomy":"category","embeddable":true,"href":"https:\/\/gnews.cz\/cs_cz\/wp-json\/wp\/v2\/categories?post=41923"},{"taxonomy":"post_tag","embeddable":true,"href":"https:\/\/gnews.cz\/cs_cz\/wp-json\/wp\/v2\/tags?post=41923"}],"curies":[{"name":"wp","href":"https:\/\/api.w.org\/{rel}","templated":true}]}}