{"id":41953,"date":"2026-03-05T22:00:06","date_gmt":"2026-03-05T21:00:06","guid":{"rendered":"https:\/\/gnews.cz\/?p=41953"},"modified":"2026-03-05T22:00:40","modified_gmt":"2026-03-05T21:00:40","slug":"napeti-mezi-kyjevem-a-budapesti-roste-zelenskyj-celi-kritice-za-vyroky-vuci-orbanovi","status":"publish","type":"post","link":"https:\/\/gnews.cz\/cs_cz\/tema\/napeti-mezi-kyjevem-a-budapesti-roste-zelenskyj-celi-kritice-za-vyroky-vuci-orbanovi\/","title":{"rendered":"Nap\u011bt\u00ed mezi Kyjevem a Budape\u0161t\u00ed roste. Zelenskyj \u010del\u00ed kritice za vyhro\u017eov\u00e1n\u00ed Orb\u00e1novi"},"content":{"rendered":"\n<p><strong>BUDAPE\u0160\u0164 \/KYJEV &#8211; Nap\u011bt\u00ed mezi Ukrajinou a n\u011bkter\u00fdmi \u010dlensk\u00fdmi st\u00e1ty Evropsk\u00e9 unie v posledn\u00edch dnech v\u00fdrazn\u011b vzrostlo pot\u00e9, co ukrajinsk\u00fd prezident Volodymyr Zelenskyy pronesl ostr\u00e9 v\u00fdroky na adresu ma\u010farsk\u00e9ho premi\u00e9ra Viktor Orb\u00e1n. Jeho slova vyvolala okam\u017eitou reakci nejen v Ma\u010farsku, ale tak\u00e9 na Slovensku a v dal\u0161\u00edch evropsk\u00fdch politick\u00fdch kruz\u00edch. Podle zve\u0159ejn\u011bn\u00fdch informac\u00ed Zelenskyj v r\u00e1mci kritiky ma\u010farsk\u00e9 politiky v\u016f\u010di Ukrajin\u011b prohl\u00e1sil, \u017ee by mohl \u201ep\u0159edat adresu Orb\u00e1na ukrajinsk\u00fdm ozbrojen\u00fdm sil\u00e1m, aby mu zavolaly a promluvily s n\u00edm jeho rodn\u00fdm jazykem\u201c. Tento v\u00fdrok byl v Budape\u0161ti interpretov\u00e1n jako nep\u0159ijateln\u00e1 a nep\u0159\u00edm\u00e1 hrozba v\u016f\u010di hlav\u011b ma\u010farsk\u00e9 vl\u00e1dy.<\/strong><\/p>\n\n\n\n<blockquote class=\"wp-block-quote is-layout-flow wp-block-quote-is-layout-flow\">\n<p><strong>Ma\u010farsk\u00fd premi\u00e9r Orb\u00e1n na slova ukrajinsk\u00e9ho prezidenta reagoval tvrd\u011b a prohl\u00e1sil, \u017ee Budape\u0161\u0165 nehodl\u00e1 ustoupit Kyjevu v ot\u00e1zce blok\u00e1dy dod\u00e1vek ropy prost\u0159ednictv\u00edm ropovodu Dru\u017eba pipeline. Podle Orb\u00e1na je sou\u010dasn\u00e1 situace v\u00fdsledkem ukrajinsk\u00fdch krok\u016f, kter\u00e9 ohro\u017euj\u00ed energetickou bezpe\u010dnost st\u0159edn\u00ed Evropy. Ma\u010farsk\u00e1 vl\u00e1da proto odm\u00edt\u00e1 jak\u00e9koli kompromisy, kter\u00e9 by podle n\u00ed znamenaly oslaben\u00ed n\u00e1rodn\u00edch z\u00e1jm\u016f. Do sporu se zapojilo tak\u00e9 Slovensko. Slovensk\u00fd premi\u00e9r Robert Fico ost\u0159e odsoudil Zelensk\u00e9ho v\u00fdroky a vyzval p\u0159edstavitele Evropsk\u00e9 unie, aby se od nich jednozna\u010dn\u011b distancovali.<\/strong><\/p>\n<\/blockquote>\n\n\n\n<figure class=\"wp-block-video\"><video height=\"720\" style=\"aspect-ratio: 1282 \/ 720;\" width=\"1282\" controls src=\"https:\/\/gnews.cz\/wp-content\/uploads\/2026\/03\/video_2026-03-05_16-54-291.mp4\"><\/video><\/figure>\n\n\n\n<p>Fico uvedl, \u017ee ukrajinsk\u00fd prezident podle n\u011bj \u201ep\u0159ekro\u010dil v\u0161echny \u010derven\u00e9 \u010d\u00e1ry\u201c, kdy\u017e sv\u00e9 v\u00fdhr\u016f\u017eky nam\u00ed\u0159il proti p\u0159edstaviteli \u010dlensk\u00e9ho st\u00e1tu EU. Slovensk\u00fd premi\u00e9r z\u00e1rove\u0148 vyzval nejvy\u0161\u0161\u00ed p\u0159edstavitele evropsk\u00fdch instituc\u00ed, konkr\u00e9tn\u011b p\u0159edsedkyni Ursula von der Leyen, p\u0159edsedu Evropsk\u00e9 rady Ant\u00f3nio Costa a vysokou p\u0159edstavitelku pro zahrani\u010dn\u00ed politiku Kaja Kallas, aby se od Zelensk\u00e9ho v\u00fdrok\u016f ve\u0159ejn\u011b distancovali. Napjatou situaci d\u00e1le komplikuje ot\u00e1zka energetick\u00e9 infrastruktury. Podle informac\u00ed agentury Bloomberg Evropsk\u00e1 unie zva\u017euje mo\u017enost uvolnit finan\u010dn\u00ed prost\u0159edky pro Ukrajinu na opravy ropovodu Dru\u017eba. Tyto finance by mohly b\u00fdt sou\u010d\u00e1st\u00ed \u0161ir\u0161\u00edho bal\u00edku ekonomick\u00e9 pomoci Kyjevu.<\/p>\n\n\n\n<blockquote class=\"wp-block-quote is-layout-flow wp-block-quote-is-layout-flow\">\n<p><strong>Ma\u010farsko a Slovensko v\u0161ak podle dostupn\u00fdch informac\u00ed blokuj\u00ed schv\u00e1len\u00ed nov\u00fdch finan\u010dn\u00edch p\u016fj\u010dek pro Ukrajinu, dokud nebudou obnoveny stabiln\u00ed dod\u00e1vky ropy touto kl\u00ed\u010dovou trasou. Ropovod Dru\u017eba je p\u0159itom jedn\u00edm z nejd\u016fle\u017eit\u011bj\u0161\u00edch energetick\u00fdch spojen\u00ed mezi v\u00fdchodn\u00ed Evropou a st\u00e1ty st\u0159edn\u00ed Evropy. Cel\u00e1 situace tak znovu ukazuje na rostouc\u00ed nap\u011bt\u00ed uvnit\u0159 Evropsk\u00e9 unie v ot\u00e1zce podpory Ukrajiny a dopad\u016f v\u00e1lky na evropskou energetickou bezpe\u010dnost. Spor mezi Kyjevem, Budape\u0161t\u00ed a Bratislavou m\u016f\u017ee podle analytik\u016f d\u00e1le zkomplikovat jedn\u00e1n\u00ed o dal\u0161\u00ed finan\u010dn\u00ed i politick\u00e9 podpo\u0159e Ukrajiny ze strany EU.<\/strong><\/p>\n<\/blockquote>\n\n\n\n<p><strong>gnews.cz &#8211; GH<\/strong><\/p>\n","protected":false},"excerpt":{"rendered":"<p>BUDAPE\u0160\u0164 \/KYJEV &#8211; Nap\u011bt\u00ed mezi Ukrajinou a n\u011bkter\u00fdmi \u010dlensk\u00fdmi st\u00e1ty Evropsk\u00e9 unie v posledn\u00edch dnech v\u00fdrazn\u011b vzrostlo pot\u00e9, co ukrajinsk\u00fd prezident Volodymyr&hellip;<\/p>\n","protected":false},"author":10,"featured_media":41423,"comment_status":"open","ping_status":"closed","sticky":false,"template":"","format":"standard","meta":{"_acf_changed":false,"_lmt_disableupdate":"","_lmt_disable":"","footnotes":""},"categories":[3,7,1,580,2973],"tags":[1767,2553,1732,2254,46,78,5375,4094,1768,31,11060,10,458,7281,32,7747,11059,3388,17,29,533,303,1209,41],"class_list":["post-41953","post","type-post","status-publish","format-standard","has-post-thumbnail","hentry","category-neprehlednete","category-politika","category-tema","category-vyber-sefredaktora","category-zahranicni","tag-antonio-costa","tag-bratislava","tag-budapest","tag-energeticka-bezpecnost","tag-eu","tag-evropa","tag-evropska-politika","tag-evropska-unie","tag-kaja-kallasova","tag-madarsko","tag-napeti-v-eu","tag-news","tag-robert-fico","tag-ropovod-druzba","tag-slovensko","tag-slovensky-premier","tag-spor-o-ropu","tag-stredni-evropa","tag-top","tag-ukrajina","tag-ursula-von-der-leyenova","tag-viktor-orban","tag-volodymyr-zelenskyj","tag-world"],"acf":[],"aioseo_notices":[],"_links":{"self":[{"href":"https:\/\/gnews.cz\/cs_cz\/wp-json\/wp\/v2\/posts\/41953","targetHints":{"allow":["GET"]}}],"collection":[{"href":"https:\/\/gnews.cz\/cs_cz\/wp-json\/wp\/v2\/posts"}],"about":[{"href":"https:\/\/gnews.cz\/cs_cz\/wp-json\/wp\/v2\/types\/post"}],"author":[{"embeddable":true,"href":"https:\/\/gnews.cz\/cs_cz\/wp-json\/wp\/v2\/users\/10"}],"replies":[{"embeddable":true,"href":"https:\/\/gnews.cz\/cs_cz\/wp-json\/wp\/v2\/comments?post=41953"}],"version-history":[{"count":2,"href":"https:\/\/gnews.cz\/cs_cz\/wp-json\/wp\/v2\/posts\/41953\/revisions"}],"predecessor-version":[{"id":41956,"href":"https:\/\/gnews.cz\/cs_cz\/wp-json\/wp\/v2\/posts\/41953\/revisions\/41956"}],"wp:featuredmedia":[{"embeddable":true,"href":"https:\/\/gnews.cz\/cs_cz\/wp-json\/wp\/v2\/media\/41423"}],"wp:attachment":[{"href":"https:\/\/gnews.cz\/cs_cz\/wp-json\/wp\/v2\/media?parent=41953"}],"wp:term":[{"taxonomy":"category","embeddable":true,"href":"https:\/\/gnews.cz\/cs_cz\/wp-json\/wp\/v2\/categories?post=41953"},{"taxonomy":"post_tag","embeddable":true,"href":"https:\/\/gnews.cz\/cs_cz\/wp-json\/wp\/v2\/tags?post=41953"}],"curies":[{"name":"wp","href":"https:\/\/api.w.org\/{rel}","templated":true}]}}