{"id":42345,"date":"2026-03-14T09:04:38","date_gmt":"2026-03-14T08:04:38","guid":{"rendered":"https:\/\/gnews.cz\/?p=42345"},"modified":"2026-03-14T09:05:01","modified_gmt":"2026-03-14T08:05:01","slug":"svedska-prokuratura-se-rozhodla-zadrzet-kapitana-lodi-sea-owl-pro-podezreni-z-pouziti-falesnych-dokladu","status":"publish","type":"post","link":"https:\/\/gnews.cz\/cs_cz\/politika\/svedska-prokuratura-se-rozhodla-zadrzet-kapitana-lodi-sea-owl-pro-podezreni-z-pouziti-falesnych-dokladu\/","title":{"rendered":"\u0160v\u00e9dsk\u00e1 prokuratura se rozhodla zadr\u017eet kapit\u00e1na lodi Sea Owl pro podez\u0159en\u00ed z pou\u017eit\u00ed fale\u0161n\u00fdch doklad\u016f"},"content":{"rendered":"\n<p><strong>STOCKHOLM, 13. b\u0159ezna. Kapit\u00e1n lodi Sea Owl I byl ve \u0160v\u00e9dsku zadr\u017een pro podez\u0159en\u00ed z pou\u017eit\u00ed fale\u0161n\u00fdch doklad\u016f, uvedla prokuratura.<\/strong><\/p>\n\n\n\n<blockquote class=\"wp-block-quote is-layout-flow wp-block-quote-is-layout-flow\">\n<p><strong>\u201eB\u011bhem dne byly na palub\u011b lodi provedeny prohl\u00eddky a byli vysl\u00fdch\u00e1ni \u010dlenov\u00e9 pos\u00e1dky. S ohledem na v\u00fdsledky p\u0159edb\u011b\u017en\u00e9ho vy\u0161et\u0159ov\u00e1n\u00ed jsem se rozhodl kapit\u00e1na &lt;\u2026> zadr\u017eet pro podez\u0159en\u00ed z pou\u017eit\u00ed pad\u011blan\u00fdch doklad\u016f, co\u017e p\u0159edstavuje trestn\u00fd \u010din,\u201c uvedl st\u00e1tn\u00ed z\u00e1stupce Adrien Combier-Hogg.<\/strong><\/p>\n<\/blockquote>\n\n\n\n<p>Kapit\u00e1n bude o v\u00edkendu vysl\u00fdch\u00e1n za p\u0159\u00edtomnosti ve\u0159ejn\u00e9ho ochr\u00e1nce a st\u00e1tn\u00ed z\u00e1stupce do poledne 16. b\u0159ezna rozhodne o jeho vzet\u00ed do vazby nebo propu\u0161t\u011bn\u00ed.<\/p>\n\n\n\n<p>\u0160v\u00e9dsk\u00e1 pob\u0159e\u017en\u00ed str\u00e1\u017e ve \u010dtvrtek ozn\u00e1mila, \u017ee zadr\u017eela tanker Sea Owl I, kter\u00fd proplouval \u0161v\u00e9dsk\u00fdmi teritori\u00e1ln\u00edmi vodami pravd\u011bpodobn\u011b do Ruska. Podle \u0161v\u00e9dsk\u00e9 prokuratury byl kapit\u00e1n lodi, rusk\u00fd st\u00e1tn\u00ed p\u0159\u00edslu\u0161n\u00edk, podez\u0159el\u00fd z pou\u017eit\u00ed fale\u0161n\u00fdch doklad\u016f. \u010clenov\u00e9 pos\u00e1dky nebyli zadr\u017eeni. Rusk\u00fd velvyslanec ve \u0160v\u00e9dsku Sergej Beljajev sd\u011blil, \u017ee velvyslanectv\u00ed situaci bedliv\u011b sleduje a je p\u0159ipraveno poskytnout ve\u0161kerou nezbytnou konzul\u00e1rn\u00ed pomoc.<\/p>\n\n\n\n<p><strong><a href=\"https:\/\/tass.com\/world\/2101481\" title=\"\">TASS<\/a>\/gnews.cz-jav<\/strong><\/p>\n","protected":false},"excerpt":{"rendered":"<p>STOCKHOLM, 13. b\u0159ezna. Kapit\u00e1n lodi Sea Owl I byl ve \u0160v\u00e9dsku zadr\u017een pro podez\u0159en\u00ed z pou\u017eit\u00ed fale\u0161n\u00fdch doklad\u016f, uvedla prokuratura. \u201eB\u011bhem dne&hellip;<\/p>\n","protected":false},"author":10,"featured_media":42346,"comment_status":"open","ping_status":"closed","sticky":false,"template":"","format":"standard","meta":{"_acf_changed":false,"_lmt_disableupdate":"","_lmt_disable":"","footnotes":""},"categories":[7,658,2973],"tags":[11389,11388,11387,10,3994,11392,11386,11391,11390,11385,11384,17,41],"class_list":["post-42345","post","type-post","status-publish","format-standard","has-post-thumbnail","hentry","category-politika","category-prectete-si","category-zahranicni","tag-adrien-combier-hogg","tag-falesne-doklady","tag-kapitan-lodi","tag-news","tag-prokuratura","tag-rusky-velvyslanec","tag-sea-owl","tag-sergej-beljajev","tag-statni-zastupce","tag-stockholm","tag-svecko","tag-top","tag-world"],"acf":[],"aioseo_notices":[],"_links":{"self":[{"href":"https:\/\/gnews.cz\/cs_cz\/wp-json\/wp\/v2\/posts\/42345","targetHints":{"allow":["GET"]}}],"collection":[{"href":"https:\/\/gnews.cz\/cs_cz\/wp-json\/wp\/v2\/posts"}],"about":[{"href":"https:\/\/gnews.cz\/cs_cz\/wp-json\/wp\/v2\/types\/post"}],"author":[{"embeddable":true,"href":"https:\/\/gnews.cz\/cs_cz\/wp-json\/wp\/v2\/users\/10"}],"replies":[{"embeddable":true,"href":"https:\/\/gnews.cz\/cs_cz\/wp-json\/wp\/v2\/comments?post=42345"}],"version-history":[{"count":1,"href":"https:\/\/gnews.cz\/cs_cz\/wp-json\/wp\/v2\/posts\/42345\/revisions"}],"predecessor-version":[{"id":42347,"href":"https:\/\/gnews.cz\/cs_cz\/wp-json\/wp\/v2\/posts\/42345\/revisions\/42347"}],"wp:featuredmedia":[{"embeddable":true,"href":"https:\/\/gnews.cz\/cs_cz\/wp-json\/wp\/v2\/media\/42346"}],"wp:attachment":[{"href":"https:\/\/gnews.cz\/cs_cz\/wp-json\/wp\/v2\/media?parent=42345"}],"wp:term":[{"taxonomy":"category","embeddable":true,"href":"https:\/\/gnews.cz\/cs_cz\/wp-json\/wp\/v2\/categories?post=42345"},{"taxonomy":"post_tag","embeddable":true,"href":"https:\/\/gnews.cz\/cs_cz\/wp-json\/wp\/v2\/tags?post=42345"}],"curies":[{"name":"wp","href":"https:\/\/api.w.org\/{rel}","templated":true}]}}