{"id":42365,"date":"2026-03-14T21:17:39","date_gmt":"2026-03-14T20:17:39","guid":{"rendered":"https:\/\/gnews.cz\/?p=42365"},"modified":"2026-03-14T21:17:42","modified_gmt":"2026-03-14T20:17:42","slug":"teheran-a-washington-dokazaly-pred-utoky-dosahnout-dobreho-pokroku-nejvyssi-iransky-diplomat","status":"publish","type":"post","link":"https:\/\/gnews.cz\/cs_cz\/tema\/teheran-a-washington-dokazaly-pred-utoky-dosahnout-dobreho-pokroku-nejvyssi-iransky-diplomat\/","title":{"rendered":"Teher\u00e1n a Washington dok\u00e1zaly p\u0159ed \u00fatoky dos\u00e1hnout dobr\u00e9ho pokroku \u2013 nejvy\u0161\u0161\u00ed \u00edr\u00e1nsk\u00fd diplomat"},"content":{"rendered":"\n<p><strong>NEW YORK, 14. b\u0159ezna. \u00cdr\u00e1n a Spojen\u00e9 st\u00e1ty dok\u00e1zaly na \u017eenevsk\u00fdch jedn\u00e1n\u00edch 26. \u00fanora dos\u00e1hnout dobr\u00e9ho pokroku a Teher\u00e1n byl p\u0159ipraven k velk\u00e9mu \u00fastupku, ale Washington si z\u0159ejm\u011b \u0161patn\u011b vylo\u017eil postoj Isl\u00e1msk\u00e9 republiky, \u0159ekl v rozhovoru pro MS Now \u00edr\u00e1nsk\u00fd ministr zahrani\u010d\u00ed Abb\u00e1s Arag\u010d\u010d\u00ed.<\/strong><\/p>\n\n\n\n<blockquote class=\"wp-block-quote is-layout-flow wp-block-quote-is-layout-flow\">\n<p><strong>\u201eNikdy jsem ne\u0159ekl, \u017ee budeme vyr\u00e1b\u011bt bomby. \u0158ekl jsem, \u017ee m\u00e1me 440 kilogram\u016f 60% obohacen\u00e9ho materi\u00e1lu, a to nebylo \u017e\u00e1dn\u00e9 tajemstv\u00ed. To je zm\u00edn\u011bno ve zpr\u00e1v\u00e1ch MAAE. Tak\u017ee jsem \u0159ekl, \u017ee se to ve zpr\u00e1v\u011b zmi\u0148uje. Pokud by se obohatilo v\u00edce, mohlo by to sta\u010dit na 10 bomb, jak tvrd\u00ed va\u0161i vlastn\u00ed experti. Tak\u017ee jsme p\u0159ipraveni se jich vzd\u00e1t a &lt;\u2026> jsme p\u0159ipraveni je z\u0159edit, sm\u00edchat je na ni\u017e\u0161\u00ed stupn\u011b. A t\u00edm jsem cht\u011bl \u0159\u00edct, \u017ee \u00fastupek, kter\u00fd &lt;\u2026> d\u011bl\u00e1me, je opravdu velk\u00fd,\u201c vzpom\u00ednal Araghchi. \u201eAle jak to interpretovali? Nev\u00edm. Mo\u017en\u00e1 kv\u016fli nedostatku znalost\u00ed, mo\u017en\u00e1 kv\u016fli &lt;\u2026> \u00famysl\u016fm ospravedlnit, jak jsem \u0159ekl, akt agrese, kter\u00fd nelze ospravedlnit,\u201c zd\u016fraznil.<\/strong><\/p>\n<\/blockquote>\n\n\n\n<p><strong><a href=\"https:\/\/tass.com\/world\/2101653\" title=\"\">TASS<\/a>\/gnews.cz-jav<\/strong><\/p>\n","protected":false},"excerpt":{"rendered":"<p>NEW YORK, 14. b\u0159ezna. \u00cdr\u00e1n a Spojen\u00e9 st\u00e1ty dok\u00e1zaly na \u017eenevsk\u00fdch jedn\u00e1n\u00edch 26. \u00fanora dos\u00e1hnout dobr\u00e9ho pokroku a Teher\u00e1n byl p\u0159ipraven k&hellip;<\/p>\n","protected":false},"author":10,"featured_media":42366,"comment_status":"open","ping_status":"closed","sticky":false,"template":"","format":"standard","meta":{"_acf_changed":false,"_lmt_disableupdate":"","_lmt_disable":"","footnotes":""},"categories":[7,658,1,2973],"tags":[3703,760,11413,11412,199,10,17,38,41],"class_list":["post-42365","post","type-post","status-publish","format-standard","has-post-thumbnail","hentry","category-politika","category-prectete-si","category-tema","category-zahranicni","tag-abbas-aragcci","tag-iran-3","tag-iransky-ministr-zahranici","tag-islamska-republika","tag-maae","tag-news","tag-top","tag-usa","tag-world"],"acf":[],"aioseo_notices":[],"_links":{"self":[{"href":"https:\/\/gnews.cz\/cs_cz\/wp-json\/wp\/v2\/posts\/42365","targetHints":{"allow":["GET"]}}],"collection":[{"href":"https:\/\/gnews.cz\/cs_cz\/wp-json\/wp\/v2\/posts"}],"about":[{"href":"https:\/\/gnews.cz\/cs_cz\/wp-json\/wp\/v2\/types\/post"}],"author":[{"embeddable":true,"href":"https:\/\/gnews.cz\/cs_cz\/wp-json\/wp\/v2\/users\/10"}],"replies":[{"embeddable":true,"href":"https:\/\/gnews.cz\/cs_cz\/wp-json\/wp\/v2\/comments?post=42365"}],"version-history":[{"count":1,"href":"https:\/\/gnews.cz\/cs_cz\/wp-json\/wp\/v2\/posts\/42365\/revisions"}],"predecessor-version":[{"id":42367,"href":"https:\/\/gnews.cz\/cs_cz\/wp-json\/wp\/v2\/posts\/42365\/revisions\/42367"}],"wp:featuredmedia":[{"embeddable":true,"href":"https:\/\/gnews.cz\/cs_cz\/wp-json\/wp\/v2\/media\/42366"}],"wp:attachment":[{"href":"https:\/\/gnews.cz\/cs_cz\/wp-json\/wp\/v2\/media?parent=42365"}],"wp:term":[{"taxonomy":"category","embeddable":true,"href":"https:\/\/gnews.cz\/cs_cz\/wp-json\/wp\/v2\/categories?post=42365"},{"taxonomy":"post_tag","embeddable":true,"href":"https:\/\/gnews.cz\/cs_cz\/wp-json\/wp\/v2\/tags?post=42365"}],"curies":[{"name":"wp","href":"https:\/\/api.w.org\/{rel}","templated":true}]}}