{"id":42487,"date":"2026-03-18T09:48:45","date_gmt":"2026-03-18T08:48:45","guid":{"rendered":"https:\/\/gnews.cz\/?p=42487"},"modified":"2026-04-01T14:54:12","modified_gmt":"2026-04-01T12:54:12","slug":"debata-na-male-strane-cinsky-rozvoj-se-stava-prilezitosti-pro-svet","status":"publish","type":"post","link":"https:\/\/gnews.cz\/cs_cz\/neprehlednete\/debata-na-male-strane-cinsky-rozvoj-se-stava-prilezitosti-pro-svet\/","title":{"rendered":"Debata na Mal\u00e9 Stran\u011b: \u010c\u00ednsk\u00fd rozvoj se st\u00e1v\u00e1 p\u0159\u00edle\u017eitost\u00ed pro sv\u011bt!"},"content":{"rendered":"\n<p><strong>Detailn\u00ed rozbor v\u0161ech p\u0159\u00edle\u017eitost\u00ed, kter\u00e9 d\u00e1v\u00e1 \u010c\u00edna sv\u011btu, byl hlavn\u00edm t\u00e9matem semin\u00e1\u0159e v historick\u00fdch prostor\u00e1ch \u010ceskoslovensk\u00e9ho \u00fastavu zahrani\u010dn\u00edho na pra\u017esk\u00e9 Mal\u00e9 Stran\u011b. Akci, kterou po\u0159\u00e1dal iportaL24.cz ve spolupr\u00e1ci s China Media Group (CMG) a pod z\u00e1\u0161titou \u010cesko-\u010d\u00ednsk\u00e9 sm\u00ed\u0161en\u00e9 obchodn\u00ed a pr\u016fmyslov\u00e9 komory, doprov\u00e1zela p\u0159\u00e1telsk\u00e1 atmosf\u00e9ra a jednozna\u010dn\u00e1 v\u00fdzva ke spolupr\u00e1ci, m\u00edru a stabilit\u011b.<\/strong><\/p>\n\n\n\n<p>Debata reagovala na ka\u017edoro\u010dn\u00ed zased\u00e1n\u00ed V\u0161e\u010d\u00ednsk\u00e9ho shrom\u00e1\u017ed\u011bn\u00ed lidov\u00fdch z\u00e1stupc\u016f (VSLZ) a zased\u00e1n\u00ed \u010c\u00ednsk\u00e9ho lidov\u00e9ho politick\u00e9ho poradn\u00edho shrom\u00e1\u017ed\u011bn\u00ed (\u010cLPPS). B\u011bhem leto\u0161n\u00edho dvoj\u00edho zased\u00e1n\u00ed byly schv\u00e1leny z\u00e1sadn\u00ed dokumenty, v\u010detn\u011b osnovy Patn\u00e1ct\u00e9ho p\u011btilet\u00e9ho pl\u00e1nu (2026\u20132030). <em>&#8222;Tento ak\u010dn\u00ed pl\u00e1n pro vysoce kvalitn\u00ed rozvoj \u010c\u00edny z\u00e1rove\u0148 p\u0159edstavuje nov\u00fd \u201aseznam p\u0159\u00edle\u017eitost\u00ed\u2018 pro cel\u00fd sv\u011bt,&#8220; <\/em>zd\u016fraznil v \u00favodn\u00edm slov\u011b z\u00e1stupce China Media Group (CMG) <strong>Pan Zhang<\/strong>.<\/p>\n\n\n\n<p><em>&#8222;Na zased\u00e1n\u00ed bylo zd\u016frazn\u011bno, \u017ee je t\u0159eba roz\u0161\u00ed\u0159it vysoce kvalitn\u00ed otev\u00edr\u00e1n\u00ed se zahrani\u010d\u00ed, \u0161iroce rozv\u00edjet glob\u00e1ln\u00ed trhy a l\u00e9pe propojit mezin\u00e1rodn\u00ed cyklus. To op\u011bt potvrzuje pevn\u00e9 odhodl\u00e1n\u00ed \u010c\u00edny, \u017ee otev\u00edr\u00e1n\u00ed dve\u0159\u00ed \u010c\u00edny se bude jen roz\u0161i\u0159ovat,&#8220; <\/em>\u0159ekl Pan Zhang. <em>&#8222;Od za\u010d\u00e1tku tohoto roku se nov\u00e1 kvalitn\u00ed produktivita v \u010c\u00edn\u011b rozv\u00edj\u00ed na pln\u00e9 obr\u00e1tky. Od glob\u00e1ln\u00edho \u00fasp\u011bchu \u010d\u00ednsk\u00fdch velk\u00fdch model\u016f, p\u0159es \u00fa\u017easn\u00e9 vystoupen\u00ed inteligentn\u00edch robot\u016f na jarn\u00edm festivalov\u00e9m galave\u010deru, a\u017e po filmovou ekonomiku aktivuj\u00edc\u00ed spot\u0159ebn\u00ed trh \u2013 \u010c\u00edna, tato o\u00e1za stability neust\u00e1le plod\u00ed nov\u00e9 rozvojov\u00e9 p\u0159\u00edle\u017eitosti,&#8220; <\/em>p\u0159ipojil.<\/p>\n\n\n\n<figure class=\"wp-block-embed is-provider-youtube wp-block-embed-youtube\"><div class=\"wp-block-embed__wrapper\">\n<iframe title=\"Debata na Mal\u00e9 Stran\u011b: \u010c\u00ednsk\u00fd rozvoj se st\u00e1v\u00e1 p\u0159\u00edle\u017eitost\u00ed pro sv\u011bt!\" width=\"1170\" height=\"658\" src=\"https:\/\/www.youtube.com\/embed\/GEPfjQAiMww?feature=oembed\" frameborder=\"0\" allow=\"accelerometer; autoplay; clipboard-write; encrypted-media; gyroscope; picture-in-picture; web-share\" referrerpolicy=\"strict-origin-when-cross-origin\" allowfullscreen><\/iframe>\n<\/div><\/figure>\n\n\n\n<p>\u010c\u00edna bude podle n\u011bj v\u011bnovat v\u011bt\u0161\u00ed pozornost budov\u00e1n\u00ed modern\u00edho pr\u016fmyslov\u00e9ho syst\u00e9mu a zd\u016frazn\u00ed rozvoj kl\u00ed\u010dov\u00fdch oblast\u00ed, jako je um\u011bl\u00e1 inteligence.<\/p>\n\n\n\n<p>Prozradil, \u017ee \u010d\u00ednsk\u00e1 ekonomika se ji\u017e nepohybuje v re\u017eimu &#8222;r\u016fstu za ka\u017edou cenu&#8220;, ale zam\u011b\u0159uje se na vysoce kvalitn\u00ed rozvoj, p\u0159i\u010dem\u017e nov\u00e1 kvalitn\u00ed produktivita je jeho j\u00e1drem. Osnova &#8222;Patn\u00e1ct\u00e9ho p\u011btilet\u00e9ho pl\u00e1nu&#8220; navrhuje zv\u00fd\u0161it nab\u00eddku vysoce kvalitn\u00edch technologi\u00ed, zam\u011b\u0159it se na kl\u00ed\u010dov\u00e9 oblasti, jako jsou integrovan\u00e9 obvody, obr\u00e1b\u011bc\u00ed stroje a biologick\u00e1 v\u00fdroba, a dos\u00e1hnout rozhoduj\u00edc\u00edch pr\u016flom\u016f v kl\u00ed\u010dov\u00fdch a j\u00e1drov\u00fdch technologi\u00edch.<\/p>\n\n\n\n<p>Pan Zhang konstatoval, \u017ee se aktivn\u011b rozv\u00edjej\u00ed strategicky d\u016fle\u017eit\u00e1 nov\u00e1 pr\u016fmyslov\u00e1 odv\u011btv\u00ed, jako jsou kvantov\u00e9 technologie a rozhran\u00ed mozek-po\u010d\u00edta\u010d. Mluvil i o rozvoji zelen\u00e9 ekonomiky. <em>&#8222;Od leto\u0161n\u00edho roku \u010c\u00edna ofici\u00e1ln\u011b p\u0159e\u0161la z dvoj\u00ed kontroly spot\u0159eby energie na dvoj\u00ed kontrolu emis\u00ed uhl\u00edku, co\u017e podporuje transformaci sm\u011brem k zelen\u00e9 a n\u00edzkouhl\u00edkov\u00e9 ekonomice. Nov\u011b zalo\u017een\u00fd fond poskytne dlouhodobou a stabiln\u00ed finan\u010dn\u00ed podporu pro zelen\u00e9 technologie. D\u00edky t\u011bmto opat\u0159en\u00edm je \u010d\u00ednsk\u00e1 ekonomika nejen stabiln\u00ed, ale tak\u00e9 neust\u00e1le vytv\u00e1\u0159\u00ed nov\u00e1 r\u016fstov\u00e1 t\u011b\u017ei\u0161t\u011b. Od inteligentn\u00edch robot\u016f po nov\u00e1 energetick\u00e1 vozidla, od um\u011bl\u00e9 inteligence po zelen\u00e9 technologie,&#8220; <\/em>popsal p\u0159edstavitel China Media Group.<\/p>\n\n\n\n<p>\u010c\u00edna pl\u00e1nuje odemknut\u00ed nov\u00e9ho prostoru pro glob\u00e1ln\u00ed spolupr\u00e1ci. Pr\u00e1v\u011b v glob\u00e1ln\u00edch z\u00e1le\u017eitostech hraje st\u00e1le d\u016fle\u017eit\u011bj\u0161\u00ed roli. <em>&#8222;\u010c\u00ednsk\u00fd rozvoj se neobejde bez sv\u011bta a prosperita sv\u011bta pot\u0159ebuje \u010c\u00ednu. Tato vz\u00e1jemn\u00e1 z\u00e1vislost je z\u00e1kladem pro budov\u00e1n\u00ed hlub\u0161\u00ed spolupr\u00e1ce mezi \u010c\u00ednou a Evropou, jako\u017e i mezi \u010c\u00ednou a \u010ceskou republikou,&#8220;<\/em> zm\u00ednil Pan Zhang.<\/p>\n\n\n\n<p>Mezi ob\u011bma zem\u011bmi podle n\u011bj existuje \u0161irok\u00fd prostor pro prohlouben\u00ed spolupr\u00e1ce v mnoha oblastech. <em>&#8222;\u010cesk\u00e1 republika m\u00e1 siln\u00e9 str\u00e1nky v oblasti p\u0159esn\u00e9ho stroj\u00edrenstv\u00ed, automobilov\u00e9ho pr\u016fmyslu a dal\u0161\u00edch tradi\u010dn\u00edch odv\u011btv\u00edch, zat\u00edmco \u010c\u00edna m\u00e1 obrovsk\u00fd trh a rychle se rozv\u00edjej\u00edc\u00ed nov\u00e1 kvalitn\u00ed produktivitu. Ob\u011b strany mohou spolupracovat v oblasti \u0161pi\u010dkov\u00fdch technologi\u00ed, zelen\u00e9 energie a digit\u00e1ln\u00ed transformace. \u010c\u00edna a \u010cesk\u00e1 republika mohou pos\u00edlit spolupr\u00e1ci v oblasti um\u011bl\u00e9 inteligence, biotechnologi\u00ed, nov\u00fdch materi\u00e1l\u016f a dal\u0161\u00edch \u0161pi\u010dkov\u00fdch oblast\u00ed, aby spole\u010dn\u011b podpo\u0159ily inovace a rozvoj. Pos\u00edlen\u00ed v\u00fdm\u011bn v oblasti vzd\u011bl\u00e1v\u00e1n\u00ed, cestovn\u00edho ruchu a kultury m\u016f\u017ee prohloubit vz\u00e1jemn\u00e9 porozum\u011bn\u00ed a p\u0159\u00e1telstv\u00ed mezi ob\u011bma n\u00e1rody a polo\u017eit pevn\u00fd z\u00e1klad pro dlouhodob\u00e9 a stabiln\u00ed vztahy,&#8220;<\/em> dodal p\u0159edstavitel CMG.<\/p>\n\n\n\n<figure class=\"wp-block-embed is-provider-youtube wp-block-embed-youtube\"><div class=\"wp-block-embed__wrapper\">\n<iframe title=\"Debata na Mal\u00e9 Stran\u011b: \u010c\u00ednsk\u00fd rozvoj se st\u00e1v\u00e1 p\u0159\u00edle\u017eitost\u00ed pro sv\u011bt!\" width=\"1170\" height=\"658\" src=\"https:\/\/www.youtube.com\/embed\/fFF8ArOlko0?feature=oembed\" frameborder=\"0\" allow=\"accelerometer; autoplay; clipboard-write; encrypted-media; gyroscope; picture-in-picture; web-share\" referrerpolicy=\"strict-origin-when-cross-origin\" allowfullscreen><\/iframe>\n<\/div><\/figure>\n\n\n\n<p>\u00da\u010dastn\u00edk\u016fm poslal zdravici i prezident CMG <strong>Shen Haixiong<\/strong>. <em>&#8222;Jak uk\u00e1zal celosv\u011btov\u00fd pr\u016fzkum ve\u0159ejn\u00e9ho m\u00edn\u011bn\u00ed proveden\u00fd CGTN, v\u00edce ne\u017e 80 procent respondent\u016f ocenilo, \u017ee koncept vysoce kvalitn\u00edho ekonomick\u00e9ho rozvoje \u010c\u00edny ud\u00e1v\u00e1 trend rozvoje sv\u011btov\u00e9 ekonomiky. Do dne\u0161n\u00edho nest\u00e1l\u00e9ho sv\u011bta vn\u00e1\u0161\u00ed v\u00edce cenn\u00e9 stability a pozitivn\u00ed energie,&#8220; <\/em>uvedl mj. prezident CMG.<\/p>\n\n\n\n<figure class=\"wp-block-image\"><img decoding=\"async\" src=\"https:\/\/38picres.cgtn.com\/photoAlbum\/page\/performance\/img\/2026\/3\/19\/1773882500615_699.jpg\" alt=\"\"\/><figcaption class=\"wp-element-caption\"><em>&nbsp;Velvyslanec \u010cLR Feng Biao<\/em><\/figcaption><\/figure>\n\n\n\n<p>Jeho slova doplnil p\u0159\u00edmo v s\u00e1le \u010ceskoslovensk\u00e9ho \u00fastavu zahrani\u010dn\u00edho velvyslanec \u010cLR v \u010cesk\u00e9 republice <strong>Feng Biao<\/strong>. Podle n\u011bj \u010c\u00edna Evrop\u011b otev\u00edr\u00e1 n\u00e1ru\u010d, aby sd\u00edlela p\u0159\u00edle\u017eitosti k rozvoji. <em>&#8222;V\u017edycky pova\u017euje Evropu za kl\u00ed\u010dov\u00e9ho partnera sv\u00e9 modernizace a otev\u00edr\u00e1 n\u00e1ru\u010d v\u0161em zem\u00edm,&#8220;<\/em> \u0159ekl velvyslanec s t\u00edm, \u017ee se pracuje na rozvoji \u010desko-\u010d\u00ednsk\u00fdch vztah\u016f. <em>&#8222;Te\u010f spolupracujeme s novou \u010deskou vl\u00e1dou, tak\u017ee m\u00e1me velice pozitivn\u00ed v\u00fdhled pro budoucnost na\u0161\u00ed spolupr\u00e1ce,&#8220;<\/em> pochv\u00e1lil Feng Biao nov\u00fd kabinet Andreje Babi\u0161e (ANO), jeho\u017e p\u0159\u00edstup je v kontrastu s p\u0159edchoz\u00ed vl\u00e1dou Petra Fialy (ODS). P\u0159ipomn\u011bl rovn\u011b\u017e ned\u00e1vn\u00e9 setk\u00e1n\u00ed ministr\u016f zahrani\u010d\u00ed obou zem\u00ed Wang Yi a Petra Macinky (Motorist\u00e9) na mnichovsk\u00e9 konferenci, jeho\u017e v\u00fdstupem bylo odhodl\u00e1n\u00ed &#8222;roz\u0161i\u0159ovat p\u0159\u00e1telskou spolupr\u00e1ci&#8220;.<\/p>\n\n\n\n<figure class=\"wp-block-embed is-provider-youtube wp-block-embed-youtube\"><div class=\"wp-block-embed__wrapper\">\n<iframe title=\"Debata na Mal\u00e9 Stran\u011b: \u010c\u00ednsk\u00fd rozvoj se st\u00e1v\u00e1 p\u0159\u00edle\u017eitost\u00ed pro sv\u011bt!\" width=\"1170\" height=\"658\" src=\"https:\/\/www.youtube.com\/embed\/Y5v4baH_oAw?feature=oembed\" frameborder=\"0\" allow=\"accelerometer; autoplay; clipboard-write; encrypted-media; gyroscope; picture-in-picture; web-share\" referrerpolicy=\"strict-origin-when-cross-origin\" allowfullscreen><\/iframe>\n<\/div><\/figure>\n\n\n\n<p>Z\u00e1jem o vz\u00e1jemn\u00e9 pozitivn\u00ed vztahy dnes dokl\u00e1daly i video p\u0159\u00edsp\u011bvky europoslanc\u016f <strong>Ond\u0159eje Dost\u00e1la<\/strong> (STA\u010cILO!) a <strong>Ivana Davida<\/strong> (SPD). <em>&#8222;Rivalita nen\u00ed na m\u00edst\u011b. M\u00edsto toho je lep\u0161\u00ed prosazovat p\u0159\u00e1telstv\u00ed, m\u00edr, prosperitu a partnerstv\u00ed. Pr\u00e1v\u011b k tomu by m\u011bla slou\u017eit i obchodn\u00ed setk\u00e1n\u00ed, kter\u00e1 nau\u010d\u00ed \u010d\u00ednsk\u00e9 i na\u0161e podnikatele, jak vyu\u017e\u00edvat vz\u00e1jemn\u00fdch v\u00fdhod, vz\u00e1jemn\u00fdch synergi\u00ed. Za \u00fa\u010delem dosa\u017een\u00ed spole\u010dn\u00e9 prosperity je d\u016fle\u017eit\u00e9 hledat cesty, jak um\u00edstit v\u00fdrobky \u010cesk\u00e9 republiky na \u010d\u00ednsk\u00e9m trhu a jak vyu\u017e\u00edvat inovac\u00ed, kter\u00e9 se zda\u0159ily \u010c\u00ednsk\u00e9 lidov\u00e9 republice v \u010cesk\u00e9 republice, ale i v dal\u0161\u00edch t\u0159et\u00edch zem\u00edch, kde m\u016f\u017eeme pracovat, investovat spole\u010dn\u011b,&#8220;<\/em> vyzval Dost\u00e1l.<\/p>\n\n\n\n<figure class=\"wp-block-embed is-provider-youtube wp-block-embed-youtube\"><div class=\"wp-block-embed__wrapper\">\nhttps:\/\/www.kscs.cz\/l\/debata-na-male-strane-cinsky-rozvoj-se-stava-prilezitosti-pro-svet\n<\/div><\/figure>\n\n\n\n<p>Podle Davida nen\u00ed v EU dostate\u010dn\u011b vyu\u017e\u00edvan\u00fd prostor pro je\u0161t\u011b t\u011bsn\u011bj\u0161\u00ed spolupr\u00e1ci v oblasti obchodu a kultury. <em>&#8222;A st\u00e1le ze strany p\u0159edstavitel\u016f r\u016fzn\u00fdch zem\u00ed p\u0159evl\u00e1d\u00e1 podez\u0159\u00edvav\u00fd, a\u017e nep\u0159\u00e1telsk\u00fd vztah k \u010c\u00edn\u011b. \u010c\u00e1ste\u010dn\u011b je to zp\u016fsobeno p\u0159etrv\u00e1vaj\u00edc\u00ed mentalitou nad\u0159azenosti zejm\u00e9na v b\u00fdval\u00fdch koloni\u00e1ln\u00edch mocnostech. Pohled na dne\u0161n\u00ed \u010c\u00ednu nen\u00ed realistick\u00fd a navzdory rostouc\u00ed technick\u00e9 dominanci je \u010c\u00edn\u011b st\u00e1le p\u0159ipisov\u00e1na produkce levn\u00fdch a m\u00e1lo kvalitn\u00edch v\u00fdrobk\u016f. Je na \u010dase za\u010d\u00edt vyu\u017e\u00edvat \u010d\u00ednsk\u00e9 zku\u0161enosti,&#8220; <\/em>\u0159ekl David.<\/p>\n\n\n\n<p>P\u0159edseda p\u0159edstavenstva \u010cesko-\u010d\u00ednsk\u00e9 sm\u00ed\u0161en\u00e9 obchodn\u00ed a pr\u016fmyslov\u00e9 komory <strong>Vojt\u011bch Filip <\/strong>zm\u00ednil konkr\u00e9tn\u00ed v\u011bci, kde m\u016f\u017ee \u010cesk\u00e1 republika \u010c\u00edn\u011b prosp\u011bt. Jedn\u00edm z p\u0159\u00edklad\u016f bylo \u010dist\u00e9 ovzdu\u0161\u00ed a \u010dist\u00e1 voda. <em>&#8222;To se t\u00fdk\u00e1 technologi\u00ed, kter\u00e9 jsme tady budovali v minulosti v\u017edycky. Po roce 1990 tady byl boom na \u010di\u0161t\u011bn\u00ed vzduchu ods\u00ed\u0159en\u00edm elektr\u00e1ren a tak d\u00e1le, ale my m\u00e1me sv\u011btov\u00e9 patenty v \u010di\u0161t\u011bn\u00ed vody a ty m\u016f\u017eeme nab\u00eddnout v r\u00e1mci technologie a technologick\u00e9 spolupr\u00e1ce, jak na \u00farovni dod\u00e1vek, ale zejm\u00e9na z\u0159\u00edzen\u00edm spole\u010dn\u00fdch podnik\u016f nebo servisn\u00edch organizac\u00ed, kter\u00e9 by v syst\u00e9mu \u010di\u0161t\u011bn\u00ed odpadn\u00edch vod byly ka\u017edou minutu schopny kdykoliv opravit a servisovat dan\u00e9 za\u0159\u00edzen\u00ed. Proto\u017ee tam nejde jenom o pravidelnou \u00fadr\u017ebu, ale aby nedoch\u00e1zelo k vypou\u0161t\u011bn\u00ed t\u011bch vod do p\u0159\u00edrody,&#8220; <\/em>popsal Filip.<\/p>\n\n\n\n<figure class=\"wp-block-image\"><img decoding=\"async\" src=\"https:\/\/38picres.cgtn.com\/photoAlbum\/page\/performance\/img\/2026\/3\/19\/1773882549839_233.jpg\" alt=\"\"\/><figcaption class=\"wp-element-caption\"><em>&nbsp;Vojt\u011bch Filip<\/em><\/figcaption><\/figure>\n\n\n\n<p><\/p>\n\n\n\n<p>Expremi\u00e9r a p\u0159edseda \u010cSSD <strong>Ji\u0159\u00ed Paroubek<\/strong> nicm\u00e9n\u011b porovnal, \u017ee zahrani\u010dn\u00ed obchod mezi \u010c\u00ednou a \u010ceskou republikou je nevyv\u00e1\u017een\u00fd. <em>&#8222;To v\u0161ichni v\u00edme. Kdyby se vize naplnila tak, jak jsme si to p\u0159edstavovali p\u0159ed t\u011bmi 20 lety, kdy jsem byl premi\u00e9rem, tak to vypadalo tro\u0161ku jinak. Bohu\u017eel zahrani\u010dn\u00ed obchod mezi na\u0161imi zem\u011bmi je tak trochu z\u00e1visl\u00fd na politick\u00e9m v\u00fdvoji. Ne v \u010c\u00edn\u011b \u2013 ten je stabiln\u00ed, o\u010dek\u00e1vateln\u00fd. On je z\u00e1visl\u00fd na politick\u00e9m v\u00fdvoji v \u010cesk\u00e9 republice. A ten se tady pohybuje po sinusoid\u00e1ch,&#8220;<\/em> zm\u00ednil Paroubek rozd\u00edl v postoji jednotliv\u00fdch tuzemsk\u00fdch vl\u00e1d k \u010cLR.<\/p>\n\n\n\n<figure class=\"wp-block-image\"><img decoding=\"async\" src=\"https:\/\/38picres.cgtn.com\/photoAlbum\/page\/performance\/img\/2026\/3\/19\/1773882562816_261.jpg\" alt=\"\"\/><figcaption class=\"wp-element-caption\"><em>&nbsp;Ji\u0159\u00ed Paroubek<\/em><\/figcaption><\/figure>\n\n\n\n<p><\/p>\n\n\n\n<p>Na to plynn\u011b nav\u00e1zala redaktorka t\u00fdden\u00edku Na\u0161e pravda <strong>Helena Ko\u010dov\u00e1<\/strong>, kter\u00e1 se teprve t\u0159i dny p\u0159ed akc\u00ed vr\u00e1tila z pobytu v \u010c\u00edn\u011b, kde se osobn\u011b z\u00fa\u010dastnila dvoj\u00edho zased\u00e1n\u00ed. <em>&#8222;My tady pl\u00e1nujeme na p\u00e1r let, a mo\u017en\u00e1 s ka\u017edou dal\u0161\u00ed vl\u00e1dou, s ka\u017ed\u00fdmi volbami se situace m\u011bn\u00ed, co\u017e stra\u0161n\u011b komplikuje snahu o spolupr\u00e1ci,&#8220;<\/em> uvedla Ko\u010dov\u00e1. I ona v\u0161ak vid\u00ed obrovsk\u00fd potenci\u00e1l ve vz\u00e1jemn\u00fdch vztaz\u00edch. <em>&#8222;Kdy\u017e mluv\u00edme o spolupr\u00e1ci, je dobr\u00e9 si uv\u011bdomit i rozsah toho trhu. Jen \u010d\u00ednsk\u00e1 st\u0159edn\u00ed t\u0159\u00edda dnes \u010d\u00edt\u00e1 p\u0159es 800 milion\u016f lid\u00ed. A v\u00edce ne\u017e polovina ekonomiky stoj\u00ed na dom\u00e1c\u00ed spot\u0159eb\u011b, kterou chce st\u00e1t d\u00e1l posilovat. A pr\u00e1v\u011b tady vid\u00edm obrovsk\u00fd prostor i pro \u010ceskou republiku,&#8220; <\/em>\u0159ekla novin\u00e1\u0159ka specializuj\u00edc\u00ed se na \u010cLR.<em> &#8222;Mo\u017enost\u00ed spolupr\u00e1ce je dnes mnoho. Ot\u00e1zkou nen\u00ed, zda existuj\u00ed. Ot\u00e1zkou je, zda je dok\u00e1\u017eeme vyu\u017e\u00edt,&#8220;<\/em> uvedla.<\/p>\n\n\n\n<figure class=\"wp-block-image\"><img decoding=\"async\" src=\"https:\/\/38picres.cgtn.com\/photoAlbum\/page\/performance\/img\/2026\/3\/19\/1773882588970_736.jpg\" alt=\"\"\/><figcaption class=\"wp-element-caption\"><em>Helena Ko\u010dov\u00e1<\/em><\/figcaption><\/figure>\n\n\n\n<p><\/p>\n\n\n\n<p>Poslanec Parlamentu \u010cR <strong>Josef Neru\u0161il<\/strong> (SPD), kter\u00fd p\u0159\u00ed\u0161t\u00ed t\u00fdden slo\u017e\u00ed ve Sn\u011bmovn\u011b slib, zm\u00ednil konkr\u00e9tn\u00ed p\u0159\u00edklad v podob\u011b elektromobility. P\u0159iznal, \u017ee je jej\u00edm velk\u00fdm fanou\u0161kem. <em>&#8222;Ale nejsem fanou\u0161kem toho, jak\u00fdm zp\u016fsobem se sna\u017e\u00ed Evropsk\u00e1 unie elektromobilitu vynutit. Proto\u017ee to je n\u00e1\u0161 evropsk\u00fd p\u0159\u00edstup \u2013 ud\u011blat normy, p\u0159edpisy a na\u0159\u00edzen\u00ed, n\u011bco lidem vnutit a divit se, \u017ee kapitalistick\u00fd syst\u00e9m na to p\u0159\u00edli\u0161 nereaguje ani za celou nejr\u016fzn\u011bj\u0161\u00edch dotac\u00ed, subvenc\u00ed a tak d\u00e1le,&#8220;<\/em> kritizoval s dodatkem, \u017ee by bylo nutn\u00e9 j\u00edt postupn\u00fdmi kroky, a nikoli skokov\u011b. <em>&#8222;Ob\u010das m\u00e1me tendenci posm\u00edvat se slovu p\u011btiletka, \u017ee je to takov\u00fd pejorativn\u00ed pojem, ale naopak vid\u00edme, \u017ee pr\u00e1v\u011b d\u00edky p\u011btiletk\u00e1m se v \u010c\u00edn\u011b rozvoji elektromobility da\u0159\u00ed,&#8220; <\/em>srovnal Neru\u0161il.<\/p>\n\n\n\n<figure class=\"wp-block-image\"><img decoding=\"async\" src=\"https:\/\/38picres.cgtn.com\/photoAlbum\/page\/performance\/img\/2026\/3\/19\/1773882608452_459.jpg\" alt=\"\"\/><figcaption class=\"wp-element-caption\"><em>&nbsp;Josef Neru\u0161il<\/em><\/figcaption><\/figure>\n\n\n\n<p><\/p>\n\n\n\n<p>Na n\u011bj plynn\u011b nav\u00e1zal m\u00edstop\u0159edseda KS\u010cM <strong>Milan Kraj\u010da<\/strong>.<em> &#8222;Je dobr\u00e9 si vzpomenout, \u017ee to byly pr\u00e1v\u011b ty p\u011btilet\u00e9 pl\u00e1ny, kter\u00e9 do dne\u0161n\u00ed doby st\u00e1ly za neoby\u010dejn\u00fdm rozvojem \u010c\u00ednsk\u00e9 lidov\u00e9 republiky v posledn\u00edch desetilet\u00edch. Od roku 1953, kdy byl vyhl\u00e1\u0161en prvn\u00ed p\u011btilet\u00fd pl\u00e1n, pro\u0161la \u010c\u00edna a\u017e dodne\u0161ka obrovskou prom\u011bnou. Ze zem\u011b, kter\u00e1 byla chud\u00e1 a rozvr\u00e1cen\u00e1, se po stalet\u00ed pon\u00ed\u017een\u00ed stala zem\u00ed, kter\u00e1 je celosv\u011btov\u011b na druh\u00e9, mo\u017en\u00e1 i prvn\u00ed p\u0159\u00ed\u010dce v mnoha ohledech. A j\u00e1 jsem p\u0159esv\u011bd\u010den, \u017ee to je do zna\u010dn\u00e9 m\u00edry i t\u00edm, \u017ee na\u0161i \u010d\u00ednsk\u00e9 p\u0159\u00e1tel\u00e9 praktikuj\u00ed pod veden\u00edm Komunistick\u00e9 strany \u010c\u00edny promy\u0161len\u00fd v\u00fdvoj pr\u00e1v\u011b d\u00edky dlouhodob\u00e9mu zam\u00fd\u0161len\u00ed se nad rozvojem skrze p\u011btilet\u00e9 pl\u00e1ny,&#8220; <\/em>uvedl Kraj\u010da.<\/p>\n\n\n\n<figure class=\"wp-block-image\"><img decoding=\"async\" src=\"https:\/\/38picres.cgtn.com\/photoAlbum\/page\/performance\/img\/2026\/3\/19\/1773882627361_830.jpg\" alt=\"\"\/><figcaption class=\"wp-element-caption\"><em>&nbsp;Milan Kraj\u010da<\/em><\/figcaption><\/figure>\n\n\n\n<p><\/p>\n\n\n\n<p>Dlouholet\u00fd poslanec a sou\u010dasn\u00fd krajsk\u00fd zastupitel St\u0159edo\u010desk\u00e9ho kraje <strong>Ji\u0159\u00ed Kobza<\/strong> (STA\u010cILO!) zd\u016fraznil, \u017ee kl\u00ed\u010dov\u00fdmi slovy, kter\u00e1 zazn\u011bla, jsou &#8222;m\u00edr&#8220; a &#8222;stabilita&#8220;. <em>&#8222;V sou\u010dasn\u00e9m sv\u011bt\u011b, kdy je v podstat\u011b cel\u00fd St\u0159edn\u00ed v\u00fdchod v jednom ohni, kdy nekon\u010d\u00ed konflikt na Ukrajin\u011b, kdy pokra\u010duje v\u00e1lka mezi Afganist\u00e1nem a P\u00e1kist\u00e1nem plus r\u016fzn\u00e9 kmenov\u00e9 t\u0159enice a podobn\u011b, za\u010d\u00ednaj\u00ed b\u00fdt m\u00edr a stabilita stra\u0161n\u011b d\u016fle\u017eit\u00e9,&#8220;<\/em> upozornil Kobza.<\/p>\n\n\n\n<figure class=\"wp-block-image\"><img decoding=\"async\" src=\"https:\/\/38picres.cgtn.com\/photoAlbum\/page\/performance\/img\/2026\/3\/19\/1773882646473_156.jpg\" alt=\"\"\/><figcaption class=\"wp-element-caption\"><em>Ji\u0159\u00ed Kobza<\/em><\/figcaption><\/figure>\n\n\n\n<p><\/p>\n\n\n\n<p><em>&#8222;V\u00e1lky jednoho dne skon\u010d\u00ed a po nich z\u016fstanou rozvr\u00e1cen\u00e9, vydrancovan\u00e9 a vyhladov\u011bl\u00e9 zem\u011b, kter\u00e9 samoz\u0159ejm\u011b budou m\u00edt obrovsk\u00fd z\u00e1jem na tom, aby byly schopny se znovu rekonstruovat a postavit na nohy. A j\u00e1 jsem p\u0159esv\u011bd\u010den, \u017ee pr\u00e1v\u011b obrovsk\u00fd potenci\u00e1l \u010c\u00edny bude hr\u00e1t rozhoduj\u00edc\u00ed roli v pov\u00e1le\u010dn\u00e9m uspo\u0159\u00e1d\u00e1n\u00ed,&#8220; <\/em>dodal Kobza.<\/p>\n\n\n\n<figure class=\"wp-block-image\"><img decoding=\"async\" src=\"https:\/\/38picres.cgtn.com\/photoAlbum\/page\/performance\/img\/2026\/3\/19\/1773882664096_498.jpg\" alt=\"\"\/><figcaption class=\"wp-element-caption\"><em>Pavel Havr\u00e1nek<\/em><\/figcaption><\/figure>\n\n\n\n<p><\/p>\n\n\n\n<p>Jen v pozitivn\u00edm duchu hovo\u0159il i p\u0159edseda \u010cesko-\u010d\u00ednsk\u00e9 asociace <strong>Pavel Havr\u00e1nek<\/strong>. <em>&#8222;Hlavn\u011b pop\u0159eju \u010c\u00edn\u011b, aby nad\u00e1le pokra\u010dovala v nastolen\u00e9 cest\u011b. D\u011bkuji j\u00ed, \u017ee se sv\u011btem dok\u00e1\u017ee sd\u00edlet sv\u00e9 technologie a ochotu d\u00e1le pom\u00e1hat i rozvojov\u00fdm zem\u00edm,&#8220;<\/em> uvedl Havr\u00e1nek, po jeho\u017e boku dnes dorazili na akci i dal\u0161\u00ed \u010dlenov\u00e9 asociace \u2013 <strong>Karel Nedb\u00e1lek<\/strong> a <strong>Ji\u0159\u00ed Nov\u00e1k<\/strong>. Zku\u0161en\u00fd mana\u017eer a vysoko\u0161kolsk\u00fd pedagog Nedb\u00e1lek zm\u00ednil, \u017ee zat\u00edmco \u010c\u00edna se za posledn\u00edch 30 let rozvinula do sou\u010dasn\u00e9 podoby, &#8222;my jsme 30 let ztratili&#8220;. V t\u00e9to souvislosti uvedl, \u017ee je nachyst\u00e1na kniha &#8222;\u010c\u00edna a my&#8220; a hled\u00e1 se nakladatel. Nab\u00eddl spolupr\u00e1ci na jej\u00edm vyd\u00e1n\u00ed \u010d\u00ednsk\u00e9 stran\u011b.<\/p>\n\n\n\n<figure class=\"wp-block-image\"><img decoding=\"async\" src=\"https:\/\/38picres.cgtn.com\/photoAlbum\/page\/performance\/img\/2026\/3\/19\/1773882686205_201.png\" alt=\"\"\/><\/figure>\n\n\n\n<p>Energetick\u00fd expert <strong>Vladim\u00edr Vlk<\/strong> n\u00e1sledn\u011b zd\u016fraznil, \u017ee hlavn\u00ed v\u011bc\u00ed, kter\u00e1 jej osobn\u011b zaujala na 15. p\u011btilet\u00e9m pl\u00e1nu, je d\u016fraz na udr\u017eiteln\u00fd rozvoj. <em>&#8222;V ochran\u011b prost\u0159ed\u00ed nebo v n\u00edzkouhl\u00edkov\u00fdch technologi\u00edch je \u010c\u00edna v porovn\u00e1n\u00ed s Evropou \u00fapln\u011b n\u011bkde jinde. \u010c\u00edna tam m\u00e1 procenta, kter\u00e1 jsou re\u00e1ln\u00e1. Zat\u00edmco Evropa si v Green Dealu stav\u00ed nere\u00e1ln\u00e9 hodnoty,&#8220; <\/em>porovnal Vlk, podle n\u011bj\u017e je d\u016fle\u017eit\u00e9, \u017ee \u010c\u00edna klade pro rozvoj podm\u00ednky ekonomick\u00e9, soci\u00e1ln\u00ed a environment\u00e1ln\u00ed.<em> &#8222;A to jsou t\u0159i pil\u00ed\u0159e, kter\u00e9 se mus\u00ed z\u00e1rove\u0148 respektovat. Kde\u017eto Evropsk\u00e1 unie m\u00e1 pouze ten pil\u00ed\u0159 environment\u00e1ln\u00ed. Soci\u00e1ln\u00ed v\u011bci ji v\u016fbec nezaj\u00edmaj\u00ed, a to je ten nejv\u011bt\u0161\u00ed probl\u00e9m,&#8220; <\/em>dodal Vlk.<\/p>\n\n\n\n<figure class=\"wp-block-image\"><img decoding=\"async\" src=\"https:\/\/38picres.cgtn.com\/photoAlbum\/page\/performance\/img\/2026\/3\/19\/1773882715325_58.jpg\" alt=\"\"\/><figcaption class=\"wp-element-caption\"><em>Vladim\u00edr Vlk<\/em><\/figcaption><\/figure>\n\n\n\n<p><\/p>\n\n\n\n<p>Politolog a publicista, asistent europoslankyn\u011b Kate\u0159iny Kone\u010dn\u00e9 <strong>V\u00edtek Prokop<\/strong> (STA\u010cILO!) uvedl, \u017ee jedin\u00e1 skute\u010dn\u00e1 cesta pro napln\u011bn\u00ed strategick\u00e9 autonomie Evropy je p\u0159es spolupr\u00e1ci s \u010c\u00ednou. <em>&#8222;Bohu\u017eel tato autonomie bude pouze a jenom iluzorn\u00ed, dokud na na\u0161em kontinent\u011b jsou rozs\u00e1zeny des\u00edtky americk\u00fdch vojensk\u00fdch z\u00e1kladen. Pak nem\u016f\u017eete v\u00e9st suver\u00e9nn\u00ed zahrani\u010dn\u00ed politiku,&#8220;<\/em> varoval.<\/p>\n\n\n\n<figure class=\"wp-block-image\"><img decoding=\"async\" src=\"https:\/\/38picres.cgtn.com\/photoAlbum\/page\/performance\/img\/2026\/3\/19\/1773882733120_524.jpg\" alt=\"\"\/><figcaption class=\"wp-element-caption\"><em>V\u00edtek Prokop<\/em><\/figcaption><\/figure>\n\n\n\n<p><\/p>\n\n\n\n<p>Krajsk\u00e1 zastupitelka \u00dasteck\u00e9ho kraje a kandid\u00e1tka do Sen\u00e1tu Parlamentu \u010cR <strong>Ivana Turkov\u00e1 <\/strong>se na celou v\u011bc pod\u00edvala nejen z hlediska sv\u00e9 profese ekonomky. <em>&#8222;\u010c\u00edna je nejv\u011bt\u0161\u00ed ekonomikou sv\u011bta, co\u017e glob\u00e1ln\u011b ovliv\u0148uje cel\u00fd sv\u011bt. Ale j\u00e1 jsem nejen ekonomka, kter\u00e1 se op\u00edr\u00e1 o konkr\u00e9tn\u00ed \u010d\u00edsla, ale hlavn\u011b \u017eena a matka. A co z du\u0161e nen\u00e1vid\u00edm, je jak\u00e1koliv agrese, jak\u00e1koli v\u00e1lka a jak\u00e9koli ubli\u017eov\u00e1n\u00ed komukoli. A je mi velice sympatick\u00e9, \u017ee t\u00edm, na co \u010c\u00edna klade obrovsk\u00fd d\u016fraz, je m\u00edrov\u00fd rozvoj,&#8220; <\/em>zd\u016fraznila Turkov\u00e1.<\/p>\n\n\n\n<figure class=\"wp-block-image\"><img decoding=\"async\" src=\"https:\/\/38picres.cgtn.com\/photoAlbum\/page\/performance\/img\/2026\/3\/19\/1773882749952_522.jpg\" alt=\"\"\/><figcaption class=\"wp-element-caption\"><em>Ivana Turkov\u00e1<\/em><\/figcaption><\/figure>\n\n\n\n<p><\/p>\n\n\n\n<p>P\u0159edseda strany DOMOV <strong>David Tygr Ploc<\/strong> ve sv\u00e9m projevu porovnal, co poskytuje \u010c\u00edna a co Spojen\u00e9 st\u00e1ty. <em>&#8222;\u010c\u00edna nab\u00edz\u00ed otev\u0159enou n\u00e1ru\u010d, spolupr\u00e1ci a p\u0159\u00e1telstv\u00ed, Spojen\u00e9 st\u00e1ty pak jen velmi drah\u00e9 faktury na zbrojen\u00ed a v\u00e1lku. To je zkr\u00e1tka fakt. \u010c\u00edna nerozpoutala nikdy \u017e\u00e1dn\u00fd v\u00e1le\u010dn\u00fd konflikt. A te\u010f se obr\u00e1cen\u011b pobavme se o tom, jestli je v\u016fbec n\u011bjak\u00fd v\u00e1le\u010dn\u00fd konflikt, na kter\u00e9m se nepod\u00edlely Spojen\u00e9 st\u00e1ty,&#8220;<\/em> polo\u017eil si \u0159e\u010dnickou ot\u00e1zku Ploc.<\/p>\n\n\n\n<p>Na n\u011bj tematicky nav\u00e1zal p\u0159edseda \u010cesk\u00e9ho spolku p\u0159\u00e1tel BRICS <strong>Martin Teyrovsk\u00fd<\/strong>. <em>&#8222;Pozitivn\u00ed zpr\u00e1vou je, \u017ee vstupujeme do v\u011bku Vodn\u00e1\u0159e a podle progn\u00f3z v\u011b\u0159\u00edm, \u017ee se napln\u00ed to, \u017ee vstupujeme do obdob\u00ed tis\u00edci let m\u00edru, i kdy\u017e to te\u010f tak nevypad\u00e1. V\u011b\u0159\u00edm, \u017ee vojensk\u00e1 situace se rychle uzav\u0159e a cel\u00e1 planeta vstoup\u00ed do nov\u00e9ho v\u011bku. A tam je vid\u011bt, \u017ee \u010c\u00edna p\u0159evzala ot\u011b\u017ee a sm\u011b\u0159uje to tam, kam v\u0161ichni pot\u0159ebuj\u00ed,&#8220;<\/em> pochv\u00e1lil Teyrovsk\u00fd.<\/p>\n\n\n\n<figure class=\"wp-block-image\"><img decoding=\"async\" src=\"https:\/\/38picres.cgtn.com\/photoAlbum\/page\/performance\/img\/2026\/3\/19\/1773882767845_856.jpg\" alt=\"\"\/><figcaption class=\"wp-element-caption\"><em>David Tygr Ploc a Martin Teyrovsk\u00fd<\/em><\/figcaption><\/figure>\n\n\n\n<p><\/p>\n\n\n\n<p><strong>Pavel Mr\u0161t\u00edk<\/strong>, asistent europoslance Ond\u0159eje Dost\u00e1la, vz\u00e1p\u011bt\u00ed je\u0161t\u011b jednou ujistil o p\u0159ipravenosti ke spolupr\u00e1ci s \u010cLR. <em>&#8222;My jsme spolupr\u00e1ci naklon\u011bni a ud\u011bl\u00e1me v\u0161e, co je v na\u0161ich sil\u00e1ch, abychom nav\u00e1zali dal\u0161\u00ed kontakty a dok\u00e1zali se propojovat,&#8220; <\/em>konstatoval.<\/p>\n\n\n\n<figure class=\"wp-block-image\"><img decoding=\"async\" src=\"https:\/\/38picres.cgtn.com\/photoAlbum\/page\/performance\/img\/2026\/3\/19\/1773882785519_582.jpg\" alt=\"\"\/><figcaption class=\"wp-element-caption\"><em>Pavel Mr\u0161t\u00edk a Jana Volfov\u00e1<\/em><\/figcaption><\/figure>\n\n\n\n<p><\/p>\n\n\n\n<p>V z\u00e1v\u011bre\u010dn\u00e9m vystoupen\u00ed pak statut\u00e1rn\u00ed m\u00edstop\u0159edsedkyn\u011b \u010cSSD <strong>Jana Volfov\u00e1<\/strong> shrnula, jak\u00fd je nejv\u011bt\u0161\u00ed rozd\u00edl mezi Evropou a \u010c\u00ednou: <em>&#8222;V \u010c\u00edn\u011b ti lid\u00e9 prost\u011b pracuj\u00ed. A je jedno, jestli maj\u00ed vysokou funkci, nebo jestli jsou to d\u011bln\u00edci. Pro n\u011b je samoz\u0159ejmost, \u017ee kdy\u017e nastane n\u011bjak\u00fd probl\u00e9m, tak ho jdou \u0159e\u0161it. Na\u0161i politici ten probl\u00e9m taktn\u011b obejdou a \u010dekaj\u00ed, \u017ee ho vy\u0159e\u0161\u00ed n\u011bkdo jin\u00fd. A to je ten pr\u016f\u0161vih. My upad\u00e1me proto, \u017ee probl\u00e9my ne\u0159e\u0161\u00edme, ale obch\u00e1z\u00edme, zat\u00edmco \u010c\u00edna roste pr\u00e1v\u011b z opa\u010dn\u00e9ho d\u016fvodu.&#8220;<\/em><\/p>\n\n\n\n<p><strong><a href=\"https:\/\/czech.cgtn.com\/2026\/03\/19\/ARTI1773882817190788\" title=\"\">CMG<\/a><\/strong><\/p>\n","protected":false},"excerpt":{"rendered":"<p>Detailn\u00ed rozbor v\u0161ech p\u0159\u00edle\u017eitost\u00ed, kter\u00e9 d\u00e1v\u00e1 \u010c\u00edna sv\u011btu, byl hlavn\u00edm t\u00e9matem semin\u00e1\u0159e v historick\u00fdch prostor\u00e1ch \u010ceskoslovensk\u00e9ho \u00fastavu zahrani\u010dn\u00edho na pra\u017esk\u00e9 Mal\u00e9 Stran\u011b.&hellip;<\/p>\n","protected":false},"author":6,"featured_media":42488,"comment_status":"open","ping_status":"closed","sticky":false,"template":"","format":"standard","meta":{"_acf_changed":false,"_lmt_disableupdate":"","_lmt_disable":"","footnotes":""},"categories":[2968,3,7],"tags":[45,22,18,2421,7044,714,2183,614,11536,8310],"class_list":["post-42487","post","type-post","status-publish","format-standard","has-post-thumbnail","hentry","category-domaci","category-neprehlednete","category-politika","tag-cr","tag-cina","tag-cmg","tag-obchod","tag-petilety-plan","tag-spoluprace","tag-stabilita","tag-umela-inteligence","tag-vysoka-kvalita","tag-zelena-ekonomika"],"acf":[],"aioseo_notices":[],"_links":{"self":[{"href":"https:\/\/gnews.cz\/cs_cz\/wp-json\/wp\/v2\/posts\/42487","targetHints":{"allow":["GET"]}}],"collection":[{"href":"https:\/\/gnews.cz\/cs_cz\/wp-json\/wp\/v2\/posts"}],"about":[{"href":"https:\/\/gnews.cz\/cs_cz\/wp-json\/wp\/v2\/types\/post"}],"author":[{"embeddable":true,"href":"https:\/\/gnews.cz\/cs_cz\/wp-json\/wp\/v2\/users\/6"}],"replies":[{"embeddable":true,"href":"https:\/\/gnews.cz\/cs_cz\/wp-json\/wp\/v2\/comments?post=42487"}],"version-history":[{"count":4,"href":"https:\/\/gnews.cz\/cs_cz\/wp-json\/wp\/v2\/posts\/42487\/revisions"}],"predecessor-version":[{"id":43315,"href":"https:\/\/gnews.cz\/cs_cz\/wp-json\/wp\/v2\/posts\/42487\/revisions\/43315"}],"wp:featuredmedia":[{"embeddable":true,"href":"https:\/\/gnews.cz\/cs_cz\/wp-json\/wp\/v2\/media\/42488"}],"wp:attachment":[{"href":"https:\/\/gnews.cz\/cs_cz\/wp-json\/wp\/v2\/media?parent=42487"}],"wp:term":[{"taxonomy":"category","embeddable":true,"href":"https:\/\/gnews.cz\/cs_cz\/wp-json\/wp\/v2\/categories?post=42487"},{"taxonomy":"post_tag","embeddable":true,"href":"https:\/\/gnews.cz\/cs_cz\/wp-json\/wp\/v2\/tags?post=42487"}],"curies":[{"name":"wp","href":"https:\/\/api.w.org\/{rel}","templated":true}]}}