{"id":42599,"date":"2026-03-23T12:00:00","date_gmt":"2026-03-23T11:00:00","guid":{"rendered":"https:\/\/gnews.cz\/?p=42599"},"modified":"2026-03-24T21:21:48","modified_gmt":"2026-03-24T20:21:48","slug":"shrnuti-uplynuleho-12-tydne-na-general-news-16-brezna-22-brezna-2026","status":"publish","type":"post","link":"https:\/\/gnews.cz\/cs_cz\/tema\/shrnuti-uplynuleho-12-tydne-na-general-news-16-brezna-22-brezna-2026\/","title":{"rendered":"Shrnut\u00ed uplynul\u00e9ho 12. t\u00fddne na General News (16. b\u0159ezna \u2013 22. b\u0159ezna 2026)"},"content":{"rendered":"\n<h2 class=\"wp-block-heading\">17. b\u0159ezna 2026 Zvl\u00e1\u0161tn\u00ed vyslanec \u010d\u00ednsk\u00e9 vl\u00e1dy pro ot\u00e1zky Bl\u00edzk\u00e9ho v\u00fdchodu Zhai Jun se setkal s kuvajtsk\u00fdm ministrem zahrani\u010dn\u00edch v\u011bc\u00ed Sheikhem Jarrahem Jaberem Al-Ahmadem Al-Sabahem<\/h2>\n\n\n\n<blockquote class=\"wp-block-quote is-layout-flow wp-block-quote-is-layout-flow\">\n<p>Zvl\u00e1\u0161tn\u00ed vyslanec \u010d\u00ednsk\u00e9 vl\u00e1dy pro ot\u00e1zky Bl\u00edzk\u00e9ho v\u00fdchodu Zhai Jun (\u010cchaj J\u00fcn) se setkal 15. b\u0159ezna 2026 s kuvajtsk\u00fdm ministrem zahrani\u010dn\u00edch v\u011bc\u00ed Sheikhem Jarrahem Jaberem Al-Ahmadem Al-Sabahem. &nbsp;Zhai Jun uvedl, \u017ee sou\u010dasn\u00e1 region\u00e1ln\u00ed situace se nad\u00e1le vyv\u00edj\u00ed nepokojn\u011b, a zem\u011b u Persk\u00e9ho z\u00e1livu, v\u010detn\u011b Kuvajtu, jsou t\u00edm hluboce posti\u017eeny, co\u017e \u010d\u00ednsk\u00e1 strana nechce vid\u011bt.&nbsp;<strong>Vice <a href=\"https:\/\/gnews.cz\/cs_cz\/tema\/zvlastni-vyslanec-cinske-vlady-pro-otazky-blizkeho-vychodu-zhai-jun-se-setkal-s-kuvajtskym-ministrem-zahranicnich-veci-sheikhem-jarrahem-jaberem-al-ahmadem-al-sabahem\/\" title=\"\">zde<\/a><\/strong><\/p>\n<\/blockquote>\n\n\n\n<h2 class=\"wp-block-heading\">17. b\u0159ezna 2026 Ma\u010farsko tvrd\u011b kritizuje reakci EU na p\u0159eru\u0161en\u00ed ropovodu Dru\u017eba, jedn\u00e1 se pr\u00fd o divadlo<\/h2>\n\n\n\n<blockquote class=\"wp-block-quote is-layout-flow wp-block-quote-is-layout-flow\">\n<p>BUDAPE\u0160\u0164 \u2013 Ma\u010farsk\u00fd ministr zahrani\u010dn\u00edch v\u011bc\u00ed a obchodu P\u00e9ter Szijj\u00e1rt\u00f3 v \u00fater\u00fd kritizoval reakci Evropsk\u00e1 komise na naru\u0161en\u00ed dod\u00e1vek ropy prost\u0159ednictv\u00edm ropovod Dru\u017eba a vyzval k okam\u017eit\u00e9mu obnoven\u00ed dod\u00e1vek. Szijj\u00e1rt\u00f3 uvedl, \u017ee Ma\u010farsko a Slovensko \u010del\u00ed ji\u017e t\u00e9m\u011b\u0159 50 dn\u00ed tomu, co ozna\u010dil za \u201eropnou blok\u00e1du\u201c ze strany Ukrajiny, a odm\u00edtl tvrzen\u00ed, \u017ee jde pouze o technick\u00fd probl\u00e9m. <strong>V\u00edce <a href=\"https:\/\/gnews.cz\/cs_cz\/ekonomika\/madarsko-tvrde-kritizuje-reakci-eu-na-preruseni-ropovodu-druzba-jedna-se-pry-o-divadlo\/\" title=\"\">zde<\/a><\/strong><\/p>\n<\/blockquote>\n\n\n\n<h2 class=\"wp-block-heading\">18. b\u0159ezna 2026 Prezident Pavel pohrozil premi\u00e9ru Babi\u0161ovi, \u017ee bude vetovat p\u0159\u00ed\u0161t\u00ed rozpo\u010det<\/h2>\n\n\n\n<blockquote class=\"wp-block-quote is-layout-flow wp-block-quote-is-layout-flow\">\n<p>PRAHA \u2013 Prezident varoval, \u017ee nepln\u011bn\u00edm z\u00e1vazk\u016f v\u016f\u010di Severoatlantick\u00e9 alianci a spojenc\u016fm ohro\u017euje \u010cesko vlastn\u00ed bezpe\u010dnost, kterou jinak ne\u017e spole\u010dn\u011b v kolektivn\u00ed obran\u011b nedok\u00e1\u017ee efektivn\u011b zajistit. \u201eMezin\u00e1rodn\u00ed hrozby se zv\u011bt\u0161uj\u00ed, zat\u00edmco na\u0161e v\u00fddaje stagnuj\u00ed. Pokud nebude p\u0159\u00ed\u0161t\u00ed rozpo\u010det odpov\u00eddat na\u0161im z\u00e1vazk\u016fm, nevyhneme se debat\u011b o odm\u00edtnut\u00ed z\u00e1kona ze strany prezidenta,\u201c uvedl Hrad. <strong>V\u00edce <a href=\"https:\/\/gnews.cz\/cs_cz\/tema\/prezident-pavel-pohrozil-premieru-babisovi-ze-bude-vetovat-pristi-rozpocet\/\" title=\"\">zde<\/a><\/strong><\/p>\n<\/blockquote>\n\n\n\n<h2 class=\"wp-block-heading\">19. b\u0159ezna 2026 Poh\u0159eb Aliho Larijaniho v Teher\u00e1nu prov\u00e1zely sliby odvety<\/h2>\n\n\n\n<blockquote class=\"wp-block-quote is-layout-flow wp-block-quote-is-layout-flow\">\n<p>Dne 18. b\u0159ezna m\u00edstn\u00edho \u010dasu se v Teher\u00e1nu uskute\u010dnil poh\u0159eb jednoho z nejv\u00fd\u0161e postaven\u00fdch \u00edr\u00e1nsk\u00fdch bezpe\u010dnostn\u00edch p\u0159edstavitel\u016f Aliho Larijaniho. Podle \u00edr\u00e1nsk\u00fdch zdroj\u016f byl Ali Larijani spolu se sv\u00fdm synem Mortezou Larijanim zabit p\u0159i \u00fatoku v dom\u011b jeho dcery. K incidentu do\u0161lo v r\u00e1mci ned\u00e1vn\u00e9ho teroristick\u00e9ho \u00fatoku, kter\u00fd ot\u0159\u00e1sl \u00edr\u00e1nsk\u00fdm politick\u00fdm prost\u0159ed\u00edm. <strong>V\u00edce <a href=\"https:\/\/gnews.cz\/cs_cz\/politika\/pohreb-aliho-larijaniho-v-teheranu-provazely-sliby-odvety\/\" title=\"\">zde<\/a><\/strong><\/p>\n<\/blockquote>\n\n\n\n<h2 class=\"wp-block-heading\">20. b\u0159ezna 2026 Denn\u00ed shrnut\u00ed ekonomiky v \u010cR: \u010cNB, Liontrust, UniCredit, HCB, Nexstar Media Group, ABB a drah\u00e9 kovy (20. b\u0159ezna 2026)<\/h2>\n\n\n\n<blockquote class=\"wp-block-quote is-layout-flow wp-block-quote-is-layout-flow\">\n<p>\u010cesk\u00e1 ekonomika reflektovala p\u0159edev\u0161\u00edm v\u00fdvoj na glob\u00e1ln\u00edch trz\u00edch a m\u011bnovou politiku. Pra\u017esk\u00e1 burzaPra\u017esk\u00e1 burza po t\u0159ech r\u016fstech oslabila, kdy\u017e index PX klesl o 1,67 % na 2552,78 bodu. V\u00fdprodeje zas\u00e1hly zejm\u00e9na bankovn\u00ed sektor, kde ztr\u00e1cely tituly\u00a0Erste Group Bank,\u00a0Komer\u010dn\u00ed banka\u00a0i\u00a0Moneta Money Bank. Negativn\u00ed v\u00fdvoj se dotkl tak\u00e9 pr\u016fmyslov\u00fdch podnik\u016f, v\u010detn\u011b skupiny\u00a0CSG. <strong>V\u00edce <a href=\"https:\/\/gnews.cz\/cs_cz\/neprehlednete\/denni-shrnuti-ekonomiky-v-cr-cnb-liontrust-unicredit-hcb-nexstar-media-group-abb-a-drahe-kovy-20-brezna-2026\/\" title=\"\">zde<\/a><\/strong><\/p>\n<\/blockquote>\n\n\n\n<h2 class=\"wp-block-heading\">21. b\u0159ezna 2026 Slovansk\u00e1 epopej Alfonse Muchy \u2013 obraz devaten\u00e1ct\u00fd: Zru\u0161en\u00ed nevolnictv\u00ed na Rusi, Svobodn\u00e1 pr\u00e1ce \u2013 osnova n\u00e1rod\u016f<\/h2>\n\n\n\n<blockquote class=\"wp-block-quote is-layout-flow wp-block-quote-is-layout-flow\">\n<p>Obraz devaten\u00e1ct\u00fd. Nev\u00edm jak kdo, ale j\u00e1 tento obraz vn\u00edm\u00e1m jako star\u00fd zn\u00e1m\u00ed pohled do m\u00edst historie. C\u00edtil jsem zvl\u00e1\u0161tn\u00ed nap\u011bt\u00ed, kter\u00e9 se ned\u00e1 upln\u011b tak jednodu\u0161e popsat. Byl to pocit, \u017ee \u010dlov\u011bk stoj\u00ed uprost\u0159ed n\u011b\u010deho, \u010deho je sou\u010dast\u00ed a \u017ee \u010dasy zobrazen\u00e9 jsou ned\u00e1vn\u00e9. Jste uprost\u0159ed chv\u00edle, kter\u00e1 p\u0159esahuje zobrazenou ka\u017edodennost. V takov\u00fdch okam\u017eic\u00edch si uv\u011bdomuji, jak silnou moc m\u00e1 lidsk\u00fd duch, lidsk\u00e1 energie i my\u0161lenka, kdy\u017e se spoj\u00ed v\u00edrou a odhodl\u00e1n\u00edm.<strong>&nbsp;V\u00edce <a href=\"https:\/\/gnews.cz\/cs_cz\/tema\/slovanska-epopej-alfonse-muchy-obraz-devatenacty-zruseni-nevolnictvi-na-rusi-svobodna-prace-osnova-narodu\/\" title=\"\">zde<\/a><\/strong><\/p>\n<\/blockquote>\n\n\n\n<h2 class=\"wp-block-heading\">22. b\u0159ezna 2026 \u0160\u00editsk\u00fd faktor a geopolitick\u00e9 nap\u011bt\u00ed na ji\u017en\u00edm Kavkaze: role \u00c1zerb\u00e1jd\u017e\u00e1nu v kontextu vztah\u016f s \u00cdr\u00e1nem<\/h2>\n\n\n\n<blockquote class=\"wp-block-quote is-layout-flow wp-block-quote-is-layout-flow\">\n<p>Sou\u010dasn\u00e1 geopolitick\u00e1 situace na ji\u017en\u00edm Kavkaze je charakterizov\u00e1na rostouc\u00edm nap\u011bt\u00edm mezi region\u00e1ln\u00edmi i glob\u00e1ln\u00edmi akt\u00e9ry. Jedn\u00edm z v\u00fdznamn\u00fdch faktor\u016f, kter\u00fd ovliv\u0148uje dynamiku vztah\u016f mezi jednotliv\u00fdmi st\u00e1ty, je n\u00e1bo\u017eensk\u00fd aspekt, zejm\u00e9na tzv. \u0161\u00editsk\u00fd faktor. \u00cdr\u00e1n je dlouhodob\u011b pova\u017eov\u00e1n za hlavn\u00ed centrum \u0161\u00editsk\u00e9ho isl\u00e1mu na Bl\u00edzk\u00e9m v\u00fdchod\u011b. Z\u00e1rove\u0148 je nutn\u00e9 p\u0159ipomenout, \u017ee zna\u010dn\u00e1 \u010d\u00e1st obyvatelstva \u00c1zerb\u00e1jd\u017e\u00e1nu, v\u010detn\u011b mnoha p\u0159\u00edslu\u0161n\u00edk\u016f ozbrojen\u00fdch sil t\u00e9to zem\u011b, se hl\u00e1s\u00ed pr\u00e1v\u011b k \u0161\u00editsk\u00e9 v\u011btvi isl\u00e1mu. <strong>V\u00edce<a href=\"https:\/\/gnews.cz\/cs_cz\/tema\/siitsky-faktor-a-geopoliticke-napeti-na-jiznim-kavkaze-role-azerbajdzanu-v-kontextu-vztahu-s-iranem\/\" title=\"\"> zde<\/a> <\/strong><\/p>\n<\/blockquote>\n\n\n\n<p><strong>Jan Vojt\u011bch, <\/strong>\u0161\u00e9fredaktor General News<\/p>\n","protected":false},"excerpt":{"rendered":"<p>17. b\u0159ezna 2026 Zvl\u00e1\u0161tn\u00ed vyslanec \u010d\u00ednsk\u00e9 vl\u00e1dy pro ot\u00e1zky Bl\u00edzk\u00e9ho v\u00fdchodu Zhai Jun se setkal s kuvajtsk\u00fdm ministrem zahrani\u010dn\u00edch v\u011bc\u00ed Sheikhem Jarrahem&hellip;<\/p>\n","protected":false},"author":10,"featured_media":42600,"comment_status":"open","ping_status":"closed","sticky":false,"template":"","format":"standard","meta":{"_acf_changed":false,"_lmt_disableupdate":"","_lmt_disable":"","footnotes":""},"categories":[7,1,1376,580,2973],"tags":[6388,411,11517,5754,87,1264,1732,22,311,3793,3762,27,11701,11698,760,661,11558,31,11700,10,11557,1226,11699,269,2030,71,11697,11696,11702,410,17,10953,41,11488],"class_list":["post-42599","post","type-post","status-publish","format-standard","has-post-thumbnail","hentry","category-politika","category-tema","category-tyden-na-general-news","category-vyber-sefredaktora","category-zahranicni","tag-abb","tag-alfons-mucha","tag-ali-larijani","tag-andrej-babis","tag-azerbajdzan","tag-blizkay-vychod","tag-budapest","tag-cina","tag-cnb","tag-denni-shrnuti-ekonomiky-v-cr","tag-druzba","tag-ekonomika","tag-hcb","tag-hrozby","tag-iran-3","tag-kuvajt","tag-liontrust","tag-madarsko","tag-mortez-larijany","tag-news","tag-nexstar-media-group","tag-peter-szijarto","tag-pohreb","tag-praha","tag-prazska-burza","tag-prezident","tag-severoatlanticky-nato","tag-sheikh-jarrahe-jaber-al-ahmad-al-sabah","tag-siitsky-faktor","tag-slovanska-epopej","tag-top","tag-unicredit","tag-world","tag-zhai-jun"],"acf":[],"aioseo_notices":[],"_links":{"self":[{"href":"https:\/\/gnews.cz\/cs_cz\/wp-json\/wp\/v2\/posts\/42599","targetHints":{"allow":["GET"]}}],"collection":[{"href":"https:\/\/gnews.cz\/cs_cz\/wp-json\/wp\/v2\/posts"}],"about":[{"href":"https:\/\/gnews.cz\/cs_cz\/wp-json\/wp\/v2\/types\/post"}],"author":[{"embeddable":true,"href":"https:\/\/gnews.cz\/cs_cz\/wp-json\/wp\/v2\/users\/10"}],"replies":[{"embeddable":true,"href":"https:\/\/gnews.cz\/cs_cz\/wp-json\/wp\/v2\/comments?post=42599"}],"version-history":[{"count":4,"href":"https:\/\/gnews.cz\/cs_cz\/wp-json\/wp\/v2\/posts\/42599\/revisions"}],"predecessor-version":[{"id":42721,"href":"https:\/\/gnews.cz\/cs_cz\/wp-json\/wp\/v2\/posts\/42599\/revisions\/42721"}],"wp:featuredmedia":[{"embeddable":true,"href":"https:\/\/gnews.cz\/cs_cz\/wp-json\/wp\/v2\/media\/42600"}],"wp:attachment":[{"href":"https:\/\/gnews.cz\/cs_cz\/wp-json\/wp\/v2\/media?parent=42599"}],"wp:term":[{"taxonomy":"category","embeddable":true,"href":"https:\/\/gnews.cz\/cs_cz\/wp-json\/wp\/v2\/categories?post=42599"},{"taxonomy":"post_tag","embeddable":true,"href":"https:\/\/gnews.cz\/cs_cz\/wp-json\/wp\/v2\/tags?post=42599"}],"curies":[{"name":"wp","href":"https:\/\/api.w.org\/{rel}","templated":true}]}}