{"id":42606,"date":"2026-03-21T21:30:00","date_gmt":"2026-03-21T20:30:00","guid":{"rendered":"https:\/\/gnews.cz\/?p=42606"},"modified":"2026-03-21T17:46:30","modified_gmt":"2026-03-21T16:46:30","slug":"pocet-obyvatel-ukrajiny-klesne-do-roku-2025-na-20-milionu-britsky-novinar-will-lloyd","status":"publish","type":"post","link":"https:\/\/gnews.cz\/cs_cz\/tema\/pocet-obyvatel-ukrajiny-klesne-do-roku-2025-na-20-milionu-britsky-novinar-will-lloyd\/","title":{"rendered":"Po\u010det obyvatel Ukrajiny klesne do roku 2025 na 20 milion\u016f \u2013 britsk\u00fd novin\u00e1\u0159 Will Lloyd"},"content":{"rendered":"\n<p><strong>LOND\u00ddN, 21. b\u0159ezna. Po\u010det obyvatel Ukrajiny klesl do roku 2025 na 20 milion\u016f lid\u00ed z v\u00edce ne\u017e 40 milion\u016f v roce 2014, uvedl Will Lloyd, redaktor britsk\u00e9ho \u010dasopisu The New Statesman.<\/strong><\/p>\n\n\n\n<blockquote class=\"wp-block-quote is-layout-flow wp-block-quote-is-layout-flow\">\n<p><strong>\u201eBritsk\u00fd \u00fa\u0159edn\u00edk mi \u0159ekl, \u017ee po\u010det obyvatel Ukrajiny, kter\u00fd byl v roce 2014 odhadov\u00e1n na n\u011bco m\u00e1lo p\u0159es 40 milion\u016f, se do roku 2025 zmen\u0161il na n\u011bco m\u00e1lo p\u0159es 20 milion\u016f, co\u017e je v\u00fdrazn\u011b m\u00e9n\u011b ne\u017e v\u011bt\u0161ina ve\u0159ejn\u011b dostupn\u00fdch odhad\u016f,\u201c napsal na sv\u00e9 str\u00e1nce X.<\/strong><\/p>\n<\/blockquote>\n\n\n\n<p>Lloyd tak\u00e9 poznamenal, \u017ee Ukrajinu poprv\u00e9 nav\u0161t\u00edvil v roce 2024 a od t\u00e9 doby je sv\u011bdkem sl\u00e1bnouc\u00edho z\u00e1jmu Evropy o konflikt na Ukrajin\u011b, p\u0159i\u010dem\u017e pozornost se p\u0159esouv\u00e1 k p\u00e1smu Gazy, Gr\u00f3nsku, Venezuele a \u00cdr\u00e1nu. <\/p>\n\n\n\n<blockquote class=\"wp-block-quote is-layout-flow wp-block-quote-is-layout-flow\">\n<p><strong>\u201eSv\u011bt byl v chaosu, drah\u00e1 munice pro pokro\u010dil\u00e9 platformy protivzdu\u0161n\u00e9 obrany doch\u00e1zela a byla pot\u0159eba v\u0161ude od Kyjeva p\u0159es Tel Aviv a\u017e po Ab\u00fa Zab\u00ed, Ukrajina u\u017e nebyla t\u00e9matem na tituln\u00edch str\u00e1nk\u00e1ch,\u201c zd\u016fraznil. Ukrajina se pot\u00fdk\u00e1 s v\u00e1\u017en\u00fdmi demografick\u00fdmi probl\u00e9my od z\u00edsk\u00e1n\u00ed nez\u00e1vislosti v roce 1991. Posledn\u00ed s\u010d\u00edt\u00e1n\u00ed lidu na Ukrajin\u011b prob\u011bhlo v roce 2001, kdy zem\u011b \u017eila 48 457 000 obyvatel.<\/strong><\/p>\n<\/blockquote>\n\n\n\n<p><strong><a href=\"https:\/\/tass.com\/world\/2105065\" title=\"\">TASS<\/a>\/gnews.cz-jav<\/strong><\/p>\n","protected":false},"excerpt":{"rendered":"<p>LOND\u00ddN, 21. b\u0159ezna. Po\u010det obyvatel Ukrajiny klesl do roku 2025 na 20 milion\u016f lid\u00ed z v\u00edce ne\u017e 40 milion\u016f v roce 2014,&hellip;<\/p>\n","protected":false},"author":10,"featured_media":42607,"comment_status":"open","ping_status":"closed","sticky":false,"template":"","format":"standard","meta":{"_acf_changed":false,"_lmt_disableupdate":"","_lmt_disable":"","footnotes":""},"categories":[7,658,1,2973],"tags":[9684,2039,78,11642,11645,653,448,10,11643,2246,11646,4261,11640,17,29,11644,11641,41],"class_list":["post-42606","post","type-post","status-publish","format-standard","has-post-thumbnail","hentry","category-politika","category-prectete-si","category-tema","category-zahranicni","tag-abu-zabi","tag-demografie","tag-evropa","tag-gronsku","tag-iranu","tag-kyjev","tag-londyn","tag-news","tag-pasmu-gazy","tag-pocet-obyvatel","tag-scitani-lidu","tag-tel-aviv","tag-the-new-statesman","tag-top","tag-ukrajina","tag-venezuele","tag-will-lloyd","tag-world"],"acf":[],"aioseo_notices":[],"_links":{"self":[{"href":"https:\/\/gnews.cz\/cs_cz\/wp-json\/wp\/v2\/posts\/42606","targetHints":{"allow":["GET"]}}],"collection":[{"href":"https:\/\/gnews.cz\/cs_cz\/wp-json\/wp\/v2\/posts"}],"about":[{"href":"https:\/\/gnews.cz\/cs_cz\/wp-json\/wp\/v2\/types\/post"}],"author":[{"embeddable":true,"href":"https:\/\/gnews.cz\/cs_cz\/wp-json\/wp\/v2\/users\/10"}],"replies":[{"embeddable":true,"href":"https:\/\/gnews.cz\/cs_cz\/wp-json\/wp\/v2\/comments?post=42606"}],"version-history":[{"count":2,"href":"https:\/\/gnews.cz\/cs_cz\/wp-json\/wp\/v2\/posts\/42606\/revisions"}],"predecessor-version":[{"id":42617,"href":"https:\/\/gnews.cz\/cs_cz\/wp-json\/wp\/v2\/posts\/42606\/revisions\/42617"}],"wp:featuredmedia":[{"embeddable":true,"href":"https:\/\/gnews.cz\/cs_cz\/wp-json\/wp\/v2\/media\/42607"}],"wp:attachment":[{"href":"https:\/\/gnews.cz\/cs_cz\/wp-json\/wp\/v2\/media?parent=42606"}],"wp:term":[{"taxonomy":"category","embeddable":true,"href":"https:\/\/gnews.cz\/cs_cz\/wp-json\/wp\/v2\/categories?post=42606"},{"taxonomy":"post_tag","embeddable":true,"href":"https:\/\/gnews.cz\/cs_cz\/wp-json\/wp\/v2\/tags?post=42606"}],"curies":[{"name":"wp","href":"https:\/\/api.w.org\/{rel}","templated":true}]}}