{"id":42722,"date":"2026-03-23T04:00:00","date_gmt":"2026-03-23T03:00:00","guid":{"rendered":"https:\/\/gnews.cz\/?p=42722"},"modified":"2026-03-22T19:37:14","modified_gmt":"2026-03-22T18:37:14","slug":"he-lifeng-jednal-v-pekingu-s-americkymi-podnikateli-o-budoucnosti-spoluprace","status":"publish","type":"post","link":"https:\/\/gnews.cz\/cs_cz\/ekonomika\/he-lifeng-jednal-v-pekingu-s-americkymi-podnikateli-o-budoucnosti-spoluprace\/","title":{"rendered":"He Lifeng jednal v Pekingu s americk\u00fdmi podnikateli o budoucnosti spolupr\u00e1ce"},"content":{"rendered":"\n<p><strong>M\u00edstop\u0159edseda \u010d\u00ednsk\u00e9 vl\u00e1dy He Lifeng se  v Pekingu setkal s delegac\u00ed Americko-\u010d\u00ednsk\u00e9 obchodn\u00ed rady. B\u011bhem jedn\u00e1n\u00ed zd\u016fraznil, \u017ee vztahy mezi \u010c\u00ednou a Spojen\u00fdmi st\u00e1ty pat\u0159\u00ed k nejd\u016fle\u017eit\u011bj\u0161\u00edm bilater\u00e1ln\u00edm vazb\u00e1m na sv\u011bt\u011b. Pr\u00e1v\u011b proto je podle n\u011bj kl\u00ed\u010dov\u00e9 udr\u017eovat otev\u0159enou komunikaci a podporovat stabiln\u00ed spolupr\u00e1ci, zejm\u00e9na v oblasti obchodu a ekonomiky.<\/strong><\/p>\n\n\n\n<p>He Lifeng z\u00e1rove\u0148 ocenil roli obchodn\u00ed rady jako d\u016fle\u017eit\u00e9ho mostu mezi ob\u011bma zem\u011bmi. Vyj\u00e1d\u0159il nad\u011bji, \u017ee bude i nad\u00e1le napom\u00e1hat rozvoji p\u0159\u00e1telsk\u00fdch kontakt\u016f a p\u0159isp\u00edvat ke zdrav\u00e9mu a vyv\u00e1\u017een\u00e9mu rozvoji \u010d\u00ednsko-americk\u00fdch hospod\u00e1\u0159sk\u00fdch vztah\u016f.<\/p>\n\n\n\n<p>Zvl\u00e1\u0161tn\u00ed d\u016fraz kladl tak\u00e9 na p\u0159\u00edle\u017eitosti, kter\u00e9 nab\u00edz\u00ed \u010d\u00ednsk\u00fd trh. Americk\u00e9 firmy podle n\u011bj mohou z dal\u0161\u00edho rozvoje \u010c\u00edny v\u00fdrazn\u011b t\u011b\u017eit, pokud dok\u00e1\u017eou naplno vyu\u017e\u00edt jeho potenci\u00e1l. Z\u00e1rove\u0148 vyzval k tomu, aby podniky p\u0159isp\u00edvaly k v\u011bt\u0161\u00ed stabilit\u011b a pozitivn\u00ed atmosf\u00e9\u0159e ve vz\u00e1jemn\u00fdch obchodn\u00edch vztaz\u00edch.<\/p>\n\n\n\n<p><strong><a href=\"https:\/\/czech.cri.cn\/2026\/03\/22\/ARTI1774185145835200\" title=\"\">CMG<\/a><\/strong><\/p>\n","protected":false},"excerpt":{"rendered":"<p>M\u00edstop\u0159edseda \u010d\u00ednsk\u00e9 vl\u00e1dy He Lifeng se v Pekingu setkal s delegac\u00ed Americko-\u010d\u00ednsk\u00e9 obchodn\u00ed rady. B\u011bhem jedn\u00e1n\u00ed zd\u016fraznil, \u017ee vztahy mezi \u010c\u00ednou a&hellip;<\/p>\n","protected":false},"author":6,"featured_media":42723,"comment_status":"open","ping_status":"closed","sticky":false,"template":"","format":"standard","meta":{"_acf_changed":false,"_lmt_disableupdate":"","_lmt_disable":"","footnotes":""},"categories":[4,2973],"tags":[22,18,3133,8463,38],"class_list":["post-42722","post","type-post","status-publish","format-standard","has-post-thumbnail","hentry","category-ekonomika","category-zahranicni","tag-cina","tag-cmg","tag-he-lifeng","tag-obchodni-spoluprace","tag-usa"],"acf":[],"aioseo_notices":[],"_links":{"self":[{"href":"https:\/\/gnews.cz\/cs_cz\/wp-json\/wp\/v2\/posts\/42722","targetHints":{"allow":["GET"]}}],"collection":[{"href":"https:\/\/gnews.cz\/cs_cz\/wp-json\/wp\/v2\/posts"}],"about":[{"href":"https:\/\/gnews.cz\/cs_cz\/wp-json\/wp\/v2\/types\/post"}],"author":[{"embeddable":true,"href":"https:\/\/gnews.cz\/cs_cz\/wp-json\/wp\/v2\/users\/6"}],"replies":[{"embeddable":true,"href":"https:\/\/gnews.cz\/cs_cz\/wp-json\/wp\/v2\/comments?post=42722"}],"version-history":[{"count":1,"href":"https:\/\/gnews.cz\/cs_cz\/wp-json\/wp\/v2\/posts\/42722\/revisions"}],"predecessor-version":[{"id":42724,"href":"https:\/\/gnews.cz\/cs_cz\/wp-json\/wp\/v2\/posts\/42722\/revisions\/42724"}],"wp:featuredmedia":[{"embeddable":true,"href":"https:\/\/gnews.cz\/cs_cz\/wp-json\/wp\/v2\/media\/42723"}],"wp:attachment":[{"href":"https:\/\/gnews.cz\/cs_cz\/wp-json\/wp\/v2\/media?parent=42722"}],"wp:term":[{"taxonomy":"category","embeddable":true,"href":"https:\/\/gnews.cz\/cs_cz\/wp-json\/wp\/v2\/categories?post=42722"},{"taxonomy":"post_tag","embeddable":true,"href":"https:\/\/gnews.cz\/cs_cz\/wp-json\/wp\/v2\/tags?post=42722"}],"curies":[{"name":"wp","href":"https:\/\/api.w.org\/{rel}","templated":true}]}}