{"id":42728,"date":"2026-03-18T19:42:41","date_gmt":"2026-03-18T18:42:41","guid":{"rendered":"https:\/\/gnews.cz\/?p=42728"},"modified":"2026-03-22T19:45:43","modified_gmt":"2026-03-22T18:45:43","slug":"madarsko-a-slovensko-planuji-novy-ropovod-reaguji-na-vypadky-dodavek-ropy","status":"publish","type":"post","link":"https:\/\/gnews.cz\/cs_cz\/neprehlednete\/madarsko-a-slovensko-planuji-novy-ropovod-reaguji-na-vypadky-dodavek-ropy\/","title":{"rendered":"Ma\u010farsko a Slovensko pl\u00e1nuj\u00ed nov\u00fd ropovod. Reaguj\u00ed na v\u00fdpadky dod\u00e1vek ropy"},"content":{"rendered":"\n<p><strong>Ma\u010farsko a Slovensko podepsaly 16. b\u0159ezna dohodu o v\u00fdstavb\u011b nov\u00e9ho ropovodu, kter\u00fd m\u00e1 zajistit p\u0159epravu benz\u00ednu a nafty mezi ob\u011bma zem\u011bmi. Projekt p\u0159ich\u00e1z\u00ed v dob\u011b rostouc\u00ed nejistoty kolem dod\u00e1vek energi\u00ed ve st\u0159edn\u00ed Evrop\u011b.<\/strong><\/p>\n\n\n\n<p>Slovensk\u00fd premi\u00e9r <strong>Robert Fico<\/strong> p\u0159i t\u00e9to p\u0159\u00edle\u017eitosti ost\u0159e kritizoval rozhodnut\u00ed Ukrajiny zastavit dod\u00e1vky rusk\u00e9 ropy. Ozna\u010dil ho za jednostrann\u00e9 a \u0161kodliv\u00e9 a zd\u016fraznil, \u017ee slovensk\u00e1 vl\u00e1da s takov\u00fdm krokem nem\u016f\u017ee souhlasit.<\/p>\n\n\n\n<p>Pl\u00e1novan\u00fd ropovod propoj\u00ed Bratislavu s rafineri\u00ed v ma\u010farsk\u00e9m m\u011bst\u011b <strong>Sz\u00e1zhalombatta<\/strong>. M\u011bl by m\u011b\u0159it p\u0159ibli\u017en\u011b 127 kilometr\u016f a jeho ro\u010dn\u00ed kapacita dos\u00e1hne a\u017e 1,5 milionu tun. Slou\u017eit bude p\u0159edev\u0161\u00edm k p\u0159eprav\u011b rafinovan\u00fdch produkt\u016f, jako jsou pohonn\u00e9 hmoty. Dokon\u010den\u00ed stavby se o\u010dek\u00e1v\u00e1 v prvn\u00ed polovin\u011b roku 2027.<\/p>\n\n\n\n<p>Fico z\u00e1rove\u0148 b\u011bhem telefon\u00e1tu s p\u0159edsedou <strong>Evropsk\u00e1 rada<\/strong> <strong>Ant\u00f3nio Costa<\/strong> zopakoval, \u017ee Slovensko nem\u016f\u017ee akceptovat zastaven\u00ed dod\u00e1vek ropy ropovodem <strong>Dru\u017eba<\/strong>. Vyj\u00e1d\u0159il o\u010dek\u00e1v\u00e1n\u00ed, \u017ee Evropsk\u00e1 unie vyvine na Ukrajinu tlak, aby byl tok ropy obnoven.<\/p>\n\n\n\n<p>Podle slovensk\u00e9ho premi\u00e9ra by Evropsk\u00e1 unie nem\u011bla up\u0159ednost\u0148ovat z\u00e1jmy Ukrajiny p\u0159ed pot\u0159ebami sv\u00fdch \u010dlensk\u00fdch st\u00e1t\u016f, mezi kter\u00e9 pat\u0159\u00ed i Slovensko a Ma\u010farsko.<\/p>\n\n\n\n<p><strong><a href=\"https:\/\/czech.cri.cn\/2026\/03\/18\/ARTI1773804897053543\" title=\"\">CMG<\/a><\/strong><\/p>\n","protected":false},"excerpt":{"rendered":"<p>Ma\u010farsko a Slovensko podepsaly 16. b\u0159ezna dohodu o v\u00fdstavb\u011b nov\u00e9ho ropovodu, kter\u00fd m\u00e1 zajistit p\u0159epravu benz\u00ednu a nafty mezi ob\u011bma zem\u011bmi. Projekt&hellip;<\/p>\n","protected":false},"author":6,"featured_media":42729,"comment_status":"open","ping_status":"closed","sticky":false,"template":"","format":"standard","meta":{"_acf_changed":false,"_lmt_disableupdate":"","_lmt_disable":"","footnotes":""},"categories":[4,3,2973],"tags":[18,31,458,2578,32],"class_list":["post-42728","post","type-post","status-publish","format-standard","has-post-thumbnail","hentry","category-ekonomika","category-neprehlednete","category-zahranicni","tag-cmg","tag-madarsko","tag-robert-fico","tag-ropovod","tag-slovensko"],"acf":[],"aioseo_notices":[],"_links":{"self":[{"href":"https:\/\/gnews.cz\/cs_cz\/wp-json\/wp\/v2\/posts\/42728","targetHints":{"allow":["GET"]}}],"collection":[{"href":"https:\/\/gnews.cz\/cs_cz\/wp-json\/wp\/v2\/posts"}],"about":[{"href":"https:\/\/gnews.cz\/cs_cz\/wp-json\/wp\/v2\/types\/post"}],"author":[{"embeddable":true,"href":"https:\/\/gnews.cz\/cs_cz\/wp-json\/wp\/v2\/users\/6"}],"replies":[{"embeddable":true,"href":"https:\/\/gnews.cz\/cs_cz\/wp-json\/wp\/v2\/comments?post=42728"}],"version-history":[{"count":1,"href":"https:\/\/gnews.cz\/cs_cz\/wp-json\/wp\/v2\/posts\/42728\/revisions"}],"predecessor-version":[{"id":42730,"href":"https:\/\/gnews.cz\/cs_cz\/wp-json\/wp\/v2\/posts\/42728\/revisions\/42730"}],"wp:featuredmedia":[{"embeddable":true,"href":"https:\/\/gnews.cz\/cs_cz\/wp-json\/wp\/v2\/media\/42729"}],"wp:attachment":[{"href":"https:\/\/gnews.cz\/cs_cz\/wp-json\/wp\/v2\/media?parent=42728"}],"wp:term":[{"taxonomy":"category","embeddable":true,"href":"https:\/\/gnews.cz\/cs_cz\/wp-json\/wp\/v2\/categories?post=42728"},{"taxonomy":"post_tag","embeddable":true,"href":"https:\/\/gnews.cz\/cs_cz\/wp-json\/wp\/v2\/tags?post=42728"}],"curies":[{"name":"wp","href":"https:\/\/api.w.org\/{rel}","templated":true}]}}