{"id":42731,"date":"2026-03-16T19:45:58","date_gmt":"2026-03-16T18:45:58","guid":{"rendered":"https:\/\/gnews.cz\/?p=42731"},"modified":"2026-03-22T21:30:17","modified_gmt":"2026-03-22T20:30:17","slug":"cinsky-vyslanec-jednal-v-kuvajtu-o-napeti-na-blizkem-vychode","status":"publish","type":"post","link":"https:\/\/gnews.cz\/cs_cz\/politika\/cinsky-vyslanec-jednal-v-kuvajtu-o-napeti-na-blizkem-vychode\/","title":{"rendered":"\u010c\u00ednsk\u00fd vyslanec jednal v Kuvajtu o nap\u011bt\u00ed na Bl\u00edzk\u00e9m v\u00fdchod\u011b"},"content":{"rendered":"\n<p><strong>Zvl\u00e1\u0161tn\u00ed vyslanec \u010d\u00ednsk\u00e9 vl\u00e1dy pro ot\u00e1zky Bl\u00edzk\u00e9ho v\u00fdchodu Zhai Jun se 15. b\u0159ezna 2026 setkal s kuvajtsk\u00fdm ministrem zahrani\u010dn\u00edch v\u011bc\u00ed Sheikh Jarrah Jaber Al-Ahmad Al-Sabahem.<\/strong><\/p>\n\n\n\n<p>B\u011bhem jedn\u00e1n\u00ed Zhai Jun uvedl, \u017ee situace v regionu z\u016fst\u00e1v\u00e1 velmi napjat\u00e1 a nestabiln\u00ed. Zem\u011b v oblasti <strong>Persk\u00fd z\u00e1liv<\/strong>, v\u010detn\u011b Kuvajtu, jsou podle n\u011bj sou\u010dasn\u00fdm v\u00fdvojem v\u00fdrazn\u011b zasa\u017eeny, co\u017e si \u010d\u00ednsk\u00e1 strana nep\u0159eje.<\/p>\n\n\n\n<p>Z\u00e1rove\u0148 ost\u0159e kritizoval vojensk\u00e9 \u00fadery Spojen\u00fdch st\u00e1t\u016f a Izraele proti \u00cdr\u00e1nu, kter\u00e9 podle n\u011bj prob\u011bhly bez mand\u00e1tu <strong>Rad\u011b bezpe\u010dnosti OSN<\/strong> a p\u0159edstavuj\u00ed poru\u0161en\u00ed mezin\u00e1rodn\u00edho pr\u00e1va. \u010c\u00edna se proti takov\u00fdm krok\u016fm jednozna\u010dn\u011b stav\u00ed.<\/p>\n\n\n\n<p>\u010c\u00ednsk\u00e1 strana rovn\u011b\u017e odsoudila \u00fatoky na civilisty a nevojensk\u00e9 c\u00edle a zd\u016fraznila, \u017ee suverenita, bezpe\u010dnost a \u00fazemn\u00ed celistvost st\u00e1t\u016f sdru\u017een\u00fdch v <strong>Rad\u011b pro spolupr\u00e1ci arabsk\u00fdch st\u00e1t\u016f v Z\u00e1livu<\/strong> mus\u00ed b\u00fdt pln\u011b respektov\u00e1ny. Podle Zhaie Juna by nem\u011bly b\u00fdt napad\u00e1ny ani energetick\u00e9 a hospod\u00e1\u0159sk\u00e9 objekty a mus\u00ed b\u00fdt zachov\u00e1na bezpe\u010dnost n\u00e1mo\u0159n\u00edch tras.<\/p>\n\n\n\n<p>Za nejd\u016fle\u017eit\u011bj\u0161\u00ed pova\u017euje okam\u017eit\u00e9 p\u0159\u00edm\u011b\u0159\u00ed a ukon\u010den\u00ed konfliktu. Mezin\u00e1rodn\u00ed spole\u010denstv\u00ed by podle Zhaie Juna m\u011blo vyzvat v\u0161echny z\u00fa\u010dastn\u011bn\u00e9 strany k zastaven\u00ed boj\u016f a zabr\u00e1nit dal\u0161\u00edmu zhor\u0161ov\u00e1n\u00ed situace.<\/p>\n\n\n\n<p>Zhai Jun z\u00e1rove\u0148 ocenil zdr\u017eenliv\u00fd p\u0159\u00edstup Kuvajtu a jeho snahu reagovat na v\u00fdvoj klidn\u011b a rozv\u00e1\u017en\u011b. Vyj\u00e1d\u0159il tak\u00e9 ochotu \u010c\u00edny spolupracovat s kuvajtskou stranou na zm\u00edrn\u011bn\u00ed nap\u011bt\u00ed a hled\u00e1n\u00ed konstruktivn\u00edho \u0159e\u0161en\u00ed.<\/p>\n\n\n\n<p><strong><a href=\"https:\/\/czech.cri.cn\/2026\/03\/16\/ARTI1773663379966707\" title=\"\">CMG<\/a><\/strong><\/p>\n","protected":false},"excerpt":{"rendered":"<p>Zvl\u00e1\u0161tn\u00ed vyslanec \u010d\u00ednsk\u00e9 vl\u00e1dy pro ot\u00e1zky Bl\u00edzk\u00e9ho v\u00fdchodu Zhai Jun se 15. b\u0159ezna 2026 setkal s kuvajtsk\u00fdm ministrem zahrani\u010dn\u00edch v\u011bc\u00ed Sheikh Jarrah&hellip;<\/p>\n","protected":false},"author":6,"featured_media":42735,"comment_status":"open","ping_status":"closed","sticky":false,"template":"","format":"standard","meta":{"_acf_changed":false,"_lmt_disableupdate":"","_lmt_disable":"","footnotes":""},"categories":[7,2973],"tags":[22,18,1523,661,3415],"class_list":["post-42731","post","type-post","status-publish","format-standard","has-post-thumbnail","hentry","category-politika","category-zahranicni","tag-cina","tag-cmg","tag-diplomacie","tag-kuvajt","tag-persky-zaliv"],"acf":[],"aioseo_notices":[],"_links":{"self":[{"href":"https:\/\/gnews.cz\/cs_cz\/wp-json\/wp\/v2\/posts\/42731","targetHints":{"allow":["GET"]}}],"collection":[{"href":"https:\/\/gnews.cz\/cs_cz\/wp-json\/wp\/v2\/posts"}],"about":[{"href":"https:\/\/gnews.cz\/cs_cz\/wp-json\/wp\/v2\/types\/post"}],"author":[{"embeddable":true,"href":"https:\/\/gnews.cz\/cs_cz\/wp-json\/wp\/v2\/users\/6"}],"replies":[{"embeddable":true,"href":"https:\/\/gnews.cz\/cs_cz\/wp-json\/wp\/v2\/comments?post=42731"}],"version-history":[{"count":1,"href":"https:\/\/gnews.cz\/cs_cz\/wp-json\/wp\/v2\/posts\/42731\/revisions"}],"predecessor-version":[{"id":42736,"href":"https:\/\/gnews.cz\/cs_cz\/wp-json\/wp\/v2\/posts\/42731\/revisions\/42736"}],"wp:featuredmedia":[{"embeddable":true,"href":"https:\/\/gnews.cz\/cs_cz\/wp-json\/wp\/v2\/media\/42735"}],"wp:attachment":[{"href":"https:\/\/gnews.cz\/cs_cz\/wp-json\/wp\/v2\/media?parent=42731"}],"wp:term":[{"taxonomy":"category","embeddable":true,"href":"https:\/\/gnews.cz\/cs_cz\/wp-json\/wp\/v2\/categories?post=42731"},{"taxonomy":"post_tag","embeddable":true,"href":"https:\/\/gnews.cz\/cs_cz\/wp-json\/wp\/v2\/tags?post=42731"}],"curies":[{"name":"wp","href":"https:\/\/api.w.org\/{rel}","templated":true}]}}