{"id":42737,"date":"2026-03-24T04:00:00","date_gmt":"2026-03-24T03:00:00","guid":{"rendered":"https:\/\/gnews.cz\/?p=42737"},"modified":"2026-03-23T12:28:16","modified_gmt":"2026-03-23T11:28:16","slug":"zhai-jun-informoval-o-situaci-na-blizkem-vychode-a-sve-ceste-po-regionu","status":"publish","type":"post","link":"https:\/\/gnews.cz\/cs_cz\/neprehlednete\/zhai-jun-informoval-o-situaci-na-blizkem-vychode-a-sve-ceste-po-regionu\/","title":{"rendered":"Zhai Jun informoval o situaci na Bl\u00edzk\u00e9m v\u00fdchod\u011b a sv\u00e9 cest\u011b po regionu"},"content":{"rendered":"\n<p><strong>Zvl\u00e1\u0161tn\u00ed vyslanec \u010d\u00ednsk\u00e9 vl\u00e1dy pro Bl\u00edzk\u00fd v\u00fdchod, Zhai Jun, <strong>uspo\u0159\u00e1dal<\/strong><\/strong> <strong>v Pekingu informa\u010dn\u00ed konferenci, kde shrnul aktu\u00e1ln\u00ed d\u011bn\u00ed v regionu a pod\u011blil se o zku\u0161enosti ze sv\u00e9 ned\u00e1vn\u00e9 cesty.<\/strong><\/p>\n\n\n\n<p>B\u011bhem n\u00e1v\u0161t\u011bv v n\u011bkolika zem\u00edch Bl\u00edzk\u00e9ho v\u00fdchodu se setkal s ministry zahrani\u010d\u00ed Sa\u00fadsk\u00e9 Ar\u00e1bie, Spojen\u00fdch arabsk\u00fdch emir\u00e1t\u016f, Bahrajnu, Kuvajtu a Egypta. Hovo\u0159il tak\u00e9 s gener\u00e1ln\u00edmi tajemn\u00edky Rady pro spolupr\u00e1ci arabsk\u00fdch st\u00e1t\u016f Persk\u00e9ho z\u00e1livu (GCC) a Ligy arabsk\u00fdch st\u00e1t\u016f (LAS) a telefonicky se spojil se st\u00e1tn\u00edm tajemn\u00edkem katarsk\u00e9ho ministerstva zahrani\u010d\u00ed. Diskuse se zam\u011b\u0159ily na uklidn\u011bn\u00ed nap\u011bt\u00ed, podporu sm\u00edru a snahu zastavit v\u00e1lku.<\/p>\n\n\n\n<p>Zhai Jun zd\u016fraznil, \u017ee je nezbytn\u00e9 zabr\u00e1nit dal\u0161\u00edmu \u0161\u00ed\u0159en\u00ed a eskalaci konfliktu. Sou\u010dasn\u00e9 boje ohro\u017euj\u00ed bezpe\u010dnost a stabilitu Bl\u00edzk\u00e9ho v\u00fdchodu a maj\u00ed vliv na glob\u00e1ln\u00ed ekonomiku, energetickou bezpe\u010dnost a n\u00e1mo\u0159n\u00ed dopravu. \u010c\u00edna odsuzuje \u00fatoky na civilisty a nevojensk\u00e9 c\u00edle.<\/p>\n\n\n\n<p>Podle Zhai Juna lid\u00e9 v regionu tou\u017e\u00ed po m\u00edru a klidu a v\u0161echny strany by m\u011bly okam\u017eit\u011b zastavit vojensk\u00e9 operace, zabr\u00e1nit eskalaci nap\u011bt\u00ed a p\u0159edej\u00edt chaosu. Vyzval tak\u00e9 k odm\u00edtnut\u00ed unilateralismu \u2013 s\u00edla neznamen\u00e1 pravdu. Mezin\u00e1rodn\u00ed spole\u010denstv\u00ed by m\u011blo spole\u010dn\u011b h\u00e1jit mezin\u00e1rodn\u00ed pr\u00e1vo a zabr\u00e1nit n\u00e1vratu k principu \u201esiln\u011bj\u0161\u00ed por\u00e1\u017e\u00ed slab\u0161\u00edho\u201c.<\/p>\n\n\n\n<p><strong><a href=\"https:\/\/czech.cri.cn\/2026\/03\/23\/ARTI1774261754765135\" title=\"\">CMG<\/a><\/strong><\/p>\n","protected":false},"excerpt":{"rendered":"<p>Zvl\u00e1\u0161tn\u00ed vyslanec \u010d\u00ednsk\u00e9 vl\u00e1dy pro Bl\u00edzk\u00fd v\u00fdchod, Zhai Jun, uspo\u0159\u00e1dal v Pekingu informa\u010dn\u00ed konferenci, kde shrnul aktu\u00e1ln\u00ed d\u011bn\u00ed v regionu a pod\u011blil&hellip;<\/p>\n","protected":false},"author":6,"featured_media":42754,"comment_status":"open","ping_status":"closed","sticky":false,"template":"","format":"standard","meta":{"_acf_changed":false,"_lmt_disableupdate":"","_lmt_disable":"","footnotes":""},"categories":[3,7,2973],"tags":[1264,18,1523,755,11488],"class_list":["post-42737","post","type-post","status-publish","format-standard","has-post-thumbnail","hentry","category-neprehlednete","category-politika","category-zahranicni","tag-blizkay-vychod","tag-cmg","tag-diplomacie","tag-mir","tag-zhai-jun"],"acf":[],"aioseo_notices":[],"_links":{"self":[{"href":"https:\/\/gnews.cz\/cs_cz\/wp-json\/wp\/v2\/posts\/42737","targetHints":{"allow":["GET"]}}],"collection":[{"href":"https:\/\/gnews.cz\/cs_cz\/wp-json\/wp\/v2\/posts"}],"about":[{"href":"https:\/\/gnews.cz\/cs_cz\/wp-json\/wp\/v2\/types\/post"}],"author":[{"embeddable":true,"href":"https:\/\/gnews.cz\/cs_cz\/wp-json\/wp\/v2\/users\/6"}],"replies":[{"embeddable":true,"href":"https:\/\/gnews.cz\/cs_cz\/wp-json\/wp\/v2\/comments?post=42737"}],"version-history":[{"count":1,"href":"https:\/\/gnews.cz\/cs_cz\/wp-json\/wp\/v2\/posts\/42737\/revisions"}],"predecessor-version":[{"id":42755,"href":"https:\/\/gnews.cz\/cs_cz\/wp-json\/wp\/v2\/posts\/42737\/revisions\/42755"}],"wp:featuredmedia":[{"embeddable":true,"href":"https:\/\/gnews.cz\/cs_cz\/wp-json\/wp\/v2\/media\/42754"}],"wp:attachment":[{"href":"https:\/\/gnews.cz\/cs_cz\/wp-json\/wp\/v2\/media?parent=42737"}],"wp:term":[{"taxonomy":"category","embeddable":true,"href":"https:\/\/gnews.cz\/cs_cz\/wp-json\/wp\/v2\/categories?post=42737"},{"taxonomy":"post_tag","embeddable":true,"href":"https:\/\/gnews.cz\/cs_cz\/wp-json\/wp\/v2\/tags?post=42737"}],"curies":[{"name":"wp","href":"https:\/\/api.w.org\/{rel}","templated":true}]}}