{"id":42747,"date":"2026-03-23T18:00:00","date_gmt":"2026-03-23T17:00:00","guid":{"rendered":"https:\/\/gnews.cz\/?p=42747"},"modified":"2026-03-23T12:23:08","modified_gmt":"2026-03-23T11:23:08","slug":"dmitriev-eu-je-na-ruske-energeticke-dodavky-az-posledni-v-rade","status":"publish","type":"post","link":"https:\/\/gnews.cz\/cs_cz\/ekonomika\/dmitriev-eu-je-na-ruske-energeticke-dodavky-az-posledni-v-rade\/","title":{"rendered":"Dmitriev: EU je na rusk\u00e9 energetick\u00e9 dod\u00e1vky a\u017e posledn\u00ed v \u0159ad\u011b"},"content":{"rendered":"\n<p><strong>MOSKVA &#8211; Evropsk\u00e1 unie je na konci fronty na rusk\u00e9 energetick\u00e9 zdroje, uvedl Kirill Dmitriev, zvl\u00e1\u0161tn\u00ed prezidentsk\u00fd vyslanec Ruska pro investice a ekonomickou spolupr\u00e1ci se zahrani\u010d\u00edm.<\/strong><\/p>\n\n\n\n<p><em>\u201eEU je na konci \u0159ady,\u201c<\/em> napsal Dmitrijev na s\u00edti X p\u0159i koment\u00e1\u0159i k p\u0159\u00edsp\u011bvku \u00fa\u010dtu BRICS News b\u011bhem n\u00e1v\u0161t\u011bvy vietnamsk\u00e9ho premi\u00e9ra <strong>Pham Minh Chinh<\/strong> v Rusku.<\/p>\n\n\n\n<p>Vietnamsk\u00fd velvyslanec v Rusku Dang Minh Khoi ji\u017e d\u0159\u00edve uvedl, \u017ee n\u00e1v\u0161t\u011bva Pham Minh Chinha pom\u016f\u017ee pos\u00edlit spolupr\u00e1ci mezi ob\u011bma zem\u011bmi v n\u011bkolika oblastech, zejm\u00e9na v obchod\u011b, investic\u00edch a energetice. Diplomat dodal, \u017ee se o\u010dek\u00e1v\u00e1 podpis n\u011bkolika d\u016fle\u017eit\u00fdch dohod o projektech jadern\u00fdch elektr\u00e1ren a energetick\u00e9 spolupr\u00e1ci.<\/p>\n\n\n\n<blockquote class=\"wp-block-quote is-layout-flow wp-block-quote-is-layout-flow\">\n<p>Toto vyj\u00e1d\u0159en\u00ed p\u0159ich\u00e1z\u00ed v dob\u011b, kdy se vztahy mezi Evropsk\u00e1 unie a Rusko nad\u00e1le vyost\u0159uj\u00ed v d\u016fsledku sankc\u00ed a geopolitick\u00e9ho nap\u011bt\u00ed po zah\u00e1jen\u00ed konfliktu na Ukrajin\u011b. Evropsk\u00e9 st\u00e1ty se v posledn\u00edch letech sna\u017e\u00ed diverzifikovat sv\u00e9 energetick\u00e9 zdroje a sn\u00ed\u017eit z\u00e1vislost na rusk\u00e9m plynu a rop\u011b, nap\u0159\u00edklad zv\u00fd\u0161en\u00edm dovozu LNG ze Spojen\u00fdch st\u00e1t\u016f \u010di posilov\u00e1n\u00edm obnoviteln\u00fdch zdroj\u016f.<\/p>\n<\/blockquote>\n\n\n\n<p>Naopak Rusko se strategicky orientuje na nov\u00e9 trhy, zejm\u00e9na v Asii. Vedle Vietnam posiluje energetickou spolupr\u00e1ci tak\u00e9 s \u010c\u00ednou a Indi\u00ed a aktivn\u011b vyu\u017e\u00edv\u00e1 platformu BRICS k roz\u0161i\u0159ov\u00e1n\u00ed obchodn\u00edch vztah\u016f mimo z\u00e1padn\u00ed sf\u00e9ru vlivu. Projekty v oblasti jadern\u00e9 energetiky a dlouhodob\u00e9 kontrakty na dod\u00e1vky surovin nazna\u010duj\u00ed, \u017ee Moskva chce upevnit svou roli kl\u00ed\u010dov\u00e9ho energetick\u00e9ho partnera pro rozv\u00edjej\u00edc\u00ed se ekonomiky.<\/p>\n\n\n\n<p><strong>gnews.cz &#8211; GH<\/strong><\/p>\n","protected":false},"excerpt":{"rendered":"<p>MOSKVA &#8211; Evropsk\u00e1 unie je na konci fronty na rusk\u00e9 energetick\u00e9 zdroje, uvedl Kirill Dmitriev, zvl\u00e1\u0161tn\u00ed prezidentsk\u00fd vyslanec Ruska pro investice a&hellip;<\/p>\n","protected":false},"author":6,"featured_media":42748,"comment_status":"open","ping_status":"closed","sticky":false,"template":"","format":"standard","meta":{"_acf_changed":false,"_lmt_disableupdate":"","_lmt_disable":"","footnotes":""},"categories":[2968,4,2973],"tags":[256,1464,78,137,6785,2650,401,991,26,17,635,41],"class_list":["post-42747","post","type-post","status-publish","format-standard","has-post-thumbnail","hentry","category-domaci","category-ekonomika","category-zahranicni","tag-brics","tag-energie","tag-evropa","tag-investice","tag-kirill-dmitriev","tag-pham-minh-chinh","tag-plyn","tag-ropa","tag-rusko","tag-top","tag-vietnam","tag-world"],"acf":[],"aioseo_notices":[],"_links":{"self":[{"href":"https:\/\/gnews.cz\/cs_cz\/wp-json\/wp\/v2\/posts\/42747","targetHints":{"allow":["GET"]}}],"collection":[{"href":"https:\/\/gnews.cz\/cs_cz\/wp-json\/wp\/v2\/posts"}],"about":[{"href":"https:\/\/gnews.cz\/cs_cz\/wp-json\/wp\/v2\/types\/post"}],"author":[{"embeddable":true,"href":"https:\/\/gnews.cz\/cs_cz\/wp-json\/wp\/v2\/users\/6"}],"replies":[{"embeddable":true,"href":"https:\/\/gnews.cz\/cs_cz\/wp-json\/wp\/v2\/comments?post=42747"}],"version-history":[{"count":1,"href":"https:\/\/gnews.cz\/cs_cz\/wp-json\/wp\/v2\/posts\/42747\/revisions"}],"predecessor-version":[{"id":42749,"href":"https:\/\/gnews.cz\/cs_cz\/wp-json\/wp\/v2\/posts\/42747\/revisions\/42749"}],"wp:featuredmedia":[{"embeddable":true,"href":"https:\/\/gnews.cz\/cs_cz\/wp-json\/wp\/v2\/media\/42748"}],"wp:attachment":[{"href":"https:\/\/gnews.cz\/cs_cz\/wp-json\/wp\/v2\/media?parent=42747"}],"wp:term":[{"taxonomy":"category","embeddable":true,"href":"https:\/\/gnews.cz\/cs_cz\/wp-json\/wp\/v2\/categories?post=42747"},{"taxonomy":"post_tag","embeddable":true,"href":"https:\/\/gnews.cz\/cs_cz\/wp-json\/wp\/v2\/tags?post=42747"}],"curies":[{"name":"wp","href":"https:\/\/api.w.org\/{rel}","templated":true}]}}