{"id":42758,"date":"2026-03-23T21:00:00","date_gmt":"2026-03-23T20:00:00","guid":{"rendered":"https:\/\/gnews.cz\/?p=42758"},"modified":"2026-03-23T19:25:18","modified_gmt":"2026-03-23T18:25:18","slug":"cesko-a-slovensko-prohlubuji-spolupraci-vlada-zaroven-chysta-desitky-novych-zakonu","status":"publish","type":"post","link":"https:\/\/gnews.cz\/cs_cz\/neprehlednete\/cesko-a-slovensko-prohlubuji-spolupraci-vlada-zaroven-chysta-desitky-novych-zakonu\/","title":{"rendered":"\u010cesko a Slovensko prohlubuj\u00ed spolupr\u00e1ci, vl\u00e1da z\u00e1rove\u0148 chyst\u00e1 des\u00edtky nov\u00fdch z\u00e1kon\u016f"},"content":{"rendered":"\n<p><strong>Vl\u00e1da \u010cesk\u00e9 republiky Andreje Babi\u0161e se v pond\u011bl\u00ed 23. b\u0159ezna se\u0161la na sv\u00e9 pravideln\u00e9 sch\u016fzi. Kabinet schv\u00e1lil memorandum o prohlouben\u00e9 spolupr\u00e1ci se slovenskou vl\u00e1dou, kter\u00fdm chce v\u00fdrazn\u011b pos\u00edlit vz\u00e1jemn\u00e9 vztahy obou zem\u00ed. Dokument by m\u011bli slavnostn\u011b podepsat \u010desk\u00fd a slovensk\u00fd premi\u00e9r p\u0159i obnoven\u00e9m spole\u010dn\u00e9m zased\u00e1n\u00ed vl\u00e1d, kter\u00e9 je pl\u00e1nov\u00e1no na \u00fater\u00fd 31. b\u0159ezna.<\/strong><\/p>\n\n\n\n<p>Memorandum vzniklo pr\u00e1v\u011b u p\u0159\u00edle\u017eitosti obnoven\u00ed t\u011bchto spole\u010dn\u00fdch jedn\u00e1n\u00ed. Jeho c\u00edlem je podpo\u0159it konkr\u00e9tn\u00ed formy spolupr\u00e1ce mezi jednotliv\u00fdmi ministerstvy v \u0159ad\u011b oblast\u00ed \u2013 od zahrani\u010dn\u00ed politiky, ekonomiky, bezpe\u010dnosti a obrany a\u017e po cestovn\u00ed ruch nebo sport. Z\u00e1rove\u0148 m\u00e1 p\u0159isp\u011bt k pos\u00edlen\u00ed konkurenceschopnosti a prosperity obou zem\u00ed a prohloubit pravideln\u00fd strategick\u00fd dialog i koordinaci postoj\u016f v r\u00e1mci Evropsk\u00e9 unie, Severoatlantick\u00e9 aliance a Vy\u0161ehradsk\u00e9 skupiny.<\/p>\n\n\n\n<p>Vl\u00e1da z\u00e1rove\u0148 schv\u00e1lila pl\u00e1n legislativn\u00edch prac\u00ed na zbytek leto\u0161n\u00edho roku i v\u00fdhled na roky 2027 a 2028. Tento pl\u00e1n vych\u00e1z\u00ed z programov\u00e9ho prohl\u00e1\u0161en\u00ed vl\u00e1dy, pot\u0159eb jednotliv\u00fdch resort\u016f i z\u00e1vazk\u016f \u010cesk\u00e9 republiky v\u016f\u010di Evropsk\u00e9 unii.<\/p>\n\n\n\n<p>Do konce roku po\u010d\u00edt\u00e1 celkem se 114 legislativn\u00edmi \u00fakoly. Mezi nimi je jeden n\u00e1vrh \u00fastavn\u00edho z\u00e1kona, dva v\u011bcn\u00e9 z\u00e1m\u011bry z\u00e1kon\u016f, patn\u00e1ct n\u00e1vrh\u016f z\u00e1kon\u016f, sedmdes\u00e1t dva novel z\u00e1kon\u016f, \u010dtrn\u00e1ct n\u00e1vrh\u016f na\u0159\u00edzen\u00ed vl\u00e1dy a deset novel t\u011bchto na\u0159\u00edzen\u00ed.<\/p>\n\n\n\n<blockquote class=\"wp-block-quote is-layout-flow wp-block-quote-is-layout-flow\">\n<p>K hlavn\u00edm priorit\u00e1m pat\u0159\u00ed p\u0159\u00edprava st\u00e1tn\u00edho rozpo\u010dtu na p\u0159\u00ed\u0161t\u00ed rok, n\u00e1vrh z\u00e1kona o evidenci tr\u017eeb, novela z\u00e1kona o d\u016fchodov\u00e9m poji\u0161t\u011bn\u00ed zam\u011b\u0159en\u00e1 na dlouhodobou udr\u017eitelnost a spravedliv\u00e9 valorizace d\u016fchod\u016f nebo z\u00e1kon o um\u011bl\u00e9 inteligenci. Ten m\u00e1 za c\u00edl pos\u00edlit roli \u010ceska jako aktivn\u00edho tv\u016frce evropsk\u00e9 digit\u00e1ln\u00ed politiky v oblasti AI.<\/p>\n<\/blockquote>\n\n\n\n<p>Kabinet tak\u00e9 rozhodl o person\u00e1ln\u00ed zm\u011bn\u011b. Nov\u00fdm vl\u00e1dn\u00edm zmocn\u011bncem pro digitalizaci a strategickou bezpe\u010dnost se s \u00fa\u010dinnost\u00ed od 23. b\u0159ezna stal prvn\u00ed n\u00e1m\u011bstek ministra vnitra a statut\u00e1rn\u00ed z\u00e1stupce ministerstva Luk\u00e1\u0161 Klu\u010dka, kter\u00fd m\u00e1 na starosti digitalizaci a vnit\u0159n\u00ed bezpe\u010dnost.<\/p>\n\n\n\n<p><strong><a href=\"https:\/\/vlada.gov.cz\/cz\/media-centrum\/aktualne\/vlada-schvalila-memorandum-o-prohloubene-spolupraci-se-slovenskou-vladou-a-svuj-plan-legislativnich-praci-226040\/\" title=\"\">Vl\u00e1da<\/a>\/gnews.cz &#8211; GH<\/strong><\/p>\n","protected":false},"excerpt":{"rendered":"<p>Vl\u00e1da \u010cesk\u00e9 republiky Andreje Babi\u0161e se v pond\u011bl\u00ed 23. b\u0159ezna se\u0161la na sv\u00e9 pravideln\u00e9 sch\u016fzi. Kabinet schv\u00e1lil memorandum o prohlouben\u00e9 spolupr\u00e1ci se&hellip;<\/p>\n","protected":false},"author":6,"featured_media":42759,"comment_status":"open","ping_status":"closed","sticky":false,"template":"","format":"standard","meta":{"_acf_changed":false,"_lmt_disableupdate":"","_lmt_disable":"","footnotes":""},"categories":[2968,3,7],"tags":[11714,11717,11715,11719,11713,11718,11712,10761,17,10695,41,11716],"class_list":["post-42758","post","type-post","status-publish","format-standard","has-post-thumbnail","hentry","category-domaci","category-neprehlednete","category-politika","tag-cesko-slovensko-spoluprace","tag-digitalizace-statni-spravy","tag-duchodova-reforma-cesko","tag-evropska-politika-eu","tag-legislativni-plan-2026","tag-lukas-klucka","tag-memorandum-vlady","tag-statni-rozpocet-cr","tag-top","tag-vlada-andreje-babise","tag-world","tag-zakon-o-umele-inteligenci"],"acf":[],"aioseo_notices":[],"_links":{"self":[{"href":"https:\/\/gnews.cz\/cs_cz\/wp-json\/wp\/v2\/posts\/42758","targetHints":{"allow":["GET"]}}],"collection":[{"href":"https:\/\/gnews.cz\/cs_cz\/wp-json\/wp\/v2\/posts"}],"about":[{"href":"https:\/\/gnews.cz\/cs_cz\/wp-json\/wp\/v2\/types\/post"}],"author":[{"embeddable":true,"href":"https:\/\/gnews.cz\/cs_cz\/wp-json\/wp\/v2\/users\/6"}],"replies":[{"embeddable":true,"href":"https:\/\/gnews.cz\/cs_cz\/wp-json\/wp\/v2\/comments?post=42758"}],"version-history":[{"count":1,"href":"https:\/\/gnews.cz\/cs_cz\/wp-json\/wp\/v2\/posts\/42758\/revisions"}],"predecessor-version":[{"id":42760,"href":"https:\/\/gnews.cz\/cs_cz\/wp-json\/wp\/v2\/posts\/42758\/revisions\/42760"}],"wp:featuredmedia":[{"embeddable":true,"href":"https:\/\/gnews.cz\/cs_cz\/wp-json\/wp\/v2\/media\/42759"}],"wp:attachment":[{"href":"https:\/\/gnews.cz\/cs_cz\/wp-json\/wp\/v2\/media?parent=42758"}],"wp:term":[{"taxonomy":"category","embeddable":true,"href":"https:\/\/gnews.cz\/cs_cz\/wp-json\/wp\/v2\/categories?post=42758"},{"taxonomy":"post_tag","embeddable":true,"href":"https:\/\/gnews.cz\/cs_cz\/wp-json\/wp\/v2\/tags?post=42758"}],"curies":[{"name":"wp","href":"https:\/\/api.w.org\/{rel}","templated":true}]}}