{"id":42769,"date":"2026-03-24T21:00:00","date_gmt":"2026-03-24T20:00:00","guid":{"rendered":"https:\/\/gnews.cz\/?p=42769"},"modified":"2026-03-31T05:07:06","modified_gmt":"2026-03-31T03:07:06","slug":"gnews-rozhovor-s-poslancem-janem-hrncirem-spd-dil-i-sankce-proti-rusku-selhavaji","status":"publish","type":"post","link":"https:\/\/gnews.cz\/cs_cz\/tema\/gnews-rozhovor-s-poslancem-janem-hrncirem-spd-dil-i-sankce-proti-rusku-selhavaji\/","title":{"rendered":"GNEWS Rozhovor s poslancem Janem Hrn\u010d\u00ed\u0159em (SPD), d\u00edl I.: Sankce proti Rusku selh\u00e1vaj\u00ed!"},"content":{"rendered":"\n<p><strong>Poslanec za Svobodu a p\u0159\u00edmou demokracii (SPD) Jan Hrn\u010d\u00ed\u0159 v otev\u0159en\u00e9m rozhovoru pro <a href=\"https:\/\/gnews.cz\" title=\"\">Gnews.cz<\/a> tvrd\u011b zpochybnil \u00fa\u010dinnost sankc\u00ed v\u016f\u010di Rusku. Podle n\u011bj se ukazuje, \u017ee opat\u0159en\u00ed, kter\u00e1 m\u011bla b\u00fdt \u201etrestem\u201c, ve skute\u010dnosti nemaj\u00ed z\u00e1sadn\u00ed vliv na v\u00fdvoj konfliktu a dopadaj\u00ed sp\u00ed\u0161e na ekonomiku Evropsk\u00e9 unie.<\/strong><\/p>\n\n\n\n<p><em>Prvn\u00ed d\u00edl na\u0161eho rozhovoru s Janem Hrn\u010d\u00ed\u0159em si m\u016f\u017eete pustit <a href=\"https:\/\/youtu.be\/BBiN1el_8hI\" title=\"\">zde<\/a>:<\/em><\/p>\n\n\n\n<figure class=\"wp-block-embed\"><div class=\"wp-block-embed__wrapper\">\n<iframe title=\"Jan Hrn\u010d\u00ed\u0159 (SPD) o sankc\u00edch v\u016f\u010di Rusk\u00e9 federaci\" width=\"1170\" height=\"658\" src=\"https:\/\/www.youtube.com\/embed\/BBiN1el_8hI?feature=oembed\" frameborder=\"0\" allow=\"accelerometer; autoplay; clipboard-write; encrypted-media; gyroscope; picture-in-picture; web-share\" referrerpolicy=\"strict-origin-when-cross-origin\" allowfullscreen><\/iframe>\n<\/div><\/figure>\n\n\n\n<blockquote class=\"wp-block-quote is-layout-flow wp-block-quote-is-layout-flow\">\n<p><strong>Hrn\u010d\u00ed\u0159 upozornil, \u017ee u\u017e se jedn\u00e1 p\u0159ibli\u017en\u011b o dvac\u00e1t\u00fd bal\u00ed\u010dek sankc\u00ed, co\u017e ozna\u010duje za<em>\u201en\u011bco neuv\u011b\u0159iteln\u00e9ho\u201c<\/em>. Podle jeho slov to sp\u00ed\u0161 ne\u017e strategii p\u0159ipom\u00edn\u00e1 zoufal\u00fd pokus p\u0159ij\u00edt s opat\u0159en\u00edm, kter\u00e9 kone\u010dn\u011b zafunguje. <em>\u201eZa ka\u017edou cenu schv\u00e1l\u00edme dal\u0161\u00ed bal\u00ed\u010dek a douf\u00e1me, \u017ee tentokr\u00e1t bude fat\u00e1ln\u00ed. Ale nebude,\u201c<\/em> nazna\u010duje skepticky.<\/strong><\/p>\n<\/blockquote>\n\n\n\n<p>Podle poslance si Rusko dok\u00e1zalo naj\u00edt nov\u00e9 odb\u011bratele sv\u00fdch surovin a p\u0159izp\u016fsobilo se situaci. Kl\u00ed\u010dov\u00e9 zdroje pro ekonomiku i v\u00e1le\u010dn\u00e9 financov\u00e1n\u00ed tak podle n\u011bj nezmizely. Naopak p\u0159ipomn\u011bl, \u017ee u\u017e po prvn\u00edch sankc\u00edch kolem let 2014\u20132015 za\u010dalo Rusko v\u00fdrazn\u011b posilovat vlastn\u00ed v\u00fdrobu a sni\u017eovat z\u00e1vislost na dovozu.<\/p>\n\n\n\n<blockquote class=\"wp-block-quote is-layout-flow wp-block-quote-is-layout-flow\">\n<p><strong><em>\u201eMy jsme je vlastn\u011b nau\u010dili vyr\u00e1b\u011bt si v\u011bci sami,\u201c <\/em>tvrd\u00ed Hrn\u010d\u00ed\u0159. Dodal, \u017ee i kdyby sankce jednou skon\u010dily, n\u00e1vrat evropsk\u00fdch firem na rusk\u00fd trh nemus\u00ed b\u00fdt mo\u017en\u00fd. V mnoha odv\u011btv\u00edch si toti\u017e Rusko podle n\u011bj vysta\u010d\u00ed samo.<\/strong><\/p>\n<\/blockquote>\n\n\n\n<p><em>V\u00fdrok tak znovu otev\u00edr\u00e1 kontroverzn\u00ed debatu: jsou sankce skute\u010dn\u011b \u00fa\u010dinn\u00fdm n\u00e1strojem, nebo se obracej\u00ed proti t\u011bm, kdo je zav\u00e1d\u011bj\u00ed?<\/em><\/p>\n\n\n\n<p><strong>General News<\/strong><\/p>\n","protected":false},"excerpt":{"rendered":"<p>Poslanec za Svobodu a p\u0159\u00edmou demokracii (SPD) Jan Hrn\u010d\u00ed\u0159 v otev\u0159en\u00e9m rozhovoru pro Gnews.cz tvrd\u011b zpochybnil \u00fa\u010dinnost sankc\u00ed v\u016f\u010di Rusku. Podle n\u011bj&hellip;<\/p>\n","protected":false},"author":9,"featured_media":42785,"comment_status":"open","ping_status":"closed","sticky":false,"template":"","format":"standard","meta":{"_acf_changed":false,"_lmt_disableupdate":"","_lmt_disable":"","footnotes":""},"categories":[3,7,2,1,1376,580,2973],"tags":[11735,4094,3673,2085,11732,11736,2421,11740,11733,26,350,10433,573,3332,17,8547,5689,11741,41],"class_list":["post-42769","post","type-post","status-publish","format-standard","has-post-thumbnail","hentry","category-neprehlednete","category-politika","category-rozhovory","category-tema","category-tyden-na-general-news","category-vyber-sefredaktora","category-zahranicni","tag-ekonomicke-dopady-eu","tag-evropska-unie","tag-firmy","tag-geopolitika","tag-jan-hrncir","tag-konflikt-na-ukrajine","tag-obchod","tag-obchod-s-ruskem","tag-ruska-ekonomika","tag-rusko","tag-sankce","tag-sobestacnost","tag-spd","tag-suroviny","tag-top","tag-top-2","tag-top2","tag-video","tag-world"],"acf":[],"aioseo_notices":[],"_links":{"self":[{"href":"https:\/\/gnews.cz\/cs_cz\/wp-json\/wp\/v2\/posts\/42769","targetHints":{"allow":["GET"]}}],"collection":[{"href":"https:\/\/gnews.cz\/cs_cz\/wp-json\/wp\/v2\/posts"}],"about":[{"href":"https:\/\/gnews.cz\/cs_cz\/wp-json\/wp\/v2\/types\/post"}],"author":[{"embeddable":true,"href":"https:\/\/gnews.cz\/cs_cz\/wp-json\/wp\/v2\/users\/9"}],"replies":[{"embeddable":true,"href":"https:\/\/gnews.cz\/cs_cz\/wp-json\/wp\/v2\/comments?post=42769"}],"version-history":[{"count":4,"href":"https:\/\/gnews.cz\/cs_cz\/wp-json\/wp\/v2\/posts\/42769\/revisions"}],"predecessor-version":[{"id":42800,"href":"https:\/\/gnews.cz\/cs_cz\/wp-json\/wp\/v2\/posts\/42769\/revisions\/42800"}],"wp:featuredmedia":[{"embeddable":true,"href":"https:\/\/gnews.cz\/cs_cz\/wp-json\/wp\/v2\/media\/42785"}],"wp:attachment":[{"href":"https:\/\/gnews.cz\/cs_cz\/wp-json\/wp\/v2\/media?parent=42769"}],"wp:term":[{"taxonomy":"category","embeddable":true,"href":"https:\/\/gnews.cz\/cs_cz\/wp-json\/wp\/v2\/categories?post=42769"},{"taxonomy":"post_tag","embeddable":true,"href":"https:\/\/gnews.cz\/cs_cz\/wp-json\/wp\/v2\/tags?post=42769"}],"curies":[{"name":"wp","href":"https:\/\/api.w.org\/{rel}","templated":true}]}}