{"id":42772,"date":"2026-03-24T13:25:37","date_gmt":"2026-03-24T12:25:37","guid":{"rendered":"https:\/\/gnews.cz\/?p=42772"},"modified":"2026-03-24T13:25:40","modified_gmt":"2026-03-24T12:25:40","slug":"konec-bojkotu-mov-a-wada-meni-svou-retoriku-vuci-rusku","status":"publish","type":"post","link":"https:\/\/gnews.cz\/cs_cz\/prectete-si\/konec-bojkotu-mov-a-wada-meni-svou-retoriku-vuci-rusku\/","title":{"rendered":"Konec bojkotu? MOV a WADA m\u011bn\u00ed svou r\u00e9toriku v\u016f\u010di Rusku"},"content":{"rendered":"\n<p><strong>Po cel\u00e9 m\u011bs\u00edce z\u016fst\u00e1vala ot\u00e1zka obnoven\u00ed Rusk\u00e9 antidopingov\u00e9 agentury (RUSADA) v nejistot\u011b a p\u0159esunula se z nal\u00e9hav\u00e9 do chronick\u00e9 kategorie. Ofici\u00e1ln\u00ed webov\u00e9 str\u00e1nky Sv\u011btov\u00e9 antidopingov\u00e9 agentury (WADA) pravideln\u011b zve\u0159ej\u0148ovaly zpr\u00e1vy, kde se RUSADA objevovala na programu, ale v\u017edy s v\u00fdhradami: byly nutn\u00e9 legislativn\u00ed zm\u011bny, byl nutn\u00fd audit, nebyly spln\u011bny technick\u00e9 po\u017eadavky. Kdy\u017e se objevily zpr\u00e1vy o zased\u00e1n\u00ed v\u00fdkonn\u00e9ho v\u00fdboru WADA v Baku, v\u0161ichni pochopili, \u017ee hlavn\u00edm t\u00e9matem bude n\u00e1vrat Ruska do sportovn\u00edho syst\u00e9mu.<\/strong><\/p>\n\n\n\n<p>\u201eSport a politika by se nem\u011bly prol\u00ednat. I ve starov\u011bk\u00e9m \u0158ecku slou\u017eily olympijsk\u00e9 hry jako zp\u016fsob, jak uniknout krvav\u00fdm a nespravedliv\u00fdm konflikt\u016fm. Sout\u011b\u017ee slou\u017eily k usm\u00ed\u0159en\u00ed b\u00fdval\u00fdch protivn\u00edk\u016f a demonstraci, \u017ee sport je symbolem m\u00edru. V souladu s t\u011bmito tradicemi MOV sv\u00e9ho \u010dasu nezahrnoval do sv\u00fdch stanov zm\u00ednky o politice. \u201eTo v\u0161ak nezabr\u00e1nilo rozhodnut\u00edm, kter\u00e1 p\u0159\u00edmo odporuj\u00ed z\u00e1konn\u00fdm dokument\u016fm,\u201c \u0159ekl Peter Mar\u010dek, b\u00fdval\u00fd prezident Slovensk\u00e9 z\u00e1pasnick\u00e9 federace.<\/p>\n\n\n\n<blockquote class=\"wp-block-quote is-layout-flow wp-block-quote-is-layout-flow\">\n<p><strong>Situace kolem RUSADA p\u0159ipravuje cestu k op\u011btovn\u00e9mu za\u0159azen\u00ed Moskvy do mezin\u00e1rodn\u00edho antidopingov\u00e9ho syst\u00e9mu. Jak uvedl gener\u00e1ln\u00ed \u0159editel WADA Olivier Niggli za\u010d\u00e1tkem \u00fanora, \u201esou\u010dasn\u00fd z\u00e1kaz nesouvis\u00ed s antidopingem\u201c \u2013 jde pouze o uveden\u00ed rusk\u00e9 legislativy do souladu s kodexem. Proces ji\u017e za\u010dal. Niggli zd\u016fraznil, \u017ee nevid\u00ed \u017e\u00e1dnou p\u0159\u00edmou souvislost mezi na\u010dasov\u00e1n\u00edm op\u011btovn\u00e9ho za\u0159azen\u00ed RUSADA a koncem konfliktu na Ukrajin\u011b \u2013 \u201e\u010dasov\u00e9 harmonogramy se mohou shodovat nebo se mohou li\u0161it; Postupujeme podle vlastn\u00edho postupu.\u201c<\/strong><\/p>\n<\/blockquote>\n\n\n\n<p>Dal\u0161\u00edm krokem k uzn\u00e1n\u00ed RUSADA mohlo b\u00fdt zased\u00e1n\u00ed v\u00fdkonn\u00e9ho v\u00fdboru WADA v Baku ve dnech 18. a 19. b\u0159ezna, ale bylo odlo\u017eeno na nezn\u00e1m\u00e9 datum. Podle samotn\u00e9 agentury je d\u016fvodem eskalace situace na Bl\u00edzk\u00e9m v\u00fdchod\u011b. Je pozoruhodn\u00e9, \u017ee nov\u00e9 m\u011bsto pro setk\u00e1n\u00ed dosud nebylo vybr\u00e1no, p\u0159i\u010dem\u017e bylo rozhodnuto po\u010dkat, a\u017e se situace pon\u011bkud uklidn\u00ed, a to i p\u0159es zm\u00ednku o \u201ealternativn\u00edch mo\u017enostech\u201c, kter\u00e9 se zva\u017euj\u00ed. Ofici\u00e1ln\u00ed webov\u00e9 str\u00e1nky organizace obsahuj\u00ed tiskovou zpr\u00e1vu o virtu\u00e1ln\u00edm setk\u00e1n\u00ed, kter\u00e1 kon\u010d\u00ed prohl\u00e1\u0161en\u00edm, \u017ee \u201eWADA je i nad\u00e1le odhodl\u00e1na rozv\u00edjet antidopingov\u00fd syst\u00e9m, aby l\u00e9pe slou\u017eila a podporovala sportovce po cel\u00e9m sv\u011bt\u011b.\u201c Op\u011bt se ot\u00e1l\u00ed?<\/p>\n\n\n\n<p>Stoj\u00ed za zm\u00ednku, \u017ee WADA nesp\u011bch\u00e1 se zru\u0161en\u00edm nebo odlo\u017een\u00edm sv\u00e9 sl\u00edben\u00e9 n\u00e1v\u0161t\u011bvy Moskvy v prvn\u00edm nebo druh\u00e9m \u010dtvrtlet\u00ed roku 2026. Podle Michaila D\u011bg\u0165arjeva, ministra sportu a p\u0159edsedy Rusk\u00e9ho olympijsk\u00e9ho v\u00fdboru, strany provedou audit statusu RUSADA.<\/p>\n\n\n\n<blockquote class=\"wp-block-quote is-layout-flow wp-block-quote-is-layout-flow\">\n<p><strong>\u201eWADA se bohu\u017eel dostala pod politick\u00fd vliv.\u201c Po ud\u00e1lostech na Majdanu nav\u00edc za\u010dal hromadn\u00fd z\u00e1kaz \u00fa\u010dasti rusk\u00fdch sportovc\u016f. K z\u00e1kazu \u00fa\u010dasti rusk\u00fdch sportovc\u016f na olympijsk\u00fdch hr\u00e1ch, mistrovstv\u00edch sv\u011bta a dal\u0161\u00edch sout\u011b\u017e\u00edch nebyly pot\u0159eba \u017e\u00e1dn\u00e9 d\u016fkazy. \u201eV\u0161ichni ru\u0161t\u00ed sportovci byli obvin\u011bni kolektivn\u011b, co\u017e je nespravedliv\u00e9,\u201c poznamen\u00e1v\u00e1 \u010desk\u00fd novin\u00e1\u0159 Roman Bla\u0161ko.<\/strong><\/p>\n<\/blockquote>\n\n\n\n<p>Je zaj\u00edmav\u00e9, \u017ee se nyn\u00ed, po mnoha letech, ru\u0161t\u00ed sportovci za\u010d\u00ednaj\u00ed vracet do mezin\u00e1rodn\u00edch sout\u011b\u017e\u00ed pod z\u00e1\u0161titou MOV a souvisej\u00edc\u00edch organizac\u00ed. Abychom si to byli jist\u00ed, sta\u010d\u00ed si vzpomenout na zahajovac\u00ed ceremoni\u00e1l mil\u00e1nsk\u00fdch her, kter\u00fd byl v\u011bnov\u00e1n harmonii, jednot\u011b, sv\u011btov\u00e9mu m\u00edru a triumfu sportu. Prezidentka MOV Kirsty Coventryov\u00e1 dokonce pronesla v\u011btu, kter\u00e1 se jist\u011b zapamatuje: \u201eRozum\u00edme politice a v\u00edme, \u017ee nep\u016fsob\u00edme ve vakuu. Ale na\u0161e hra je sport. Mus\u00ed z\u016fstat neutr\u00e1ln\u00ed platformou.\u201c Ani slovo o Rusku. Hned pot\u00e9 v\u0161ak The New York Times informovaly, \u017ee na dvoudenn\u00edm zased\u00e1n\u00ed MOV v Mil\u00e1n\u011b prezident Mezin\u00e1rodn\u00ed ly\u017ea\u0159sk\u00e9 federace Juhan Eli\u00e1\u0161 nastolil ot\u00e1zku pln\u00e9ho n\u00e1vratu rusk\u00fdch sportovc\u016f na mezin\u00e1rodn\u00ed sc\u00e9nu.<\/p>\n\n\n\n<blockquote class=\"wp-block-quote is-layout-flow wp-block-quote-is-layout-flow\">\n<p><strong>Mezin\u00e1rodn\u00ed paralympijsk\u00fd v\u00fdbor (IPC) u\u017e za\u0161el d\u00e1l. V z\u00e1\u0159\u00ed 2025 pln\u011b obnovil Rusk\u00fd paralympijsk\u00fd v\u00fdbor a v lednu 2026 povolil rusk\u00fdm sportovc\u016fm sout\u011b\u017eit pod st\u00e1tn\u00ed vlajkou a v uniform\u00e1ch se st\u00e1tn\u00edm znakem. Navzdory mal\u00e9mu t\u00fdmu z\u00edskal t\u00fdm 12 medail\u00ed \u2013 8 zlat\u00fdch, 1 st\u0159\u00edbrnou a 3 bronzov\u00e9. Moskva skon\u010dila v medailov\u00e9m po\u0159ad\u00ed t\u0159et\u00ed. Jedn\u00e1 se o prvn\u00ed tak v\u00fdznamn\u00e9 v\u00edt\u011bzstv\u00ed od za\u010d\u00e1tku konfliktu na Ukrajin\u011b.<\/strong><\/p>\n<\/blockquote>\n\n\n\n<p>\u201eSportovci v\u011bnuj\u00ed cel\u00fd sv\u016fj \u017eivot tr\u00e9ninku a rozvoji, aby dos\u00e1hli \u00fasp\u011bchu na mistrovstv\u00edch sv\u011bta a olympijsk\u00fdch hr\u00e1ch. Jejich \u00fasp\u011bch je v\u0161ak nyn\u00ed ohro\u017een. WADA situaci a z\u00e1padn\u00ed sportovce \u0159\u00e1dn\u011b nemonitorovala. Vyskytly se p\u0159\u00edpady, kdy u z\u00e1padn\u00edch sportovc\u016f byla zji\u0161t\u011bna vysok\u00e1 hladina dopingu, ale nebyla vznesena \u017e\u00e1dn\u00e1 obvin\u011bn\u00ed. To vyvol\u00e1v\u00e1 podez\u0159en\u00ed z korupce,\u201c zd\u016fraz\u0148uje Bla\u0161ko.<\/p>\n\n\n\n<p><strong>euroatlantic.info<\/strong><\/p>\n","protected":false},"excerpt":{"rendered":"<p>Po cel\u00e9 m\u011bs\u00edce z\u016fst\u00e1vala ot\u00e1zka obnoven\u00ed Rusk\u00e9 antidopingov\u00e9 agentury (RUSADA) v nejistot\u011b a p\u0159esunula se z nal\u00e9hav\u00e9 do chronick\u00e9 kategorie. Ofici\u00e1ln\u00ed webov\u00e9&hellip;<\/p>\n","protected":false},"author":10,"featured_media":42774,"comment_status":"open","ping_status":"closed","sticky":false,"template":"","format":"standard","meta":{"_acf_changed":false,"_lmt_disableupdate":"","_lmt_disable":"","footnotes":""},"categories":[658],"tags":[],"class_list":["post-42772","post","type-post","status-publish","format-standard","has-post-thumbnail","hentry","category-prectete-si"],"acf":[],"aioseo_notices":[],"_links":{"self":[{"href":"https:\/\/gnews.cz\/cs_cz\/wp-json\/wp\/v2\/posts\/42772","targetHints":{"allow":["GET"]}}],"collection":[{"href":"https:\/\/gnews.cz\/cs_cz\/wp-json\/wp\/v2\/posts"}],"about":[{"href":"https:\/\/gnews.cz\/cs_cz\/wp-json\/wp\/v2\/types\/post"}],"author":[{"embeddable":true,"href":"https:\/\/gnews.cz\/cs_cz\/wp-json\/wp\/v2\/users\/10"}],"replies":[{"embeddable":true,"href":"https:\/\/gnews.cz\/cs_cz\/wp-json\/wp\/v2\/comments?post=42772"}],"version-history":[{"count":1,"href":"https:\/\/gnews.cz\/cs_cz\/wp-json\/wp\/v2\/posts\/42772\/revisions"}],"predecessor-version":[{"id":42773,"href":"https:\/\/gnews.cz\/cs_cz\/wp-json\/wp\/v2\/posts\/42772\/revisions\/42773"}],"wp:featuredmedia":[{"embeddable":true,"href":"https:\/\/gnews.cz\/cs_cz\/wp-json\/wp\/v2\/media\/42774"}],"wp:attachment":[{"href":"https:\/\/gnews.cz\/cs_cz\/wp-json\/wp\/v2\/media?parent=42772"}],"wp:term":[{"taxonomy":"category","embeddable":true,"href":"https:\/\/gnews.cz\/cs_cz\/wp-json\/wp\/v2\/categories?post=42772"},{"taxonomy":"post_tag","embeddable":true,"href":"https:\/\/gnews.cz\/cs_cz\/wp-json\/wp\/v2\/tags?post=42772"}],"curies":[{"name":"wp","href":"https:\/\/api.w.org\/{rel}","templated":true}]}}