{"id":42816,"date":"2026-03-25T21:00:00","date_gmt":"2026-03-25T20:00:00","guid":{"rendered":"https:\/\/gnews.cz\/?p=42816"},"modified":"2026-04-01T06:28:20","modified_gmt":"2026-04-01T04:28:20","slug":"gnews-rozhovor-s-poslancem-janem-hrncirem-spd-dil-ii-obavy-z-nove-migracni-vlny","status":"publish","type":"post","link":"https:\/\/gnews.cz\/cs_cz\/rozhovory\/gnews-rozhovor-s-poslancem-janem-hrncirem-spd-dil-ii-obavy-z-nove-migracni-vlny\/","title":{"rendered":"GNEWS Rozhovor s poslancem Janem Hrn\u010d\u00ed\u0159em (SPD), d\u00edl II.: Obavy z nov\u00e9 migra\u010dn\u00ed vlny"},"content":{"rendered":"\n<p><strong>Poslanec za Svobodu a p\u0159\u00edmou demokracii (SPD) Jan Hrn\u010d\u00ed\u0159 znovu rozv\u00ed\u0159il debatu o migraci. V dal\u0161\u00edm d\u00edlu rozhovoru pro <a href=\"https:\/\/gnews.cz\" title=\"\">GNEWS.cz<\/a> otev\u0159en\u011b p\u0159iznal obavy z nov\u00e9 migra\u010dn\u00ed vlny, kter\u00e1 by podle n\u011bj mohla p\u0159ij\u00edt v d\u016fsledku nepokoj\u016f na Bl\u00edzk\u00e9m v\u00fdchod\u011b a v Africe.<\/strong><\/p>\n\n\n\n<p><em>Druh\u00fd d\u00edl na\u0161eho rozhovoru s Janem Hrn\u010d\u00ed\u0159em si m\u016f\u017eete pustit <\/em><strong><a href=\"https:\/\/youtu.be\/Sj71vf8rGQo\" title=\"\">zde<\/a>:<\/strong><\/p>\n\n\n\n<figure class=\"wp-block-embed is-provider-youtube wp-block-embed-youtube\"><div class=\"wp-block-embed__wrapper\">\n<iframe title=\"Jan Hrn\u010d\u00ed\u0159 (SPD) o migra\u010dn\u00edm paktu\" width=\"1170\" height=\"658\" src=\"https:\/\/www.youtube.com\/embed\/Sj71vf8rGQo?feature=oembed\" frameborder=\"0\" allow=\"accelerometer; autoplay; clipboard-write; encrypted-media; gyroscope; picture-in-picture; web-share\" referrerpolicy=\"strict-origin-when-cross-origin\" allowfullscreen><\/iframe>\n<\/div><\/figure>\n\n\n\n<p>Hrn\u010d\u00ed\u0159 p\u0159ipomn\u011bl zku\u0161enosti z roku 2015, kdy konflikt v S\u00fdrii spustil masivn\u00ed p\u0159\u00edliv migrant\u016f do Evropy. Podle n\u011bj se podobn\u00fd sc\u00e9n\u00e1\u0159 m\u016f\u017ee opakovat. <em>\u201eTyto krize v\u017edy znamenaly novou migra\u010dn\u00ed vlnu,\u201c<\/em> varoval.<\/p>\n\n\n\n<blockquote class=\"wp-block-quote is-layout-flow wp-block-quote-is-layout-flow\">\n<p><strong>Ostrou kritiku sm\u011b\u0159oval i na migra\u010dn\u00ed politiku Evropsk\u00e1 unie. Takzvan\u00fd migra\u010dn\u00ed pakt podle n\u011bj ne\u0159e\u0161\u00ed podstatu probl\u00e9mu, ale pouze zav\u00e1d\u00ed syst\u00e9m p\u0159erozd\u011blov\u00e1n\u00ed migrant\u016f mezi \u010dlensk\u00e9 st\u00e1ty. <em>\u201eNejde o ochranu hranic, ale o kv\u00f3ty,\u201c<\/em> tvrd\u00ed.<\/strong><\/p>\n<\/blockquote>\n\n\n\n<p>Poslanec z\u00e1rove\u0148 upozor\u0148uje, \u017ee podle jeho n\u00e1zoru se nedostate\u010dn\u011b \u0159e\u0161\u00ed bezpe\u010dnostn\u00ed a integra\u010dn\u00ed ot\u00e1zky. Kritizoval, \u017ee Evropa podle n\u011bj p\u0159ij\u00edm\u00e1 lidi, kte\u0159\u00ed se necht\u011bj\u00ed p\u0159izp\u016fsobit m\u00edstn\u00edm podm\u00ednk\u00e1m, a m\u00edsto prevence se soust\u0159ed\u00ed jen na jejich p\u0159erozd\u011blen\u00ed.<\/p>\n\n\n\n<blockquote class=\"wp-block-quote is-layout-flow wp-block-quote-is-layout-flow\">\n<p><strong>Ter\u010dem kritiky se stala i \u010desk\u00e1 vl\u00e1da veden\u00e1 Petrem Fialou. Hrn\u010d\u00ed\u0159 j\u00ed vy\u010d\u00edt\u00e1, \u017ee p\u0159ijet\u00ed migra\u010dn\u00edho paktu umo\u017enila a nedok\u00e1zala podle n\u011bj h\u00e1jit z\u00e1jmy \u010cesk\u00e9 republiky.<\/strong><\/p>\n<\/blockquote>\n\n\n\n<p>T\u00e9ma migrace tak z\u016fst\u00e1v\u00e1 jedn\u00edm z nejv\u00fdbu\u0161n\u011bj\u0161\u00edch politick\u00fdch bod\u016f \u2013 a podobn\u00e1 vyj\u00e1d\u0159en\u00ed jen potvrzuj\u00ed, \u017ee spor o p\u0159\u00edstup k n\u00ed bude d\u00e1l eskalovat.<\/p>\n\n\n\n<p><em>Na p\u0159edchoz\u00ed d\u00edl rozhovoru se m\u016f\u017eete pod\u00edvat: <\/em><strong><a href=\"https:\/\/gnews.cz\/cs_cz\/tema\/gnews-rozhovor-s-poslancem-janem-hrncirem-spd-dil-i-sankce-proti-rusku-selhavaji\/\" target=\"_blank\" rel=\"noopener\" title=\"\">zde<\/a><\/strong><\/p>\n\n\n\n<p><strong>General News<\/strong><\/p>\n","protected":false},"excerpt":{"rendered":"<p>Poslanec za Svobodu a p\u0159\u00edmou demokracii (SPD) Jan Hrn\u010d\u00ed\u0159 znovu rozv\u00ed\u0159il debatu o migraci. V dal\u0161\u00edm d\u00edlu rozhovoru pro GNEWS.cz otev\u0159en\u011b p\u0159iznal&hellip;<\/p>\n","protected":false},"author":9,"featured_media":42785,"comment_status":"open","ping_status":"closed","sticky":false,"template":"","format":"standard","meta":{"_acf_changed":false,"_lmt_disableupdate":"","_lmt_disable":"","footnotes":""},"categories":[3,7,2,2973],"tags":[11760,11761,11732,11756,11762,11757,11758,11759,419,11755,17,41],"class_list":["post-42816","post","type-post","status-publish","format-standard","has-post-thumbnail","hentry","category-neprehlednete","category-politika","category-rozhovory","category-zahranicni","tag-bezpecnost-a-migrace","tag-integracni-politika","tag-jan-hrncir","tag-migrace-v-evrope","tag-migrace-z-afriky","tag-migracni-krize-2015","tag-migracni-pakt-evropske-unie","tag-nepokoje-na-blizkem-vychode","tag-petr-fiala","tag-svoboda-a-prima-demokracie-spd","tag-top","tag-world"],"acf":[],"aioseo_notices":[],"_links":{"self":[{"href":"https:\/\/gnews.cz\/cs_cz\/wp-json\/wp\/v2\/posts\/42816","targetHints":{"allow":["GET"]}}],"collection":[{"href":"https:\/\/gnews.cz\/cs_cz\/wp-json\/wp\/v2\/posts"}],"about":[{"href":"https:\/\/gnews.cz\/cs_cz\/wp-json\/wp\/v2\/types\/post"}],"author":[{"embeddable":true,"href":"https:\/\/gnews.cz\/cs_cz\/wp-json\/wp\/v2\/users\/9"}],"replies":[{"embeddable":true,"href":"https:\/\/gnews.cz\/cs_cz\/wp-json\/wp\/v2\/comments?post=42816"}],"version-history":[{"count":5,"href":"https:\/\/gnews.cz\/cs_cz\/wp-json\/wp\/v2\/posts\/42816\/revisions"}],"predecessor-version":[{"id":43285,"href":"https:\/\/gnews.cz\/cs_cz\/wp-json\/wp\/v2\/posts\/42816\/revisions\/43285"}],"wp:featuredmedia":[{"embeddable":true,"href":"https:\/\/gnews.cz\/cs_cz\/wp-json\/wp\/v2\/media\/42785"}],"wp:attachment":[{"href":"https:\/\/gnews.cz\/cs_cz\/wp-json\/wp\/v2\/media?parent=42816"}],"wp:term":[{"taxonomy":"category","embeddable":true,"href":"https:\/\/gnews.cz\/cs_cz\/wp-json\/wp\/v2\/categories?post=42816"},{"taxonomy":"post_tag","embeddable":true,"href":"https:\/\/gnews.cz\/cs_cz\/wp-json\/wp\/v2\/tags?post=42816"}],"curies":[{"name":"wp","href":"https:\/\/api.w.org\/{rel}","templated":true}]}}