{"id":42818,"date":"2026-03-25T18:00:00","date_gmt":"2026-03-25T17:00:00","guid":{"rendered":"https:\/\/gnews.cz\/?p=42818"},"modified":"2026-03-25T14:10:51","modified_gmt":"2026-03-25T13:10:51","slug":"fico-varoval-zapad-pred-podcenovanim-podpory-putina-a-zkritizoval-postoj-eu-k-rusku-i-ukrajine","status":"publish","type":"post","link":"https:\/\/gnews.cz\/cs_cz\/neprehlednete\/fico-varoval-zapad-pred-podcenovanim-podpory-putina-a-zkritizoval-postoj-eu-k-rusku-i-ukrajine\/","title":{"rendered":"Fico varoval Z\u00e1pad p\u0159ed podce\u0148ov\u00e1n\u00edm podpory Putina a zkritizoval postoj EU k Rusku i Ukrajin\u011b"},"content":{"rendered":"\n<p><strong>Slovensk\u00fd premi\u00e9r Robert Fico ost\u0159e varoval Z\u00e1pad p\u0159ed podce\u0148ov\u00e1n\u00edm podpory rusk\u00e9ho prezidenta Vladimir Putin v rusk\u00e9 spole\u010dnosti. Podle n\u011bj je p\u0159edstava, \u017ee by Putin nem\u011bl siln\u00e9 z\u00e1zem\u00ed mezi obyvatelstvem, <em>\u201enaprosto myln\u00e1 a\u017e hloup\u00e1\u201c<\/em>.<\/strong><\/p>\n\n\n\n<p>Fico zd\u016fraznil, \u017ee jen v m\u00e1lokter\u00e9 zemi na sv\u011bt\u011b m\u00e1 hlava st\u00e1tu tak \u0161irokou podporu nap\u0159\u00ed\u010d spole\u010dnost\u00ed, v\u010detn\u011b politick\u00fdch elit, jako pr\u00e1v\u011b Putin v Rusku. Upozornil tak\u00e9, \u017ee pokud se na Slovensku objevuj\u00ed opa\u010dn\u00e9 n\u00e1zory, pova\u017euje je za nepravdiv\u00e9.<\/p>\n\n\n\n<p>B\u011bhem setk\u00e1n\u00ed se studenty slovensk\u00fdch st\u0159edn\u00edch a technick\u00fdch \u0161kol premi\u00e9r z\u00e1rove\u0148 uvedl, \u017ee Slovensko m\u00e1 z\u00e1jem udr\u017eovat s Ruskem standardn\u00ed vztahy. Podle jeho slov v\u00e1lka na Ukrajina jednou skon\u010d\u00ed a Evropa by nem\u011bla sm\u011b\u0159ovat k vytvo\u0159en\u00ed nov\u00e9 <em>\u201e\u017eelezn\u00e9 opony\u201c<\/em>. <em>\u201eNa\u0161\u00ed povinnost\u00ed je spolupracovat s ka\u017ed\u00fdm, kdo o spolupr\u00e1ci stoj\u00ed,\u201c <\/em>\u0159ekl.<\/p>\n\n\n\n<blockquote class=\"wp-block-quote is-layout-flow wp-block-quote-is-layout-flow\">\n<p>Fico se rovn\u011b\u017e pozastavil nad t\u00edm, co ozna\u010dil za rostouc\u00ed nep\u0159\u00e1telstv\u00ed Evropy v\u016f\u010di Rusku. P\u0159iznal, \u017ee mnoh\u00fdm krok\u016fm v r\u00e1mci Evropsk\u00e1 unie rozum\u00ed, ale <em>\u201eposedlost a nen\u00e1vist v\u016f\u010di Rusku\u201c<\/em> podle n\u011bj vysv\u011btlit nedok\u00e1\u017ee.<\/p>\n<\/blockquote>\n\n\n\n<p>Premi\u00e9r kritizoval dvoj\u00ed metr Evropsk\u00e9 unie p\u0159i hodnocen\u00ed mezin\u00e1rodn\u00edch konflikt\u016f. Pouk\u00e1zal na situaci v P\u00e1smo Gazy, kde podle n\u011bj civiln\u00ed ztr\u00e1ty p\u0159evy\u0161uj\u00ed ty z konfliktu na Ukrajin\u011b, a p\u0159esto EU podle n\u011bj postupuje odli\u0161n\u011b. Unie u\u017e podle Fica nep\u016fsob\u00ed jako m\u00edrov\u00fd projekt, jak tomu bylo v minulosti.<\/p>\n\n\n\n<p>Kriticky se vyj\u00e1d\u0159il tak\u00e9 k finan\u010dn\u00ed pomoci Ukrajin\u011b. Uvedl, \u017ee Evropsk\u00e1 unie pl\u00e1nuje dal\u0161\u00ed p\u016fj\u010dku ve v\u00fd\u0161i 90 miliard eur, p\u0159i\u010dem\u017e podle n\u011bj ji\u017e bylo na podporu Ukrajiny vynalo\u017eeno p\u0159ibli\u017en\u011b 300 miliard eur, kter\u00e9 ozna\u010dil za \u201epromrhan\u00e9\u201c.<\/p>\n\n\n\n<blockquote class=\"wp-block-quote is-layout-flow wp-block-quote-is-layout-flow\">\n<p>V souvislosti s p\u0159eru\u0161en\u00edm dod\u00e1vek ropy p\u0159es ropovod Dru\u017eba Fico odm\u00edtl tvrzen\u00ed, \u017ee Slovensko financuje ruskou v\u00e1le\u010dnou ma\u0161inerii n\u00e1kupem rusk\u00e9 ropy. Podle n\u011bj tvo\u0159\u00ed p\u0159\u00edjmy z t\u011bchto dod\u00e1vek pouze asi 0,2 % rusk\u00fdch p\u0159\u00edjm\u016f z exportu p\u0159\u00edrodn\u00edch zdroj\u016f.<\/p>\n<\/blockquote>\n\n\n\n<p>Fico z\u00e1rove\u0148 uvedl, \u017ee Rusko podle n\u011bj <em>\u201enikdy neopust\u00ed Donbas\u201c<\/em> a dal\u0161\u00ed sporn\u00e9 regiony. Zd\u016fraznil pot\u0159ebu co nejrychlej\u0161\u00edho uzav\u0159en\u00ed m\u00edrov\u00e9 dohody, kter\u00e1 by podle n\u011bj m\u011bla zahrnovat i \u00fazemn\u00ed kompromisy ze strany Ukrajiny. <em>\u201ePokud Ukrajina nebude souhlasit, v\u00e1lka bude pokra\u010dovat,\u201c<\/em> uzav\u0159el.<\/p>\n\n\n\n<p><strong>gnews.cz &#8211; GH<\/strong><\/p>\n","protected":false},"excerpt":{"rendered":"<p>Slovensk\u00fd premi\u00e9r Robert Fico ost\u0159e varoval Z\u00e1pad p\u0159ed podce\u0148ov\u00e1n\u00edm podpory rusk\u00e9ho prezidenta Vladimir Putin v rusk\u00e9 spole\u010dnosti. Podle n\u011bj je p\u0159edstava, \u017ee&hellip;<\/p>\n","protected":false},"author":6,"featured_media":20399,"comment_status":"open","ping_status":"closed","sticky":false,"template":"","format":"standard","meta":{"_acf_changed":false,"_lmt_disableupdate":"","_lmt_disable":"","footnotes":""},"categories":[3,7,2973],"tags":[4756,3762,4094,389,4416,458,26,32,17,29,693,41],"class_list":["post-42818","post","type-post","status-publish","format-standard","has-post-thumbnail","hentry","category-neprehlednete","category-politika","category-zahranicni","tag-donbas","tag-druzba","tag-evropska-unie","tag-mirova-jednani","tag-pasmo-gazy","tag-robert-fico","tag-rusko","tag-slovensko","tag-top","tag-ukrajina","tag-vladimir-putin","tag-world"],"acf":[],"aioseo_notices":[],"_links":{"self":[{"href":"https:\/\/gnews.cz\/cs_cz\/wp-json\/wp\/v2\/posts\/42818","targetHints":{"allow":["GET"]}}],"collection":[{"href":"https:\/\/gnews.cz\/cs_cz\/wp-json\/wp\/v2\/posts"}],"about":[{"href":"https:\/\/gnews.cz\/cs_cz\/wp-json\/wp\/v2\/types\/post"}],"author":[{"embeddable":true,"href":"https:\/\/gnews.cz\/cs_cz\/wp-json\/wp\/v2\/users\/6"}],"replies":[{"embeddable":true,"href":"https:\/\/gnews.cz\/cs_cz\/wp-json\/wp\/v2\/comments?post=42818"}],"version-history":[{"count":1,"href":"https:\/\/gnews.cz\/cs_cz\/wp-json\/wp\/v2\/posts\/42818\/revisions"}],"predecessor-version":[{"id":42819,"href":"https:\/\/gnews.cz\/cs_cz\/wp-json\/wp\/v2\/posts\/42818\/revisions\/42819"}],"wp:featuredmedia":[{"embeddable":true,"href":"https:\/\/gnews.cz\/cs_cz\/wp-json\/wp\/v2\/media\/20399"}],"wp:attachment":[{"href":"https:\/\/gnews.cz\/cs_cz\/wp-json\/wp\/v2\/media?parent=42818"}],"wp:term":[{"taxonomy":"category","embeddable":true,"href":"https:\/\/gnews.cz\/cs_cz\/wp-json\/wp\/v2\/categories?post=42818"},{"taxonomy":"post_tag","embeddable":true,"href":"https:\/\/gnews.cz\/cs_cz\/wp-json\/wp\/v2\/tags?post=42818"}],"curies":[{"name":"wp","href":"https:\/\/api.w.org\/{rel}","templated":true}]}}