{"id":42868,"date":"2026-03-26T21:00:00","date_gmt":"2026-03-26T20:00:00","guid":{"rendered":"https:\/\/gnews.cz\/?p=42868"},"modified":"2026-04-01T06:26:14","modified_gmt":"2026-04-01T04:26:14","slug":"gnews-rozhovor-s-poslancem-janem-hrncirem-spd-dil-iii-bez-ciny-pry-evropa-nezvladne-technologie-ani-elektromobily","status":"publish","type":"post","link":"https:\/\/gnews.cz\/cs_cz\/tema\/gnews-rozhovor-s-poslancem-janem-hrncirem-spd-dil-iii-bez-ciny-pry-evropa-nezvladne-technologie-ani-elektromobily\/","title":{"rendered":"GNEWS Rozhovor s poslancem Janem Hrn\u010d\u00ed\u0159em (SPD), d\u00edl III.:\u00a0Bez \u010c\u00edny pr\u00fd Evropa nezvl\u00e1dne technologie ani elektromobily"},"content":{"rendered":"\n<p><strong>Poslanec Jan Hrn\u010d\u00ed\u0159 z hnut\u00ed Svoboda a p\u0159\u00edm\u00e1 demokracie (SPD) v otev\u0159en\u00e9m rozhovoru ani tentokr\u00e1t ne\u0161et\u0159il siln\u00fdmi slovy<strong>. V dal\u0161\u00edm d\u00edlu rozhovoru pro&nbsp;<a href=\"https:\/\/gnews.cz\/\">Gnews.cz<\/a>&nbsp;<\/strong>. Podle n\u011bj se \u010c\u00ednsk\u00e1 lidov\u00e1 republika b\u011bhem posledn\u00edch t\u0159iceti let prom\u011bnila z nev\u00fdznamn\u00e9 ekonomiky v glob\u00e1ln\u00edho l\u00eddra, bez kter\u00e9ho se dnes sv\u011bt neobejde.<\/strong><\/p>\n\n\n\n<figure class=\"wp-block-embed is-provider-youtube wp-block-embed-youtube\"><div class=\"wp-block-embed__wrapper\">\n<iframe title=\"Jan Hrn\u010d\u00ed\u0159 (SPD) o \u010c\u00ednsk\u00e9 lidov\u00e9 republice\" width=\"1170\" height=\"658\" src=\"https:\/\/www.youtube.com\/embed\/_H6TAGFwnDk?feature=oembed\" frameborder=\"0\" allow=\"accelerometer; autoplay; clipboard-write; encrypted-media; gyroscope; picture-in-picture; web-share\" referrerpolicy=\"strict-origin-when-cross-origin\" allowfullscreen><\/iframe>\n<\/div><\/figure>\n\n\n\n<p><em>T\u0159et\u00ed d\u00edl na\u0161eho rozhovoru s Janem Hrn\u010d\u00ed\u0159em si m\u016f\u017eete pustit<\/em> <strong><a href=\"https:\/\/youtu.be\/_H6TAGFwnDk\" title=\"\">zde<\/a><\/strong><\/p>\n\n\n\n<blockquote class=\"wp-block-quote is-layout-flow wp-block-quote-is-layout-flow\">\n<p><strong>\u201eP\u0159ed t\u0159iceti lety to byla hospod\u00e1\u0159sky relativn\u011b nev\u00fdznamn\u00e1 zem\u011b. Dnes je to druh\u00e1 nejv\u011bt\u0161\u00ed ekonomika sv\u011bta po Spojen\u00fdch st\u00e1tech americk\u00fdch,\u201c uvedl Hrn\u010d\u00ed\u0159. Z\u00e1sadn\u00ed podle n\u011bj nen\u00ed jen velikost ekonomiky, ale i tempo technologick\u00e9ho pokroku, kde \u010c\u00edna podle jeho slov ud\u00e1v\u00e1 sm\u011br.<\/strong><\/p>\n<\/blockquote>\n\n\n\n<p>Kl\u00ed\u010dem k \u00fasp\u011bchu je podle poslance kontrola nad strategick\u00fdmi surovinami. \u010c\u00edna si zajistila p\u0159\u00edstup k nerost\u016fm pot\u0159ebn\u00fdm pro v\u00fdrobu \u010dip\u016f, bateri\u00ed i rozvoj elektromobility. D\u00edky tomu m\u00e1 silnou pozici v glob\u00e1ln\u00edm dodavatelsk\u00e9m \u0159et\u011bzci. Evropa je naopak podle Hrn\u010d\u00ed\u0159e ve slo\u017eit\u00e9 situaci. Evropsk\u00e1 unie je pr\u00fd t\u00e9m\u011b\u0159 stoprocentn\u011b z\u00e1visl\u00e1 na dovozu t\u011bchto surovin i komponent pr\u00e1v\u011b z \u010c\u00edny. To podle n\u011bj z\u00e1sadn\u011b omezuje jej\u00ed schopnost konkurovat v modern\u00edch technologi\u00edch.<\/p>\n\n\n\n<blockquote class=\"wp-block-quote is-layout-flow wp-block-quote-is-layout-flow\">\n<p><strong>\u201eBez \u010c\u00edny dnes nen\u00ed mo\u017en\u00e1 elektromobilita ani technologick\u00fd posun,\u201c tvrd\u00ed Hrn\u010d\u00ed\u0159 s t\u00edm, \u017ee zat\u00edmco v Evrop\u011b je tato z\u00e1vislost zcela z\u0159ejm\u00e1, v USA je situace jen o n\u011bco lep\u0161\u00ed.<\/strong><\/p>\n<\/blockquote>\n\n\n\n<p>V\u00fdrok tak znovu otev\u00edr\u00e1 z\u00e1sadn\u00ed ot\u00e1zku: dr\u017e\u00ed dnes \u010c\u00edna kl\u00ed\u010d k budoucnosti sv\u011btov\u00fdch technologi\u00ed?<\/p>\n\n\n\n<p><em>Na p\u0159edchoz\u00ed d\u00edl rozhovoru se m\u016f\u017eete pod\u00edvat<\/em>: <strong><a href=\"https:\/\/gnews.cz\/cs_cz\/neprehlednete\/gnews-rozhovor-s-poslancem-janem-hrncirem-spd-dil-ii-obavy-z-nove-migracni-vlny\/\" target=\"_blank\" rel=\"noopener\" title=\"\">zde<\/a><\/strong><\/p>\n\n\n\n<p><strong>General News<\/strong><\/p>\n","protected":false},"excerpt":{"rendered":"<p>Poslanec Jan Hrn\u010d\u00ed\u0159 z hnut\u00ed Svoboda a p\u0159\u00edm\u00e1 demokracie (SPD) v otev\u0159en\u00e9m rozhovoru ani tentokr\u00e1t ne\u0161et\u0159il siln\u00fdmi slovy. V dal\u0161\u00edm d\u00edlu rozhovoru&hellip;<\/p>\n","protected":false},"author":9,"featured_media":42785,"comment_status":"open","ping_status":"closed","sticky":false,"template":"","format":"standard","meta":{"_acf_changed":false,"_lmt_disableupdate":"","_lmt_disable":"","footnotes":""},"categories":[2968,7,2,1,580,2973],"tags":[45,22,6802,27,968,78,11732,11793,10,573,11792,11755,11791,11794,17,38,41],"class_list":["post-42868","post","type-post","status-publish","format-standard","has-post-thumbnail","hentry","category-domaci","category-politika","category-rozhovory","category-tema","category-vyber-sefredaktora","category-zahranicni","tag-cr","tag-cina","tag-cinska-lidova-republika","tag-ekonomika","tag-elektromobilita","tag-evropa","tag-jan-hrncir","tag-moderni-technologie","tag-news","tag-spd","tag-strategickei-suroviny","tag-svoboda-a-prima-demokracie-spd","tag-technologicky-pokrok","tag-technologicky-posun","tag-top","tag-usa","tag-world"],"acf":[],"aioseo_notices":[],"_links":{"self":[{"href":"https:\/\/gnews.cz\/cs_cz\/wp-json\/wp\/v2\/posts\/42868","targetHints":{"allow":["GET"]}}],"collection":[{"href":"https:\/\/gnews.cz\/cs_cz\/wp-json\/wp\/v2\/posts"}],"about":[{"href":"https:\/\/gnews.cz\/cs_cz\/wp-json\/wp\/v2\/types\/post"}],"author":[{"embeddable":true,"href":"https:\/\/gnews.cz\/cs_cz\/wp-json\/wp\/v2\/users\/9"}],"replies":[{"embeddable":true,"href":"https:\/\/gnews.cz\/cs_cz\/wp-json\/wp\/v2\/comments?post=42868"}],"version-history":[{"count":5,"href":"https:\/\/gnews.cz\/cs_cz\/wp-json\/wp\/v2\/posts\/42868\/revisions"}],"predecessor-version":[{"id":43283,"href":"https:\/\/gnews.cz\/cs_cz\/wp-json\/wp\/v2\/posts\/42868\/revisions\/43283"}],"wp:featuredmedia":[{"embeddable":true,"href":"https:\/\/gnews.cz\/cs_cz\/wp-json\/wp\/v2\/media\/42785"}],"wp:attachment":[{"href":"https:\/\/gnews.cz\/cs_cz\/wp-json\/wp\/v2\/media?parent=42868"}],"wp:term":[{"taxonomy":"category","embeddable":true,"href":"https:\/\/gnews.cz\/cs_cz\/wp-json\/wp\/v2\/categories?post=42868"},{"taxonomy":"post_tag","embeddable":true,"href":"https:\/\/gnews.cz\/cs_cz\/wp-json\/wp\/v2\/tags?post=42868"}],"curies":[{"name":"wp","href":"https:\/\/api.w.org\/{rel}","templated":true}]}}