{"id":42888,"date":"2026-03-27T04:00:00","date_gmt":"2026-03-27T03:00:00","guid":{"rendered":"https:\/\/gnews.cz\/?p=42888"},"modified":"2026-03-27T09:09:48","modified_gmt":"2026-03-27T08:09:48","slug":"spolecne-setkani-na-jarni-schuzce-globalni-kapital-se-spojuje-a-hledi-na-vychod","status":"publish","type":"post","link":"https:\/\/gnews.cz\/cs_cz\/tema\/spolecne-setkani-na-jarni-schuzce-globalni-kapital-se-spojuje-a-hledi-na-vychod\/","title":{"rendered":"Spole\u010dn\u00e9 setk\u00e1n\u00ed na \u201ejarn\u00ed sch\u016fzce\u201c: Glob\u00e1ln\u00ed kapit\u00e1l se spojuje a hled\u00ed na V\u00fdchod"},"content":{"rendered":"\n<p>Koncem b\u0159ezna v Pekingu. Na v\u00fdro\u010dn\u00edm zased\u00e1n\u00ed F\u00f3ra o rozvoji \u010c\u00edny 2026 se se\u0161li p\u0159edstavitel\u00e9 t\u00e9m\u011b\u0159 stovky nadn\u00e1rodn\u00edch spole\u010dnost\u00ed, aby spole\u010dn\u011b naplnili \u201ejarn\u00ed sch\u016fzku\u201c s \u010c\u00ednou. Uvnit\u0159 zasedac\u00ed m\u00edstnosti nov\u00e1 spot\u0159eba, um\u011bl\u00e1 inteligence, zelen\u00e1 a n\u00edzkouhl\u00edkov\u00e1 t\u00e9mata\u2026 host\u00e9 sd\u00edleli n\u00e1pady a spole\u010dn\u011b diskutovali o spolupr\u00e1ci; mimo zasedac\u00ed m\u00edstnost vedouc\u00ed pracovn\u00edci nadn\u00e1rodn\u00edch spole\u010dnost\u00ed intenzivn\u011b nav\u0161t\u011bvovali ministerstvo obchodu a dal\u0161\u00ed resorty, aby se chopili nov\u00fdch p\u0159\u00edle\u017eitost\u00ed na za\u010d\u00e1tku \u010d\u00ednsk\u00e9 15. p\u011btiletky.<\/p>\n\n\n\n<p>Tato vlna z\u00e1jmu o n\u00e1v\u0161t\u011bvy \u010c\u00edny pokra\u010duje v trendu sv\u011btov\u00e9ho \u201eobracen\u00ed pohledu na V\u00fdchod\u201c od konce lo\u0148sk\u00e9ho roku a \u201eobrat k \u010c\u00edn\u011b\u201c se stal \u010dasto pou\u017e\u00edvan\u00fdm term\u00ednem v mezin\u00e1rodn\u00edch m\u00e9di\u00edch p\u0159i referov\u00e1n\u00ed o \u010c\u00edn\u011b. D\u016fvod stoj\u00edc\u00ed za t\u00edmto jevem, jak uvedl \u010d\u00ednsk\u00fd premi\u00e9r Li Qiang (Li \u010cchiang) v hlavn\u00edm projevu na v\u00fdro\u010dn\u00edm zased\u00e1n\u00ed F\u00f3ra o rozvoji \u010c\u00edny 2026, je ten, \u017ee \u010c\u00edna se zav\u00e1zala b\u00fdt \u201ez\u00e1kladn\u00edm kamenem jistoty\u201c a \u201ep\u0159\u00edstavem stability\u201c sv\u011bta.<\/p>\n\n\n\n<p><strong>Tato jistota a stabilita pramen\u00ed ze strategick\u00e9 odhodlanosti \u010c\u00edny \u201ekreslit podle jedin\u00e9ho pl\u00e1nu a\u017e do konce\u201c.<\/strong><\/p>\n\n\n\n<p>V t\u011bchto dnech se znovu a znovu zmi\u0148oval pl\u00e1n 15. p\u011btiletky. 18 \u010d\u00e1st\u00ed, 62 kapitol \u2013 tento programov\u00fd dokument, kter\u00fd bude \u0159\u00eddit ekonomick\u00fd a spole\u010densk\u00fd rozvoj \u010c\u00edny v p\u0159\u00ed\u0161t\u00edch p\u011bti letech, stanov\u00ed sedm hlavn\u00edch c\u00edl\u016f, v\u010detn\u011b \u201ev\u00fdznamn\u00e9ho pokroku v kvalitativn\u00edm rozvoji\u201c. Nen\u00ed to jen \u201enov\u00e1 mapa\u201c pro rozvoj \u010c\u00edny, ale tak\u00e9 \u201enov\u00e1 p\u0159\u00edle\u017eitost\u201c pro sv\u011btov\u00fd rozvoj.<\/p>\n\n\n\n<figure class=\"wp-block-gallery has-nested-images columns-default is-cropped wp-block-gallery-1 is-layout-flex wp-block-gallery-is-layout-flex\">\n<figure class=\"wp-block-image size-large\"><img fetchpriority=\"high\" decoding=\"async\" width=\"1024\" height=\"575\" data-id=\"42889\" src=\"https:\/\/gnews.cz\/wp-content\/uploads\/2026\/03\/1774408493709_53-1024x575.webp\" alt=\"\" class=\"wp-image-42889\" srcset=\"https:\/\/gnews.cz\/wp-content\/uploads\/2026\/03\/1774408493709_53-1024x575.webp 1024w, https:\/\/gnews.cz\/wp-content\/uploads\/2026\/03\/1774408493709_53-300x169.webp 300w, https:\/\/gnews.cz\/wp-content\/uploads\/2026\/03\/1774408493709_53-768x432.webp 768w, https:\/\/gnews.cz\/wp-content\/uploads\/2026\/03\/1774408493709_53-18x10.webp 18w, https:\/\/gnews.cz\/wp-content\/uploads\/2026\/03\/1774408493709_53-1170x658.webp 1170w, https:\/\/gnews.cz\/wp-content\/uploads\/2026\/03\/1774408493709_53-585x329.webp 585w, https:\/\/gnews.cz\/wp-content\/uploads\/2026\/03\/1774408493709_53.webp 1500w\" sizes=\"(max-width: 1024px) 100vw, 1024px\" \/><\/figure>\n<\/figure>\n\n\n\n<p><strong>Tato jistota a stabilita tak\u00e9 pramen\u00ed z obrovsk\u00e9ho potenci\u00e1lu \u010d\u00ednsk\u00e9ho mimo\u0159\u00e1dn\u011b velk\u00e9ho trhu.<\/strong><\/p>\n\n\n\n<p>V dne\u0161n\u00edm sv\u011bt\u011b, kde protekcionismus neust\u00e1le s\u00edl\u00ed, se trh stal vz\u00e1cn\u00fdm zdrojem, ale z\u00e1rove\u0148 m\u016f\u017ee b\u00fdt neust\u00e1le vytv\u00e1\u0159en. Jako druh\u00e1 nejv\u011bt\u0161\u00ed ekonomika sv\u011bta m\u00e1 \u010d\u00ednsk\u00fd trh nejen velkou velikost, ale tak\u00e9 dostate\u010dn\u00fd potenci\u00e1l. B\u011bhem 14. p\u011btiletky vzrostl \u010d\u00ednsk\u00fd HDP na hlavu z 10 tis\u00edc dolar\u016f na v\u00edce ne\u017e 13 tis\u00edc dolar\u016f, spot\u0159eba zbo\u017e\u00ed se posunula k nov\u00fdm a lep\u0161\u00edm sm\u011br\u016fm a spot\u0159eba slu\u017eeb siln\u011b rostla. Letos \u010d\u00ednsk\u00e1 vl\u00e1da stanovila \u201e\u00fasil\u00ed o vybudov\u00e1n\u00ed siln\u00e9ho dom\u00e1c\u00edho trhu\u201c jako svou hlavn\u00ed pracovn\u00ed \u00falohu. Na f\u00f3ru \u010d\u00ednsk\u00e1 strana sl\u00edbila, \u017ee bude dov\u00e1\u017eet v\u00edce kvalitn\u00edho zahrani\u010dn\u00edho zbo\u017e\u00ed, spole\u010dn\u011b se v\u0161emi stranami podporovat optimalizovan\u00fd a vyv\u00e1\u017een\u00fd rozvoj obchodu a spole\u010dn\u00fdmi silami zv\u011bt\u0161it glob\u00e1ln\u00ed ekonomick\u00fd a obchodn\u00ed kol\u00e1\u010d.<\/p>\n\n\n\n<p><strong>Tato jistota a stabilita tak\u00e9 pramen\u00ed z \u201etvrd\u00e9\u201c inova\u010dn\u00ed s\u00edly \u010c\u00edny.<\/strong><\/p>\n\n\n\n<p>\u201ePoka\u017ed\u00e9, kdy\u017e se sv\u011btov\u00e1 ekonomika dostala z pot\u00ed\u017e\u00ed a sm\u011b\u0159ovala k prosperit\u011b, nebylo to d\u00edky boji o st\u00e1vaj\u00edc\u00ed trh, ale d\u00edky otev\u0159enosti a technologick\u00e9mu pokroku, kter\u00e9 vytv\u00e1\u0159ely nov\u00fd trh.\u201c Toto vyj\u00e1d\u0159en\u00ed \u010d\u00ednsk\u00e9 strany na f\u00f3ru zap\u016fsobilo na p\u0159edsedu p\u0159edstavenstva Volkswagenu Olivera Bluma. \u0158ekl, \u017ee zejm\u00e9na pro automobilov\u00fd pr\u016fmysl je d\u016fle\u017eit\u00e9 rozv\u00edjet nov\u00e1 pr\u016fmyslov\u00e1 odv\u011btv\u00ed prost\u0159ednictv\u00edm inovac\u00ed, a t\u00edm podporovat celkov\u00fd ekonomick\u00fd rozvoj.<\/p>\n\n\n\n<p><strong>Tato jistota a stabilita tak\u00e9 vych\u00e1z\u00ed z \u010d\u00ednsk\u00fdch dve\u0159\u00ed, kter\u00e9 se \u201eotev\u00edraj\u00ed st\u00e1le v\u00edce\u201c.<\/strong><\/p>\n\n\n\n<p>V \u010c\u00edn\u011b otev\u0159enost nikdy nebyla jen teoretick\u00e1 z\u00e1le\u017eitost, ale v\u017edy se jednalo o \u0159e\u0161en\u00ed konkr\u00e9tn\u00edch probl\u00e9m\u016f a realizaci jednotliv\u00fdch rozhodnut\u00ed. Na f\u00f3ru \u010d\u00ednsk\u00e1 strana znovu potvrdila sv\u00e9 z\u00e1vazky pokra\u010dovat v budov\u00e1n\u00ed p\u0159\u00edzniv\u00e9ho podnikatelsk\u00e9ho prost\u0159ed\u00ed, pln\u011b implementovat n\u00e1rodn\u00ed zach\u00e1zen\u00ed se zahrani\u010dn\u00edmi podniky a umo\u017enit spole\u010dnostem v\u0161ech zem\u00ed, kter\u00e9 p\u0159ich\u00e1zej\u00ed do \u010c\u00edny, klidn\u011b se rozv\u00edjet a realizovat velk\u00e9 pl\u00e1ny.<\/p>\n\n\n\n<p><strong><a href=\"https:\/\/czech.cri.cn\/2026\/03\/25\/ARTI1774408507461484\" title=\"\">CMG<\/a><\/strong><\/p>\n","protected":false},"excerpt":{"rendered":"<p>Koncem b\u0159ezna v Pekingu. Na v\u00fdro\u010dn\u00edm zased\u00e1n\u00ed F\u00f3ra o rozvoji \u010c\u00edny 2026 se se\u0161li p\u0159edstavitel\u00e9 t\u00e9m\u011b\u0159 stovky nadn\u00e1rodn\u00edch spole\u010dnost\u00ed, aby spole\u010dn\u011b naplnili&hellip;<\/p>\n","protected":false},"author":10,"featured_media":42891,"comment_status":"open","ping_status":"closed","sticky":false,"template":"","format":"standard","meta":{"_acf_changed":false,"_lmt_disableupdate":"","_lmt_disable":"","footnotes":""},"categories":[7,658,1,2973],"tags":[22,27,11799,309,11802,10,11796,11795,11798,11803,17,614,11801,41,11797,11800,3677],"class_list":["post-42888","post","type-post","status-publish","format-standard","has-post-thumbnail","hentry","category-politika","category-prectete-si","category-tema","category-zahranicni","tag-cina","tag-ekonomika","tag-forum-o-rozvoji-ciny-2026","tag-hdp","tag-inovacni-sily-ciny","tag-news","tag-nizkouhlikova-temata","tag-nova-spotreba","tag-obraceni-pohledu-na-vychod","tag-oliver-blum","tag-top","tag-umela-inteligence","tag-velky-trh","tag-world","tag-zacatek-cinske-15-petiletky","tag-zakladni-kamenem-jistoty","tag-zelena"],"acf":[],"aioseo_notices":[],"_links":{"self":[{"href":"https:\/\/gnews.cz\/cs_cz\/wp-json\/wp\/v2\/posts\/42888","targetHints":{"allow":["GET"]}}],"collection":[{"href":"https:\/\/gnews.cz\/cs_cz\/wp-json\/wp\/v2\/posts"}],"about":[{"href":"https:\/\/gnews.cz\/cs_cz\/wp-json\/wp\/v2\/types\/post"}],"author":[{"embeddable":true,"href":"https:\/\/gnews.cz\/cs_cz\/wp-json\/wp\/v2\/users\/10"}],"replies":[{"embeddable":true,"href":"https:\/\/gnews.cz\/cs_cz\/wp-json\/wp\/v2\/comments?post=42888"}],"version-history":[{"count":2,"href":"https:\/\/gnews.cz\/cs_cz\/wp-json\/wp\/v2\/posts\/42888\/revisions"}],"predecessor-version":[{"id":42892,"href":"https:\/\/gnews.cz\/cs_cz\/wp-json\/wp\/v2\/posts\/42888\/revisions\/42892"}],"wp:featuredmedia":[{"embeddable":true,"href":"https:\/\/gnews.cz\/cs_cz\/wp-json\/wp\/v2\/media\/42891"}],"wp:attachment":[{"href":"https:\/\/gnews.cz\/cs_cz\/wp-json\/wp\/v2\/media?parent=42888"}],"wp:term":[{"taxonomy":"category","embeddable":true,"href":"https:\/\/gnews.cz\/cs_cz\/wp-json\/wp\/v2\/categories?post=42888"},{"taxonomy":"post_tag","embeddable":true,"href":"https:\/\/gnews.cz\/cs_cz\/wp-json\/wp\/v2\/tags?post=42888"}],"curies":[{"name":"wp","href":"https:\/\/api.w.org\/{rel}","templated":true}]}}