{"id":42902,"date":"2026-03-27T15:30:00","date_gmt":"2026-03-27T14:30:00","guid":{"rendered":"https:\/\/gnews.cz\/?p=42902"},"modified":"2026-03-27T10:18:16","modified_gmt":"2026-03-27T09:18:16","slug":"hormuzsky-pruliv-by-se-mohl-otevrit-jakmile-iran-prestane-ohrozovat-lodni-dopravu-rubio","status":"publish","type":"post","link":"https:\/\/gnews.cz\/cs_cz\/tema\/hormuzsky-pruliv-by-se-mohl-otevrit-jakmile-iran-prestane-ohrozovat-lodni-dopravu-rubio\/","title":{"rendered":"Hormuzsk\u00fd pr\u016fliv by se mohl otev\u0159\u00edt, jakmile \u00cdr\u00e1n p\u0159estane ohro\u017eovat lodn\u00ed dopravu \u2013 Rubio"},"content":{"rendered":"\n<p><strong>WASHINGTON, 27. b\u0159ezna Lodn\u00ed doprava p\u0159es Hormuzsk\u00fd pr\u016fliv se znovu otev\u0159e, jakmile \u00cdr\u00e1n p\u0159estane p\u0159edstavovat hrozbu pro mezin\u00e1rodn\u00ed lodn\u00ed dopravu, \u0159ekl ve \u010dtvrtek novin\u00e1\u0159\u016fm americk\u00fd ministr zahrani\u010d\u00ed Marco Rubio.<\/strong><\/p>\n\n\n\n<blockquote class=\"wp-block-quote is-layout-flow wp-block-quote-is-layout-flow\">\n<p><strong>\u201eMohl by b\u00fdt otev\u0159en (Hormuzsk\u00fd pr\u016fliv) z\u00edtra, pokud \u00cdr\u00e1n p\u0159estane ohro\u017eovat glob\u00e1ln\u00ed lodn\u00ed dopravu,\u201c \u0159ekl Rubio podle tiskov\u00e9 slu\u017eby ministerstva zahrani\u010d\u00ed. Americk\u00fd ministr zahrani\u010d\u00ed se vyhnul ot\u00e1zce t\u00fdkaj\u00edc\u00ed se mo\u017enosti pozemn\u00ed operace USA k obnoven\u00ed lodn\u00ed dopravy v pr\u016flivu.<\/strong><\/p>\n<\/blockquote>\n\n\n\n<p>USA a Izrael zah\u00e1jily 28. \u00fanora vojenskou operaci proti \u00cdr\u00e1nu. Zasa\u017eena byla velk\u00e1 \u00edr\u00e1nsk\u00e1 m\u011bsta, v\u010detn\u011b Teher\u00e1nu. \u00cdr\u00e1nsk\u00e9 Isl\u00e1msk\u00e9 revolu\u010dn\u00ed gardy (IRGC) zah\u00e1jily odvetn\u00e9 \u00fadery proti Izraeli a americk\u00fdm vojensk\u00fdm za\u0159\u00edzen\u00edm v Bahrajnu, Jord\u00e1nsku, Ir\u00e1ku, Kataru, Kuvajtu, Spojen\u00fdch arabsk\u00fdch emir\u00e1tech a Sa\u00fadsk\u00e9 Ar\u00e1bii.<\/p>\n\n\n\n<blockquote class=\"wp-block-quote is-layout-flow wp-block-quote-is-layout-flow\">\n<p><strong>\u00cdr\u00e1nsk\u00e9 \u00fa\u0159ady se rovn\u011b\u017e rozhodly uzav\u0159\u00edt Hormuzsk\u00fd pr\u016fliv pro plavidla spojen\u00e1 s USA, Izraelem a zem\u011bmi, kter\u00e9 podporovaly agresi proti Isl\u00e1msk\u00e9 republice. B\u011bhem konfliktu bylo n\u011bkolik tanker\u016f napadeno za tranzit pr\u016flivem bez teher\u00e1nsk\u00e9ho svolen\u00ed. 25. b\u0159ezna \u00edr\u00e1nsk\u00fd ministr zahrani\u010d\u00ed Abb\u00e1s Arag\u010d\u010d\u00ed ozn\u00e1mil, \u017ee \u00cdr\u00e1n povolil sp\u0159\u00e1telen\u00fdm zem\u00edm, v\u010detn\u011b Ruska, Indie, Ir\u00e1ku, \u010c\u00edny a P\u00e1kist\u00e1nu, proplout Hormuzsk\u00fdm pr\u016flivem.<\/strong><\/p>\n<\/blockquote>\n\n\n\n<p><strong><a href=\"https:\/\/tass.com\/world\/2107821\" title=\"\">TASS<\/a>\/gnews.cz<\/strong><\/p>\n","protected":false},"excerpt":{"rendered":"<p>WASHINGTON, 27. b\u0159ezna Lodn\u00ed doprava p\u0159es Hormuzsk\u00fd pr\u016fliv se znovu otev\u0159e, jakmile \u00cdr\u00e1n p\u0159estane p\u0159edstavovat hrozbu pro mezin\u00e1rodn\u00ed lodn\u00ed dopravu, \u0159ekl ve&hellip;<\/p>\n","protected":false},"author":10,"featured_media":42904,"comment_status":"open","ping_status":"closed","sticky":false,"template":"","format":"standard","meta":{"_acf_changed":false,"_lmt_disableupdate":"","_lmt_disable":"","footnotes":""},"categories":[3,7,1,2973],"tags":[3703,11822,22,357,3710,58,11824,760,11820,11412,49,11823,11789,11788,2782,10,11826,10787,11821,331,11819,17,38,41],"class_list":["post-42902","post","type-post","status-publish","format-standard","has-post-thumbnail","hentry","category-neprehlednete","category-politika","category-tema","category-zahranicni","tag-abbas-aragcci","tag-bahrajnu","tag-cina","tag-doprava","tag-hormuzsky-pruliv","tag-indie","tag-iraku","tag-iran-3","tag-iranske-islamske-revolucni-gardy-irgc","tag-islamska-republika","tag-izrael","tag-jordansku","tag-kataru","tag-kuvajtu","tag-marco-rubio","tag-news","tag-pakystan","tag-ruska","tag-saudske-arabie","tag-spojene-arabske-emiraty","tag-tehran","tag-top","tag-usa","tag-world"],"acf":[],"aioseo_notices":[],"_links":{"self":[{"href":"https:\/\/gnews.cz\/cs_cz\/wp-json\/wp\/v2\/posts\/42902","targetHints":{"allow":["GET"]}}],"collection":[{"href":"https:\/\/gnews.cz\/cs_cz\/wp-json\/wp\/v2\/posts"}],"about":[{"href":"https:\/\/gnews.cz\/cs_cz\/wp-json\/wp\/v2\/types\/post"}],"author":[{"embeddable":true,"href":"https:\/\/gnews.cz\/cs_cz\/wp-json\/wp\/v2\/users\/10"}],"replies":[{"embeddable":true,"href":"https:\/\/gnews.cz\/cs_cz\/wp-json\/wp\/v2\/comments?post=42902"}],"version-history":[{"count":3,"href":"https:\/\/gnews.cz\/cs_cz\/wp-json\/wp\/v2\/posts\/42902\/revisions"}],"predecessor-version":[{"id":42906,"href":"https:\/\/gnews.cz\/cs_cz\/wp-json\/wp\/v2\/posts\/42902\/revisions\/42906"}],"wp:featuredmedia":[{"embeddable":true,"href":"https:\/\/gnews.cz\/cs_cz\/wp-json\/wp\/v2\/media\/42904"}],"wp:attachment":[{"href":"https:\/\/gnews.cz\/cs_cz\/wp-json\/wp\/v2\/media?parent=42902"}],"wp:term":[{"taxonomy":"category","embeddable":true,"href":"https:\/\/gnews.cz\/cs_cz\/wp-json\/wp\/v2\/categories?post=42902"},{"taxonomy":"post_tag","embeddable":true,"href":"https:\/\/gnews.cz\/cs_cz\/wp-json\/wp\/v2\/tags?post=42902"}],"curies":[{"name":"wp","href":"https:\/\/api.w.org\/{rel}","templated":true}]}}