{"id":42907,"date":"2026-03-27T12:30:00","date_gmt":"2026-03-27T11:30:00","guid":{"rendered":"https:\/\/gnews.cz\/?p=42907"},"modified":"2026-03-27T10:27:22","modified_gmt":"2026-03-27T09:27:22","slug":"rusky-dum-v-praze-byl-26-brezna-napaden-molotovovymi-koktejly-reditel","status":"publish","type":"post","link":"https:\/\/gnews.cz\/cs_cz\/tema\/rusky-dum-v-praze-byl-26-brezna-napaden-molotovovymi-koktejly-reditel\/","title":{"rendered":"Rusk\u00fd d\u016fm v Praze byl 26. b\u0159ezna napaden Molotovov\u00fdmi koktejly \u2014 \u0159editel"},"content":{"rendered":"\n<p><strong>MOSKVA, 27. b\u0159ezna. Rusk\u00fd d\u016fm v Praze byl 26. b\u0159ezna napaden, kdy\u017e nezn\u00e1m\u00ed \u00fato\u010dn\u00edci h\u00e1zeli na budovu Molotovovy koktejly, \u0159ekl \u0159editel kulturn\u00edho centra Igor Girenko.<\/strong><\/p>\n\n\n\n<blockquote class=\"wp-block-quote is-layout-flow wp-block-quote-is-layout-flow\">\n<p><strong>\u201ePozdn\u011b ve\u010der 26. b\u0159ezna byl Rusk\u00fd d\u016fm v Praze napaden. Nezn\u00e1m\u00ed \u00fato\u010dn\u00edci h\u00e1zeli na budovu kulturn\u00edho centra lahve s ho\u0159lavou sm\u011bs\u00ed,\u201c \u0159ekl \u0159editel. \u201e\u0160\u0165astnou n\u00e1hodou t\u0159i ze \u0161esti Molotovov\u00fdch koktejl\u016f nevybuchly,\u201c zd\u016fraznil.<\/strong><\/p>\n<\/blockquote>\n\n\n\n<p>Girenko dodal, \u017ee na\u0161t\u011bst\u00ed \u201eto byly pr\u00e1v\u011b ty lahve, kter\u00e9 byly hozeny p\u0159\u00edmo dovnit\u0159 budovy\u201c, kter\u00e9 nevybuchly.<\/p>\n\n\n\n<blockquote class=\"wp-block-quote is-layout-flow wp-block-quote-is-layout-flow\">\n<p><strong>\u201eJe t\u011b\u017ek\u00e9 si p\u0159edstavit, jak\u00e9 by byly n\u00e1sledky, kdyby pl\u00e1n t\u011bchto zlo\u010dinc\u016f usp\u011bl,\u201c zd\u016fraznil \u0159editel kulturn\u00edho centra. \u201eOkna, na kter\u00e1 se terorist\u00e9 zam\u011b\u0159ili, byla okna knihovny,\u201c poznamenal.<\/strong><\/p>\n<\/blockquote>\n\n\n\n<p>Podle Girenka nen\u00ed pochyb o tom, \u017ee na\u010dasov\u00e1n\u00ed \u010dinu nebylo zvoleno n\u00e1hodn\u011b, jeliko\u017e z\u00e1v\u011bre\u010dn\u00e1 akce Dn\u016f rusk\u00e9 kultury byla napl\u00e1nov\u00e1na na p\u00e1tek. \u201eNa kulturu by \u00fato\u010dili jen nelid\u00e9! Jejich zvyky a metody dob\u0159e zn\u00e1me,\u201c zd\u016fraznil.<\/p>\n\n\n\n<blockquote class=\"wp-block-quote is-layout-flow wp-block-quote-is-layout-flow\">\n<p><strong>\u201eR\u00e1di bychom vyj\u00e1d\u0159ili zvl\u00e1\u0161tn\u00ed pod\u011bkov\u00e1n\u00ed \u010desk\u00fdm org\u00e1n\u016fm \u010dinn\u00fdm v trestn\u00edm \u0159\u00edzen\u00ed a hasi\u010d\u016fm, kte\u0159\u00ed na m\u00edsto dorazili b\u011bhem n\u011bkolika minut. Jsme p\u0159esv\u011bd\u010deni, \u017ee tento zlo\u010din bude vy\u0159e\u0161en a \u017ee vin\u00edci budou \u010delit p\u0159\u00edsn\u00e9mu a spravedliv\u00e9mu trestu,\u201c uzav\u0159el \u0161\u00e9f Rusk\u00e9ho domu.<\/strong><\/p>\n<\/blockquote>\n\n\n\n<p><strong><a href=\"https:\/\/tass.com\/emergencies\/2107873\" title=\"\">TASS<\/a>\/gnews.cz<\/strong><\/p>\n\n\n\n<figure class=\"wp-block-gallery has-nested-images columns-default is-cropped wp-block-gallery-1 is-layout-flex wp-block-gallery-is-layout-flex\">\n<figure class=\"wp-block-image size-large\"><img fetchpriority=\"high\" decoding=\"async\" width=\"1024\" height=\"768\" data-id=\"42910\" src=\"https:\/\/gnews.cz\/wp-content\/uploads\/2026\/03\/IMG_20260327_122303_904-1024x768.webp\" alt=\"\" class=\"wp-image-42910\" srcset=\"https:\/\/gnews.cz\/wp-content\/uploads\/2026\/03\/IMG_20260327_122303_904-1024x768.webp 1024w, https:\/\/gnews.cz\/wp-content\/uploads\/2026\/03\/IMG_20260327_122303_904-300x225.webp 300w, https:\/\/gnews.cz\/wp-content\/uploads\/2026\/03\/IMG_20260327_122303_904-768x576.webp 768w, https:\/\/gnews.cz\/wp-content\/uploads\/2026\/03\/IMG_20260327_122303_904-16x12.webp 16w, https:\/\/gnews.cz\/wp-content\/uploads\/2026\/03\/IMG_20260327_122303_904-1170x878.webp 1170w, https:\/\/gnews.cz\/wp-content\/uploads\/2026\/03\/IMG_20260327_122303_904-585x439.webp 585w, https:\/\/gnews.cz\/wp-content\/uploads\/2026\/03\/IMG_20260327_122303_904.webp 1200w\" sizes=\"(max-width: 1024px) 100vw, 1024px\" \/><\/figure>\n<\/figure>\n\n\n\n<figure class=\"wp-block-gallery has-nested-images columns-default is-cropped wp-block-gallery-2 is-layout-flex wp-block-gallery-is-layout-flex\">\n<figure class=\"wp-block-image size-large\"><img decoding=\"async\" width=\"960\" height=\"749\" data-id=\"42911\" src=\"https:\/\/gnews.cz\/wp-content\/uploads\/2026\/03\/IMG_20260327_122351.webp\" alt=\"\" class=\"wp-image-42911\" srcset=\"https:\/\/gnews.cz\/wp-content\/uploads\/2026\/03\/IMG_20260327_122351.webp 960w, https:\/\/gnews.cz\/wp-content\/uploads\/2026\/03\/IMG_20260327_122351-300x234.webp 300w, https:\/\/gnews.cz\/wp-content\/uploads\/2026\/03\/IMG_20260327_122351-768x599.webp 768w, https:\/\/gnews.cz\/wp-content\/uploads\/2026\/03\/IMG_20260327_122351-15x12.webp 15w, https:\/\/gnews.cz\/wp-content\/uploads\/2026\/03\/IMG_20260327_122351-585x456.webp 585w\" sizes=\"(max-width: 960px) 100vw, 960px\" \/><\/figure>\n\n\n\n<figure class=\"wp-block-image size-large\"><img decoding=\"async\" width=\"675\" height=\"900\" data-id=\"42912\" src=\"https:\/\/gnews.cz\/wp-content\/uploads\/2026\/03\/IMG_20260327_122252_822.webp\" alt=\"\" class=\"wp-image-42912\" srcset=\"https:\/\/gnews.cz\/wp-content\/uploads\/2026\/03\/IMG_20260327_122252_822.webp 675w, https:\/\/gnews.cz\/wp-content\/uploads\/2026\/03\/IMG_20260327_122252_822-225x300.webp 225w, https:\/\/gnews.cz\/wp-content\/uploads\/2026\/03\/IMG_20260327_122252_822-9x12.webp 9w, https:\/\/gnews.cz\/wp-content\/uploads\/2026\/03\/IMG_20260327_122252_822-585x780.webp 585w\" sizes=\"(max-width: 675px) 100vw, 675px\" \/><\/figure>\n\n\n\n<figure class=\"wp-block-image size-large\"><img loading=\"lazy\" decoding=\"async\" width=\"506\" height=\"900\" data-id=\"42913\" src=\"https:\/\/gnews.cz\/wp-content\/uploads\/2026\/03\/IMG_20260327_122240_135.webp\" alt=\"\" class=\"wp-image-42913\" srcset=\"https:\/\/gnews.cz\/wp-content\/uploads\/2026\/03\/IMG_20260327_122240_135.webp 506w, https:\/\/gnews.cz\/wp-content\/uploads\/2026\/03\/IMG_20260327_122240_135-169x300.webp 169w, https:\/\/gnews.cz\/wp-content\/uploads\/2026\/03\/IMG_20260327_122240_135-7x12.webp 7w\" sizes=\"(max-width: 506px) 100vw, 506px\" \/><\/figure>\n<\/figure>\n","protected":false},"excerpt":{"rendered":"<p>MOSKVA, 27. b\u0159ezna. Rusk\u00fd d\u016fm v Praze byl 26. b\u0159ezna napaden, kdy\u017e nezn\u00e1m\u00ed \u00fato\u010dn\u00edci h\u00e1zeli na budovu Molotovovy koktejly, \u0159ekl \u0159editel kulturn\u00edho&hellip;<\/p>\n","protected":false},"author":10,"featured_media":42909,"comment_status":"open","ping_status":"closed","sticky":false,"template":"","format":"standard","meta":{"_acf_changed":false,"_lmt_disableupdate":"","_lmt_disable":"","footnotes":""},"categories":[2968,3,7,1,580,2973],"tags":[45,11828,11829,10,26,11827,17,11830,41],"class_list":["post-42907","post","type-post","status-publish","format-standard","has-post-thumbnail","hentry","category-domaci","category-neprehlednete","category-politika","category-tema","category-vyber-sefredaktora","category-zahranicni","tag-cr","tag-igor-girenko","tag-molotovovy-koktejly","tag-news","tag-rusko","tag-rusky-dum-v-praze","tag-top","tag-trestni-rizeni","tag-world"],"acf":[],"aioseo_notices":[],"_links":{"self":[{"href":"https:\/\/gnews.cz\/cs_cz\/wp-json\/wp\/v2\/posts\/42907","targetHints":{"allow":["GET"]}}],"collection":[{"href":"https:\/\/gnews.cz\/cs_cz\/wp-json\/wp\/v2\/posts"}],"about":[{"href":"https:\/\/gnews.cz\/cs_cz\/wp-json\/wp\/v2\/types\/post"}],"author":[{"embeddable":true,"href":"https:\/\/gnews.cz\/cs_cz\/wp-json\/wp\/v2\/users\/10"}],"replies":[{"embeddable":true,"href":"https:\/\/gnews.cz\/cs_cz\/wp-json\/wp\/v2\/comments?post=42907"}],"version-history":[{"count":2,"href":"https:\/\/gnews.cz\/cs_cz\/wp-json\/wp\/v2\/posts\/42907\/revisions"}],"predecessor-version":[{"id":42914,"href":"https:\/\/gnews.cz\/cs_cz\/wp-json\/wp\/v2\/posts\/42907\/revisions\/42914"}],"wp:featuredmedia":[{"embeddable":true,"href":"https:\/\/gnews.cz\/cs_cz\/wp-json\/wp\/v2\/media\/42909"}],"wp:attachment":[{"href":"https:\/\/gnews.cz\/cs_cz\/wp-json\/wp\/v2\/media?parent=42907"}],"wp:term":[{"taxonomy":"category","embeddable":true,"href":"https:\/\/gnews.cz\/cs_cz\/wp-json\/wp\/v2\/categories?post=42907"},{"taxonomy":"post_tag","embeddable":true,"href":"https:\/\/gnews.cz\/cs_cz\/wp-json\/wp\/v2\/tags?post=42907"}],"curies":[{"name":"wp","href":"https:\/\/api.w.org\/{rel}","templated":true}]}}