{"id":42915,"date":"2026-03-27T18:30:00","date_gmt":"2026-03-27T17:30:00","guid":{"rendered":"https:\/\/gnews.cz\/?p=42915"},"modified":"2026-03-27T10:41:29","modified_gmt":"2026-03-27T09:41:29","slug":"divadla-slavi-svetovy-den-ktery-odstartoval-na-pocatku-v-helsinkach","status":"publish","type":"post","link":"https:\/\/gnews.cz\/cs_cz\/tema\/divadla-slavi-svetovy-den-ktery-odstartoval-na-pocatku-v-helsinkach\/","title":{"rendered":"Divadla slav\u00ed Sv\u011btov\u00fd den kter\u00fd odstartoval na po\u010d\u00e1tku v Helsink\u00e1ch"},"content":{"rendered":"\n<p><strong>Mezin\u00e1rodn\u00ed Den divadla byl ustanoven v roce 1961 Mezin\u00e1rodn\u00edm divadeln\u00edm institutem (International Theatre Institute \u2013 ITI). Tento den slav\u00ed ka\u017edoro\u010dn\u011b 27. b\u0159ezna v\u0161echna n\u00e1rodn\u00ed st\u0159ediska ITI a spolu s nimi cel\u00e1 mezin\u00e1rodn\u00ed divadeln\u00ed obec. P\u0159i t\u00e9to p\u0159\u00edle\u017eitosti se organizuj\u00ed r\u016fzn\u00e9 divadeln\u00ed akce.<\/strong><\/p>\n\n\n\n<blockquote class=\"wp-block-quote is-layout-flow wp-block-quote-is-layout-flow\">\n<p><strong>Ustaven\u00ed Sv\u011btov\u00e9ho dne divadla navrhl nejd\u0159\u00edve v Helsink\u00e1ch a potom ve V\u00eddni na 9. sv\u011btov\u00e9m kongresu Mezin\u00e1rodn\u00edho divadeln\u00edho \u00fastavu v \u010dervnu 1961 jm\u00e9nem Finsk\u00e9ho st\u0159ediska Mezin\u00e1rodn\u00edho divadeln\u00edho \u00fastavu prezident Arvi Kivimaa. N\u00e1rodn\u00ed st\u0159ediska Mezin\u00e1rodn\u00edho divadeln\u00edho \u00fastavu ITI, jich\u017e je dnes t\u00e9m\u011b\u0159 100 na cel\u00e9m sv\u011bt\u011b, slav\u00ed Sv\u011btov\u00fd den divadla mnoho\u010detn\u00fdm a nejr\u016fzn\u011bj\u0161\u00edm zp\u016fsobem.<\/strong><\/p>\n<\/blockquote>\n\n\n\n<p>Ka\u017ed\u00fd rok je p\u0159izv\u00e1na v\u00fdzna\u010dn\u00e1 divadeln\u00ed osobnost nebo osoba vyzna\u010duj\u00edc\u00ed se silou srdce a ducha z jin\u00e9 oblasti, aby se pod\u011blila o sv\u00e9 \u00favahy o divadle a souladu mezi n\u00e1rody. To, co je zn\u00e1m\u00e9 jako Mezin\u00e1rodn\u00ed poselstv\u00ed, se p\u0159ekl\u00e1d\u00e1 do v\u00edce ne\u017e 20 jazyk\u016f, p\u0159ed\u010d\u00edt\u00e1 pro des\u00edtky tis\u00edc div\u00e1k\u016f p\u0159ed p\u0159edstaven\u00edmi v divadlech na cel\u00e9m sv\u011bt\u011b a tiskne ve stovk\u00e1ch den\u00edk\u016f. <\/p>\n\n\n\n<h2 class=\"wp-block-heading\"><strong>V \u010cesku Sv\u011btov\u00fd den divadel slav\u00edme Noc\u00ed divadel, kter\u00e1 se kon\u00e1 nejbli\u017e\u0161\u00ed sobotu okolo 27. b\u0159ezna.<\/strong><\/h2>\n\n\n\n<p><strong><a href=\"https:\/\/www.kudyznudy.cz\/aktuality\/divadla-zitra-oslavi-svetovy-den-divadla\" title=\"\">kudyznudy.cz<\/a>\/gnews.cz<\/strong><\/p>\n\n\n\n<figure class=\"wp-block-gallery has-nested-images columns-default is-cropped wp-block-gallery-1 is-layout-flex wp-block-gallery-is-layout-flex\">\n<figure class=\"wp-block-image size-large\"><img fetchpriority=\"high\" decoding=\"async\" width=\"889\" height=\"577\" data-id=\"42919\" src=\"https:\/\/gnews.cz\/wp-content\/uploads\/2026\/03\/Screenshot_20260327_124049.webp\" alt=\"\" class=\"wp-image-42919\" srcset=\"https:\/\/gnews.cz\/wp-content\/uploads\/2026\/03\/Screenshot_20260327_124049.webp 889w, https:\/\/gnews.cz\/wp-content\/uploads\/2026\/03\/Screenshot_20260327_124049-300x195.webp 300w, https:\/\/gnews.cz\/wp-content\/uploads\/2026\/03\/Screenshot_20260327_124049-768x498.webp 768w, https:\/\/gnews.cz\/wp-content\/uploads\/2026\/03\/Screenshot_20260327_124049-18x12.webp 18w, https:\/\/gnews.cz\/wp-content\/uploads\/2026\/03\/Screenshot_20260327_124049-585x380.webp 585w\" sizes=\"(max-width: 889px) 100vw, 889px\" \/><\/figure>\n\n\n\n<figure class=\"wp-block-image size-large\"><img decoding=\"async\" width=\"1024\" height=\"650\" data-id=\"42920\" src=\"https:\/\/gnews.cz\/wp-content\/uploads\/2026\/03\/Screenshot_20260327_124106-1024x650.webp\" alt=\"\" class=\"wp-image-42920\" srcset=\"https:\/\/gnews.cz\/wp-content\/uploads\/2026\/03\/Screenshot_20260327_124106-1024x650.webp 1024w, https:\/\/gnews.cz\/wp-content\/uploads\/2026\/03\/Screenshot_20260327_124106-300x190.webp 300w, https:\/\/gnews.cz\/wp-content\/uploads\/2026\/03\/Screenshot_20260327_124106-768x487.webp 768w, https:\/\/gnews.cz\/wp-content\/uploads\/2026\/03\/Screenshot_20260327_124106-18x12.webp 18w, https:\/\/gnews.cz\/wp-content\/uploads\/2026\/03\/Screenshot_20260327_124106-1170x743.webp 1170w, https:\/\/gnews.cz\/wp-content\/uploads\/2026\/03\/Screenshot_20260327_124106-585x371.webp 585w, https:\/\/gnews.cz\/wp-content\/uploads\/2026\/03\/Screenshot_20260327_124106.webp 1221w\" sizes=\"(max-width: 1024px) 100vw, 1024px\" \/><\/figure>\n<\/figure>\n","protected":false},"excerpt":{"rendered":"<p>Mezin\u00e1rodn\u00ed Den divadla byl ustanoven v roce 1961 Mezin\u00e1rodn\u00edm divadeln\u00edm institutem (International Theatre Institute \u2013 ITI). Tento den slav\u00ed ka\u017edoro\u010dn\u011b 27. b\u0159ezna&hellip;<\/p>\n","protected":false},"author":10,"featured_media":42917,"comment_status":"open","ping_status":"closed","sticky":false,"template":"","format":"standard","meta":{"_acf_changed":false,"_lmt_disableupdate":"","_lmt_disable":"","footnotes":""},"categories":[2968,6,3,1,3104,580,8,5],"tags":[11835,45,11834,11833,11832,11831,10,11837,11836,17,987,41],"class_list":["post-42915","post","type-post","status-publish","format-standard","has-post-thumbnail","hentry","category-domaci","category-kultura","category-neprehlednete","category-tema","category-veda","category-vyber-sefredaktora","category-zabava","category-zdravy-styl","tag-arvi-kivimaa","tag-cr","tag-finsky-stredisko-mezinarodni-divadelni-ustav","tag-helsinky","tag-international-theatre-institute-iti","tag-mezinarodni-den-divadla","tag-news","tag-noc-divadel","tag-poselstvi","tag-top","tag-viden","tag-world"],"acf":[],"aioseo_notices":[],"_links":{"self":[{"href":"https:\/\/gnews.cz\/cs_cz\/wp-json\/wp\/v2\/posts\/42915","targetHints":{"allow":["GET"]}}],"collection":[{"href":"https:\/\/gnews.cz\/cs_cz\/wp-json\/wp\/v2\/posts"}],"about":[{"href":"https:\/\/gnews.cz\/cs_cz\/wp-json\/wp\/v2\/types\/post"}],"author":[{"embeddable":true,"href":"https:\/\/gnews.cz\/cs_cz\/wp-json\/wp\/v2\/users\/10"}],"replies":[{"embeddable":true,"href":"https:\/\/gnews.cz\/cs_cz\/wp-json\/wp\/v2\/comments?post=42915"}],"version-history":[{"count":2,"href":"https:\/\/gnews.cz\/cs_cz\/wp-json\/wp\/v2\/posts\/42915\/revisions"}],"predecessor-version":[{"id":42921,"href":"https:\/\/gnews.cz\/cs_cz\/wp-json\/wp\/v2\/posts\/42915\/revisions\/42921"}],"wp:featuredmedia":[{"embeddable":true,"href":"https:\/\/gnews.cz\/cs_cz\/wp-json\/wp\/v2\/media\/42917"}],"wp:attachment":[{"href":"https:\/\/gnews.cz\/cs_cz\/wp-json\/wp\/v2\/media?parent=42915"}],"wp:term":[{"taxonomy":"category","embeddable":true,"href":"https:\/\/gnews.cz\/cs_cz\/wp-json\/wp\/v2\/categories?post=42915"},{"taxonomy":"post_tag","embeddable":true,"href":"https:\/\/gnews.cz\/cs_cz\/wp-json\/wp\/v2\/tags?post=42915"}],"curies":[{"name":"wp","href":"https:\/\/api.w.org\/{rel}","templated":true}]}}