{"id":42922,"date":"2026-03-28T18:30:00","date_gmt":"2026-03-28T17:30:00","guid":{"rendered":"https:\/\/gnews.cz\/?p=42922"},"modified":"2026-03-28T11:25:01","modified_gmt":"2026-03-28T10:25:01","slug":"ceska-republika-vazi-partnerstvi-s-cinou-ktere-se-rozviji-napric-odvetvimi","status":"publish","type":"post","link":"https:\/\/gnews.cz\/cs_cz\/tema\/ceska-republika-vazi-partnerstvi-s-cinou-ktere-se-rozviji-napric-odvetvimi\/","title":{"rendered":"\u010cesk\u00e1 republika v\u00e1\u017e\u00ed partnerstv\u00ed s \u010c\u00ednou, kter\u00e9 se rozv\u00edj\u00ed nap\u0159\u00ed\u010d odv\u011btv\u00edmi"},"content":{"rendered":"\n<p><strong>Franti\u0161ek Chaloupeck\u00fd, viceprezident Svazu pr\u016fmyslu a dopravy \u010cR, hovo\u0159\u00ed na propaga\u010dn\u00ed akci \u010dtvrt\u00e9ho veletrhu China International Supply Chain Expo (CISCE) v Praze v \u010cesk\u00e9 republice, 24. b\u0159ezna 2026. Vedouc\u00ed p\u0159edstavitel\u00e9 podnik\u016f, z\u00e1stupci pr\u016fmyslu a vl\u00e1dn\u00ed \u00fa\u0159edn\u00edci z \u010c\u00edny a \u010cesk\u00e9 republiky se v \u00fater\u00fd se\u0161li v Praze na propaga\u010dn\u00ed akci \u010dtvrt\u00e9ho veletrhu CISCE, kter\u00e1 zd\u016fraznila rostouc\u00ed z\u00e1jem o pos\u00edlen\u00ed hospod\u00e1\u0159sk\u00e9 a obchodn\u00ed spolupr\u00e1ce mezi ob\u011bma zem\u011bmi. (Foto: Helena Kocov\u00e1\/Xinhua)<\/strong><\/p>\n\n\n\n<p>PRAHA, 24. b\u0159ezna &#8212; Vedouc\u00ed p\u0159edstavitel\u00e9 podnik\u016f, z\u00e1stupci pr\u016fmyslu a vl\u00e1dn\u00ed \u00fa\u0159edn\u00edci z \u010c\u00edny a \u010cesk\u00e9 republiky se v \u00fater\u00fd se\u0161li v Praze na propaga\u010dn\u00ed akci \u010dtvrt\u00e9ho veletrhu China International Supply Chain Expo (CISCE), kter\u00e1 zd\u016fraznila rostouc\u00ed z\u00e1jem o pos\u00edlen\u00ed hospod\u00e1\u0159sk\u00e9 a obchodn\u00ed spolupr\u00e1ce mezi ob\u011bma zem\u011bmi.<\/p>\n\n\n\n<blockquote class=\"wp-block-quote is-layout-flow wp-block-quote-is-layout-flow\">\n<p><strong>\u201eGlob\u00e1ln\u00ed ekonomika je propojen\u011bj\u0161\u00ed ne\u017e kdy d\u0159\u00edve. Dodavatelsk\u00e9 \u0159et\u011bzce jsou \u017eivotod\u00e1rnou silou mezin\u00e1rodn\u00edho obchodu a jejich odolnost, efektivita a udr\u017eitelnost jsou kl\u00ed\u010dem ke spole\u010dn\u00e9 prosperit\u011b, inovac\u00edm a r\u016fstu,\u201c uvedl Richard Hlavat\u00fd, \u0159editel Odboru mimoevropsk\u00fdch zem\u00ed Ministerstva pr\u016fmyslu a obchodu \u010cesk\u00e9 republiky.<\/strong><\/p>\n<\/blockquote>\n\n\n\n<p>Uvedl, \u017ee si \u010cesk\u00e1 republika v\u00e1\u017e\u00ed partnerstv\u00ed s \u010c\u00ednou, kter\u00e9 se rozv\u00edj\u00ed nap\u0159\u00ed\u010d odv\u011btv\u00edmi od automobilov\u00e9ho pr\u016fmyslu a v\u00fdroby a\u017e po technologie a logistiku. Dodal, \u017ee takov\u00e9 akce posiluj\u00ed d\u016fv\u011bru, dialog a vz\u00e1jemn\u00fd r\u016fst a pom\u00e1haj\u00ed budovat efektivn\u00ed, odoln\u00e9 a udr\u017eiteln\u00e9 dodavatelsk\u00e9 \u0159et\u011bzce. Akce p\u0159il\u00e1kala z\u00e1stupce p\u0159ibli\u017en\u011b 70 \u010desk\u00fdch firem a asi 30 \u010d\u00ednsk\u00fdch podnik\u016f, kter\u00e9 v sou\u010dasn\u00e9 dob\u011b p\u016fsob\u00ed nebo jsou aktivn\u00ed na \u010desk\u00e9m trhu. \u00da\u010dastn\u00edci zd\u016fraznili d\u016fle\u017eitost pos\u00edlen\u00ed spolupr\u00e1ce v glob\u00e1ln\u00edch dodavatelsk\u00fdch \u0159et\u011bzc\u00edch a identifikovali nov\u00e9 p\u0159\u00edle\u017eitosti v oblasti pokro\u010dil\u00e9 v\u00fdroby, zelen\u00e9ho rozvoje a inovac\u00ed.<\/p>\n\n\n\n<blockquote class=\"wp-block-quote is-layout-flow wp-block-quote-is-layout-flow\">\n<p><strong>Franti\u0161ek Chaloupeck\u00fd, viceprezident Svazu pr\u016fmyslu a dopravy \u010cR, uvedl, \u017ee jeho instituce, kter\u00e1 zastupuje v\u00edce ne\u017e 11 000 \u010dlensk\u00fdch firem, aktivn\u011b podporuje spolupr\u00e1ci mezi \u010desk\u00fdmi a \u010d\u00ednsk\u00fdmi podniky a bude i nad\u00e1le podporovat \u010desk\u00e9 firmy v roz\u0161i\u0159ov\u00e1n\u00ed spolupr\u00e1ce a investi\u010dn\u00edch aktivit s \u010d\u00ednsk\u00fdmi partnery. Na akci \u010d\u00ednsk\u00fd velvyslanec v \u010cesk\u00e9 republice Feng Biao zd\u016fraznil siln\u00e9 ekonomick\u00e9 vazby mezi ob\u011bma zem\u011bmi a poznamenal, \u017ee bilater\u00e1ln\u00ed obchod dos\u00e1hl v roce 2025 44,2 miliardy americk\u00fdch dolar\u016f, co\u017e p\u0159edstavuje v\u00edce ne\u017e 8 procent celkov\u00e9ho zahrani\u010dn\u00edho obchodu \u010cesk\u00e9 republiky.<\/strong><\/p>\n<\/blockquote>\n\n\n\n<p>Feng zd\u016fraznil, \u017ee hospod\u00e1\u0159sk\u00e1 a obchodn\u00ed spolupr\u00e1ce mezi ob\u011bma zem\u011bmi m\u00e1 zna\u010dn\u00fd potenci\u00e1l a objevuj\u00ed se nov\u00e9 p\u0159\u00edle\u017eitosti v oblastech, jako je energetika, infrastruktura, inteligentn\u00ed v\u00fdroba a vozidla na nov\u00e9 zdroje energie. Dodal, \u017ee ob\u011b strany budou i nad\u00e1le podporovat \u00fa\u010dast podnik\u016f na v\u00fdznamn\u00fdch veletrz\u00edch, v\u010detn\u011b CISCE. Chen Limiao, vedouc\u00ed pra\u017esk\u00e9 pobo\u010dky Pr\u016fmyslov\u00e9 a obchodn\u00ed banky \u010c\u00edny (ICBC), uvedl, \u017ee ICBC bude i nad\u00e1le podporovat \u010desk\u00e9 firmy p\u0159i hled\u00e1n\u00ed p\u0159\u00edle\u017eitost\u00ed na \u010d\u00ednsk\u00e9m trhu, zejm\u00e9na v oblasti nov\u00fdch energi\u00ed a high-tech odv\u011btv\u00ed. Akci po\u0159\u00e1dala \u010c\u00ednsk\u00e1 rada pro podporu mezin\u00e1rodn\u00edho obchodu, \u010d\u00ednsk\u00e9 velvyslanectv\u00ed v \u010cesk\u00e9 republice, Ministerstvo pr\u016fmyslu a obchodu \u010cesk\u00e9 republiky, pra\u017esk\u00e1 pobo\u010dka ICBC a Svaz pr\u016fmyslu a dopravy \u010cesk\u00e9 republiky.<\/p>\n\n\n\n<p><\/p>\n","protected":false},"excerpt":{"rendered":"<p>Franti\u0161ek Chaloupeck\u00fd, viceprezident Svazu pr\u016fmyslu a dopravy \u010cR, hovo\u0159\u00ed na propaga\u010dn\u00ed akci \u010dtvrt\u00e9ho veletrhu China International Supply Chain Expo (CISCE) v Praze&hellip;<\/p>\n","protected":false},"author":10,"featured_media":42954,"comment_status":"open","ping_status":"closed","sticky":false,"template":"","format":"standard","meta":{"_acf_changed":false,"_lmt_disableupdate":"","_lmt_disable":"","footnotes":""},"categories":[7,658,1,2973],"tags":[45,11458,11893,11899,22,8247,11897,11898,8300,11895,6935,1064,2291,4375,11891,10,44,11900,11892,11896,219,17,41,11894],"class_list":["post-42922","post","type-post","status-publish","format-standard","has-post-thumbnail","hentry","category-politika","category-prectete-si","category-tema","category-zahranicni","tag-cr","tag-ceske-firmy","tag-cesky-trh-2","tag-chen-limiao","tag-cina","tag-cinska-rada-pro-podporu-mezinarodniho-obchodu","tag-cinsky-velvyslanec-v-ceske-republice-feng-biao","tag-cisce","tag-dodavatelske-retezce","tag-frantisek-chaloupecky","tag-high-tech","tag-inovace","tag-logistika","tag-mezinarodni-obchod","tag-ministerstvo-prumyslu-a-obchodu-ceske-republiky","tag-news","tag-politika","tag-prumyslove-a-obchodni-banky-ciny-icbc","tag-richard-hlavaty","tag-svaz-prumyslu-a-dopravy-cr","tag-technologie","tag-top","tag-world","tag-zeleny-rozvoj"],"acf":[],"aioseo_notices":[],"_links":{"self":[{"href":"https:\/\/gnews.cz\/cs_cz\/wp-json\/wp\/v2\/posts\/42922","targetHints":{"allow":["GET"]}}],"collection":[{"href":"https:\/\/gnews.cz\/cs_cz\/wp-json\/wp\/v2\/posts"}],"about":[{"href":"https:\/\/gnews.cz\/cs_cz\/wp-json\/wp\/v2\/types\/post"}],"author":[{"embeddable":true,"href":"https:\/\/gnews.cz\/cs_cz\/wp-json\/wp\/v2\/users\/10"}],"replies":[{"embeddable":true,"href":"https:\/\/gnews.cz\/cs_cz\/wp-json\/wp\/v2\/comments?post=42922"}],"version-history":[{"count":1,"href":"https:\/\/gnews.cz\/cs_cz\/wp-json\/wp\/v2\/posts\/42922\/revisions"}],"predecessor-version":[{"id":42924,"href":"https:\/\/gnews.cz\/cs_cz\/wp-json\/wp\/v2\/posts\/42922\/revisions\/42924"}],"wp:featuredmedia":[{"embeddable":true,"href":"https:\/\/gnews.cz\/cs_cz\/wp-json\/wp\/v2\/media\/42954"}],"wp:attachment":[{"href":"https:\/\/gnews.cz\/cs_cz\/wp-json\/wp\/v2\/media?parent=42922"}],"wp:term":[{"taxonomy":"category","embeddable":true,"href":"https:\/\/gnews.cz\/cs_cz\/wp-json\/wp\/v2\/categories?post=42922"},{"taxonomy":"post_tag","embeddable":true,"href":"https:\/\/gnews.cz\/cs_cz\/wp-json\/wp\/v2\/tags?post=42922"}],"curies":[{"name":"wp","href":"https:\/\/api.w.org\/{rel}","templated":true}]}}