{"id":42923,"date":"2026-03-27T21:30:00","date_gmt":"2026-03-27T20:30:00","guid":{"rendered":"https:\/\/gnews.cz\/?p=42923"},"modified":"2026-04-01T06:24:34","modified_gmt":"2026-04-01T04:24:34","slug":"gnews-rozhovor-s-poslancem-janem-hrncirem-spd-dil-iv-o-fialove-politice-a-co-delat","status":"publish","type":"post","link":"https:\/\/gnews.cz\/cs_cz\/tema\/gnews-rozhovor-s-poslancem-janem-hrncirem-spd-dil-iv-o-fialove-politice-a-co-delat\/","title":{"rendered":"GNEWS Rozhovor s poslancem Janem Hrn\u010d\u00ed\u0159em (SPD), d\u00edl IV.:\u00a0o Fialov\u011b politice a co d\u011blat"},"content":{"rendered":"\n<p><strong>Tvrd\u00e1 kritika m\u00ed\u0159\u00ed na vl\u00e1du Petr Fiala. Poslanec Jan Hrn\u010d\u00ed\u0159 ze Svobody a p\u0159\u00edm\u00e9 demokracie (SPD) v rozhovoru nebral serv\u00edtky a obvinil kabinet z toho, \u017ee nezvl\u00e1dl \u0159e\u0161it probl\u00e9my \u010desk\u00fdch rodin ani pr\u016fmyslu. V dal\u0161\u00edm d\u00edlu rozhovoru pro&nbsp;<a href=\"https:\/\/gnews.cz\/\">Gnews.cz<\/a>&nbsp;<\/strong><\/p>\n\n\n\n<figure class=\"wp-block-embed is-provider-youtube wp-block-embed-youtube\"><div class=\"wp-block-embed__wrapper\">\n<iframe title=\"Jan Hrn\u010d\u00ed\u0159 (SPD) o Fialov\u011b politice a co d\u011blat\" width=\"1170\" height=\"658\" src=\"https:\/\/www.youtube.com\/embed\/dzOq2nO4gDc?feature=oembed\" frameborder=\"0\" allow=\"accelerometer; autoplay; clipboard-write; encrypted-media; gyroscope; picture-in-picture; web-share\" referrerpolicy=\"strict-origin-when-cross-origin\" allowfullscreen><\/iframe>\n<\/div><\/figure>\n\n\n\n<p><em>T\u0159et\u00ed d\u00edl na\u0161eho rozhovoru s Janem Hrn\u010d\u00ed\u0159em si m\u016f\u017eete pustit<\/em>&nbsp;<strong><a href=\"https:\/\/youtu.be\/_H6TAGFwnDk\">zde<\/a><\/strong><\/p>\n\n\n\n<blockquote class=\"wp-block-quote is-layout-flow wp-block-quote-is-layout-flow\">\n<p><strong>Podle Hrn\u010d\u00ed\u0159e m\u011bla pr\u00e1v\u011b tato situace z\u00e1sadn\u00ed vliv na volebn\u00ed v\u00fdsledek. \u201e\u0158ada rodin se dostala do exekuc\u00ed a za\u017eili jsme n\u011bco, \u010demu se \u0159\u00edk\u00e1 energetick\u00e1 chudoba,\u201c uvedl. Tento fenom\u00e9n byl podle n\u011bj v \u010cesku d\u0159\u00edve nezn\u00e1m\u00fd, ale v posledn\u00edch letech se stal realitou pro tis\u00edce dom\u00e1cnost\u00ed.<\/strong><\/p>\n<\/blockquote>\n\n\n\n<p>Ostr\u00e1 slova padla i na adresu Evropsk\u00e1 unie a politiky Green Dealu. Hrn\u010d\u00ed\u0159 tvrd\u00ed, \u017ee Fialova vl\u00e1da se v\u00edce soust\u0159edila na Brusel ne\u017e na vlastn\u00ed ob\u010dany a v\u00fdrazn\u011b pomohla prosazen\u00ed ekologick\u00fdch regulac\u00ed, kter\u00e9 podle n\u011bj dopadly negativn\u011b na ekonomiku. P\u0159esto\u017ee vl\u00e1da poukazuje na ekonomick\u00fd r\u016fst kolem 2,5 %, Hrn\u010d\u00ed\u0159 upozor\u0148uje, \u017ee je podle n\u011bj ta\u017een hlavn\u011b dom\u00e1cnostmi, kter\u00e9 rozpou\u0161t\u011bj\u00ed sv\u00e9 \u00faspory po obdob\u00ed vysok\u00e9 inflace. Kl\u00ed\u010dov\u00fd zpracovatelsk\u00fd pr\u016fmysl naopak podle n\u011bj dlouhodob\u011b oslabuje.<\/p>\n\n\n\n<blockquote class=\"wp-block-quote is-layout-flow wp-block-quote-is-layout-flow\">\n<p><strong>Sou\u010dasn\u00e1 opat\u0159en\u00ed podle poslance m\u00ed\u0159\u00ed opa\u010dn\u00fdm sm\u011brem. St\u00e1t m\u00e1 nov\u011b p\u0159evz\u00edt \u010d\u00e1st n\u00e1klad\u016f na podporu sol\u00e1rn\u00edch elektr\u00e1ren, co\u017e by m\u011blo ulevit dom\u00e1cnostem i firm\u00e1m. \u201eJde zhruba o 17 miliard korun,\u201c uvedl s t\u00edm, \u017ee pr\u00e1v\u011b ceny elekt\u0159iny byly za p\u0159edchoz\u00ed vl\u00e1dy jedny z nejvy\u0161\u0161\u00edch v Evrop\u011b.<\/strong><\/p>\n<\/blockquote>\n\n\n\n<p>T\u00e9ma tak z\u016fst\u00e1v\u00e1 v\u00fdbu\u0161n\u00e9: kdo skute\u010dn\u011b nese odpov\u011bdnost za drah\u00e9 energie a ekonomick\u00e9 probl\u00e9my \u010cech\u016f?<\/p>\n\n\n\n<p><em>Na p\u0159edchoz\u00ed d\u00edl rozhovoru se m\u016f\u017eete pod\u00edvat<\/em>: <strong><em><a href=\"https:\/\/gnews.cz\/cs_cz\/tema\/gnews-rozhovor-s-poslancem-janem-hrncirem-spd-dil-iii-bez-ciny-pry-evropa-nezvladne-technologie-ani-elektromobily\/\" target=\"_blank\" rel=\"noopener\" title=\"\">zde<\/a><\/em><\/strong>\u00a0<\/p>\n\n\n\n<p><strong>General News<\/strong><\/p>\n","protected":false},"excerpt":{"rendered":"<p>Tvrd\u00e1 kritika m\u00ed\u0159\u00ed na vl\u00e1du Petr Fiala. Poslanec Jan Hrn\u010d\u00ed\u0159 ze Svobody a p\u0159\u00edm\u00e9 demokracie (SPD) v rozhovoru nebral serv\u00edtky a obvinil&hellip;<\/p>\n","protected":false},"author":9,"featured_media":42785,"comment_status":"open","ping_status":"closed","sticky":false,"template":"","format":"standard","meta":{"_acf_changed":false,"_lmt_disableupdate":"","_lmt_disable":"","footnotes":""},"categories":[2968,7,658,2,1,580],"tags":[45,11838,11842,11839,46,78,11840,5420,3071,11732,10,9267,1314,11841,11755,17,6360,41],"class_list":["post-42923","post","type-post","status-publish","format-standard","has-post-thumbnail","hentry","category-domaci","category-politika","category-prectete-si","category-rozhovory","category-tema","category-vyber-sefredaktora","tag-cr","tag-ceske-rodiny","tag-drahe-energie","tag-energeticka-chudoba","tag-eu","tag-evropa","tag-fenomen","tag-general-news","tag-green-deal","tag-jan-hrncir","tag-news","tag-poslanec","tag-prumysl","tag-solarni-elektrarny","tag-svoboda-a-prima-demokracie-spd","tag-top","tag-vlada-petra-fialy","tag-world"],"acf":[],"aioseo_notices":[],"_links":{"self":[{"href":"https:\/\/gnews.cz\/cs_cz\/wp-json\/wp\/v2\/posts\/42923","targetHints":{"allow":["GET"]}}],"collection":[{"href":"https:\/\/gnews.cz\/cs_cz\/wp-json\/wp\/v2\/posts"}],"about":[{"href":"https:\/\/gnews.cz\/cs_cz\/wp-json\/wp\/v2\/types\/post"}],"author":[{"embeddable":true,"href":"https:\/\/gnews.cz\/cs_cz\/wp-json\/wp\/v2\/users\/9"}],"replies":[{"embeddable":true,"href":"https:\/\/gnews.cz\/cs_cz\/wp-json\/wp\/v2\/comments?post=42923"}],"version-history":[{"count":3,"href":"https:\/\/gnews.cz\/cs_cz\/wp-json\/wp\/v2\/posts\/42923\/revisions"}],"predecessor-version":[{"id":43282,"href":"https:\/\/gnews.cz\/cs_cz\/wp-json\/wp\/v2\/posts\/42923\/revisions\/43282"}],"wp:featuredmedia":[{"embeddable":true,"href":"https:\/\/gnews.cz\/cs_cz\/wp-json\/wp\/v2\/media\/42785"}],"wp:attachment":[{"href":"https:\/\/gnews.cz\/cs_cz\/wp-json\/wp\/v2\/media?parent=42923"}],"wp:term":[{"taxonomy":"category","embeddable":true,"href":"https:\/\/gnews.cz\/cs_cz\/wp-json\/wp\/v2\/categories?post=42923"},{"taxonomy":"post_tag","embeddable":true,"href":"https:\/\/gnews.cz\/cs_cz\/wp-json\/wp\/v2\/tags?post=42923"}],"curies":[{"name":"wp","href":"https:\/\/api.w.org\/{rel}","templated":true}]}}