{"id":42933,"date":"2026-03-28T04:00:00","date_gmt":"2026-03-28T03:00:00","guid":{"rendered":"https:\/\/gnews.cz\/?p=42933"},"modified":"2026-03-27T22:29:07","modified_gmt":"2026-03-27T21:29:07","slug":"nejvyssi-cinsky-politicky-poradce-se-setkal-s-uzbeckym-prezidentskym-poradcem","status":"publish","type":"post","link":"https:\/\/gnews.cz\/cs_cz\/tema\/nejvyssi-cinsky-politicky-poradce-se-setkal-s-uzbeckym-prezidentskym-poradcem\/","title":{"rendered":"Nejvy\u0161\u0161\u00ed \u010d\u00ednsk\u00fd politick\u00fd poradce se setkal\u00a0s uzbeck\u00fdm prezidentsk\u00fdm poradcem"},"content":{"rendered":"\n<p><strong>Wang Huning (Wang Chu-ning), p\u0159edseda \u010c\u00ednsk\u00e9ho lidov\u00e9ho politick\u00e9ho poradn\u00edho shrom\u00e1\u017ed\u011bn\u00ed (\u010cLPPS), se 26. b\u0159ezna v Pekingu setkal se Sardorem Umurzakovem, poradcem prezidenta Uzbekist\u00e1nu pro strategick\u00fd rozvoj.<\/strong><\/p>\n\n\n\n<blockquote class=\"wp-block-quote is-layout-flow wp-block-quote-is-layout-flow\">\n<p><strong>Wang Huning, kter\u00fd je tak\u00e9 \u010dlenem St\u00e1l\u00e9ho v\u00fdboru politbyra \u00dast\u0159edn\u00edho v\u00fdboru Komunistick\u00e9 strany \u010c\u00edny (KS \u010c\u00edny), uvedl, \u017ee \u010c\u00edna je ochotna spolupracovat s Uzbekist\u00e1nem na spole\u010dn\u00e9ho prosazov\u00e1n\u00ed konsenzu dosa\u017een\u00e9ho ob\u011bma hlavami st\u00e1t\u016f a pevn\u011b se navz\u00e1jem podporovat v moderniza\u010dn\u00edm \u00fasil\u00ed.<\/strong><\/p>\n<\/blockquote>\n\n\n\n<p>\u010c\u00edna je ochotna spolupracovat s Uzbekist\u00e1nem na pos\u00edlen\u00ed slad\u011bn\u00ed sv\u00fdch rozvojov\u00fdch strategi\u00ed, pos\u00edlen\u00ed mezistranick\u00e9 v\u00fdm\u011bny a spole\u010dn\u00e9 ochran\u011b glob\u00e1ln\u00edho a region\u00e1ln\u00edho m\u00edru a stability, uvedl a dodal, \u017ee N\u00e1rodn\u00ed v\u00fdbor \u010cLPPS k tomu p\u0159isp\u011bje pozitivn\u011b.<\/p>\n\n\n\n<blockquote class=\"wp-block-quote is-layout-flow wp-block-quote-is-layout-flow\">\n<p><strong>Sardor Umurzakov uvedl, \u017ee Uzbekist\u00e1n se dr\u017e\u00ed principu jedn\u00e9 \u010c\u00edny a podporuje hlavn\u00ed iniciativy navrhovan\u00e9 \u010c\u00ednou. Dodal, \u017ee implementace 15. p\u011btilet\u00e9ho pl\u00e1nu \u010c\u00edny (2026\u20132030) p\u0159edstavuje nov\u00e9 p\u0159\u00edle\u017eitosti pro bilater\u00e1ln\u00ed spolupr\u00e1ci, a \u017ee Uzbekist\u00e1n je ochoten pou\u010dit se ze zku\u0161enost\u00ed KS \u010c\u00edny, p\u0159i\u010dem\u017e poznamenal, \u017ee veden\u00ed KS \u010c\u00edny je kl\u00ed\u010dem k \u00fasp\u011bchu \u010c\u00edny.<\/strong><\/p>\n<\/blockquote>\n\n\n\n<p><strong><a href=\"https:\/\/czech.cri.cn\/2026\/03\/27\/ARTI1774622081426216\" title=\"\">CMG<\/a><\/strong><\/p>\n","protected":false},"excerpt":{"rendered":"<p>Wang Huning (Wang Chu-ning), p\u0159edseda \u010c\u00ednsk\u00e9ho lidov\u00e9ho politick\u00e9ho poradn\u00edho shrom\u00e1\u017ed\u011bn\u00ed (\u010cLPPS), se 26. b\u0159ezna v Pekingu setkal se Sardorem Umurzakovem, poradcem prezidenta&hellip;<\/p>\n","protected":false},"author":10,"featured_media":42934,"comment_status":"open","ping_status":"closed","sticky":false,"template":"","format":"standard","meta":{"_acf_changed":false,"_lmt_disableupdate":"","_lmt_disable":"","footnotes":""},"categories":[7,658,1,2973],"tags":[8001,22,18,11847,10,167,11846,17,11845,11843,11844,41],"class_list":["post-42933","post","type-post","status-publish","format-standard","has-post-thumbnail","hentry","category-politika","category-prectete-si","category-tema","category-zahranicni","tag-bilateralni-spoluprace","tag-cina","tag-cmg","tag-narodni-vybor-clpps","tag-news","tag-peking","tag-sardor-umurzakov","tag-top","tag-ustredni-vybor-komunisticka-strana-ciny-ks-ciny","tag-uzbekystan","tag-wang-chu-ning","tag-world"],"acf":[],"aioseo_notices":[],"_links":{"self":[{"href":"https:\/\/gnews.cz\/cs_cz\/wp-json\/wp\/v2\/posts\/42933","targetHints":{"allow":["GET"]}}],"collection":[{"href":"https:\/\/gnews.cz\/cs_cz\/wp-json\/wp\/v2\/posts"}],"about":[{"href":"https:\/\/gnews.cz\/cs_cz\/wp-json\/wp\/v2\/types\/post"}],"author":[{"embeddable":true,"href":"https:\/\/gnews.cz\/cs_cz\/wp-json\/wp\/v2\/users\/10"}],"replies":[{"embeddable":true,"href":"https:\/\/gnews.cz\/cs_cz\/wp-json\/wp\/v2\/comments?post=42933"}],"version-history":[{"count":1,"href":"https:\/\/gnews.cz\/cs_cz\/wp-json\/wp\/v2\/posts\/42933\/revisions"}],"predecessor-version":[{"id":42935,"href":"https:\/\/gnews.cz\/cs_cz\/wp-json\/wp\/v2\/posts\/42933\/revisions\/42935"}],"wp:featuredmedia":[{"embeddable":true,"href":"https:\/\/gnews.cz\/cs_cz\/wp-json\/wp\/v2\/media\/42934"}],"wp:attachment":[{"href":"https:\/\/gnews.cz\/cs_cz\/wp-json\/wp\/v2\/media?parent=42933"}],"wp:term":[{"taxonomy":"category","embeddable":true,"href":"https:\/\/gnews.cz\/cs_cz\/wp-json\/wp\/v2\/categories?post=42933"},{"taxonomy":"post_tag","embeddable":true,"href":"https:\/\/gnews.cz\/cs_cz\/wp-json\/wp\/v2\/tags?post=42933"}],"curies":[{"name":"wp","href":"https:\/\/api.w.org\/{rel}","templated":true}]}}