{"id":42963,"date":"2026-03-29T09:00:00","date_gmt":"2026-03-29T07:00:00","guid":{"rendered":"https:\/\/gnews.cz\/?p=42963"},"modified":"2026-03-30T00:16:42","modified_gmt":"2026-03-29T22:16:42","slug":"obrazarna-spejchar-zelec-si-vydobyla-predni-misto-mezi-jihoceskymi-stanky-vytvarneho-umeni","status":"publish","type":"post","link":"https:\/\/gnews.cz\/cs_cz\/tema\/obrazarna-spejchar-zelec-si-vydobyla-predni-misto-mezi-jihoceskymi-stanky-vytvarneho-umeni\/","title":{"rendered":"Obraz\u00e1rna \u0160pejchar \u017dele\u010d si vydobyla p\u0159edn\u00ed m\u00edsto mezi jiho\u010desk\u00fdmi st\u00e1nky v\u00fdtvarn\u00e9ho um\u011bn\u00ed"},"content":{"rendered":"\n<h2 class=\"wp-block-heading\"><strong>Osv\u011bt\u00e1\u0159i Jihu<\/strong><\/h2>\n\n\n\n<p>Pod t\u00edmto pojmem si um\u011bn\u00edmilovn\u00e1 ve\u0159ejnost jist\u011b vybav\u00ed souvislosti s&nbsp;jiho\u010deskou galeri\u00ed OBRAZ\u00c1RNA \u0160PEJCHAR \u017dELE\u010c, kter\u00e1 si b\u011bhem desetilet\u00ed sv\u00e9 existence vydobyla p\u0159edn\u00ed m\u00edsto mezi (nejen) jiho\u010desk\u00fdmi st\u00e1nky v\u00fdtvarn\u00e9ho um\u011bn\u00ed. A to svou pestrou dramaturgi\u00ed v\u00fdstav, kdy pravideln\u011b p\u0159edstavovala des\u00edtky \u010deskoslovensk\u00fdch mistr\u016f palety 20. a 21. stolet\u00ed. Sdru\u017een\u00ed Osv\u011bt\u00e1\u0159i Jihu zalo\u017eil ne\u00fanavn\u00fd kunsthistorik, kur\u00e1tor, v\u00fdtvarn\u00fd publicista a spisovatel Pavel \u0160midrkal. C\u00edlem spolku je objevovat, uchov\u00e1vat a \u0161\u00ed\u0159it kulturn\u00ed d\u011bdictv\u00ed, spjat\u00e9 s&nbsp;regionem cestou p\u0159edn\u00e1\u0161ek, v\u00fdstav a vlastn\u00ed publika\u010dn\u00ed \u010dinnosti. Sou\u010dasn\u011b s&nbsp;t\u00edm podporovat a zvy\u0161ovat turistick\u00fd ruch v&nbsp;regionu propagov\u00e1n\u00edm jeho historie i sou\u010dasnosti a db\u00e1t o \u0161\u00ed\u0159en\u00ed u\u017eite\u010dn\u00fdch informac\u00ed.<\/p>\n\n\n\n<figure class=\"wp-block-gallery has-nested-images columns-default is-cropped wp-block-gallery-1 is-layout-flex wp-block-gallery-is-layout-flex\">\n<figure class=\"wp-block-image size-large\"><img fetchpriority=\"high\" decoding=\"async\" width=\"1024\" height=\"739\" data-id=\"42987\" src=\"https:\/\/gnews.cz\/wp-content\/uploads\/2026\/03\/imageresize_20260329_112102-1024x739.webp\" alt=\"\" class=\"wp-image-42987\" srcset=\"https:\/\/gnews.cz\/wp-content\/uploads\/2026\/03\/imageresize_20260329_112102-1024x739.webp 1024w, https:\/\/gnews.cz\/wp-content\/uploads\/2026\/03\/imageresize_20260329_112102-300x217.webp 300w, https:\/\/gnews.cz\/wp-content\/uploads\/2026\/03\/imageresize_20260329_112102-768x554.webp 768w, https:\/\/gnews.cz\/wp-content\/uploads\/2026\/03\/imageresize_20260329_112102-18x12.webp 18w, https:\/\/gnews.cz\/wp-content\/uploads\/2026\/03\/imageresize_20260329_112102-1170x844.webp 1170w, https:\/\/gnews.cz\/wp-content\/uploads\/2026\/03\/imageresize_20260329_112102-585x422.webp 585w, https:\/\/gnews.cz\/wp-content\/uploads\/2026\/03\/imageresize_20260329_112102.webp 1247w\" sizes=\"(max-width: 1024px) 100vw, 1024px\" \/><\/figure>\n<\/figure>\n\n\n\n<h2 class=\"wp-block-heading\"><strong>Slavnostn\u00ed zah\u00e1jen\u00ed nov\u00e9 galerie<\/strong><\/h2>\n\n\n\n<p>\u017dele\u010dsk\u00e1 obraz\u00e1rna v&nbsp;roce 2024 oslavila 13. v\u00fdstavn\u00ed sezonu. V&nbsp;duchu po\u0159ekadla o ne\u0161\u0165astn\u00e9m \u010d\u00edsle ale i svou posledn\u00ed, kdy jin\u00e9 z\u00e1jmy zv\u00edt\u011bzily nad kulturou a osv\u011btou. Obec tak p\u0159i\u0161la o sv\u016fj mimo\u0159\u00e1dn\u00fd kulturn\u00ed magnet, kter\u00fd p\u0159itahoval z\u00e1jemce o v\u00fdtvarn\u00e9 um\u011bn\u00ed z&nbsp;domova i zahrani\u010d\u00ed. Osv\u011bt\u00e1\u0159i Jihu tedy museli zm\u011bnit sv\u00e9 p\u016fsobi\u0161t\u011b, co\u017e se stalo d\u00edky pochopen\u00ed majitele L\u00e1zn\u00ed Bechyn\u011b a pam\u00e1tkov\u011b chr\u00e1n\u011bn\u00e9mu objektu tzv. Kot\u011brov\u011b vile (postavena v&nbsp;roce 1905), kter\u00e1 se tak prom\u011bnila ve v\u00fdstavn\u00ed s\u00ed\u0148.<\/p>\n\n\n\n<p>S l\u00e1zn\u011bmi Osv\u011bt\u00e1\u0159i spolupracovali ji\u017e n\u011bkolik let, v\u00fdstavy jimi organizovan\u00e9 p\u0159isp\u00edvaly k&nbsp;volno\u010dasov\u00e9 n\u00e1plni l\u00e1ze\u0148sk\u00fdch host\u016f a rekreant\u016f. Jejich obl\u00edbenost s&nbsp;n\u00e1v\u0161t\u011bvnost\u00ed ruku v&nbsp;ruce rostla (b\u011b\u017en\u011b 100 host\u016f na vernis\u00e1\u017ei), a\u017e prostory v&nbsp;hlavn\u00ed budov\u011b l\u00e1zn\u00ed za\u010daly slou\u017eit k&nbsp;jin\u00e9mu \u00fa\u010delu a p\u0159i\u0161el \u010das hled\u00e1n\u00ed n\u00e1hradn\u00edch, reprezentativn\u011bj\u0161\u00edch. Konec dobr\u00fd, v\u0161echno dobr\u00e9! Kot\u011brova vila je tedy nov\u00fdm a v\u00fdznamn\u00fdm p\u016fsobi\u0161t\u011bm spolku Osv\u011bt\u00e1\u0159i Jihu.<\/p>\n\n\n\n<figure class=\"wp-block-gallery has-nested-images columns-default is-cropped wp-block-gallery-2 is-layout-flex wp-block-gallery-is-layout-flex\">\n<figure class=\"wp-block-image size-large\"><img decoding=\"async\" width=\"1024\" height=\"775\" data-id=\"42988\" src=\"https:\/\/gnews.cz\/wp-content\/uploads\/2026\/03\/imageresize_20260330_010152-1024x775.webp\" alt=\"\" class=\"wp-image-42988\" srcset=\"https:\/\/gnews.cz\/wp-content\/uploads\/2026\/03\/imageresize_20260330_010152-1024x775.webp 1024w, https:\/\/gnews.cz\/wp-content\/uploads\/2026\/03\/imageresize_20260330_010152-300x227.webp 300w, https:\/\/gnews.cz\/wp-content\/uploads\/2026\/03\/imageresize_20260330_010152-768x581.webp 768w, https:\/\/gnews.cz\/wp-content\/uploads\/2026\/03\/imageresize_20260330_010152-16x12.webp 16w, https:\/\/gnews.cz\/wp-content\/uploads\/2026\/03\/imageresize_20260330_010152-1170x886.webp 1170w, https:\/\/gnews.cz\/wp-content\/uploads\/2026\/03\/imageresize_20260330_010152-585x443.webp 585w, https:\/\/gnews.cz\/wp-content\/uploads\/2026\/03\/imageresize_20260330_010152.webp 1189w\" sizes=\"(max-width: 1024px) 100vw, 1024px\" \/><\/figure>\n<\/figure>\n\n\n\n<h2 class=\"wp-block-heading\"><strong>Na co se m\u016f\u017eeme t\u011b\u0161it<\/strong><\/h2>\n\n\n\n<p>Jak n\u00e1m \u0159ekl Pavel \u0160midrkal, v\u00fdstavn\u00ed premi\u00e9ru zah\u00e1jila prezentace \u0161pi\u010dkov\u00e9ho \u010desk\u00e9ho krajin\u00e1\u0159e Josefa \u010cern\u00e9ho pod n\u00e1zvem Poklona krajin\u011b a m\u011bstu, kter\u00e1 potrv\u00e1 do za\u010d\u00e1tku kv\u011btna. V t\u00e9to souvislosti mus\u00edme p\u0159ipomenout, \u017ee n\u00e1v\u0161t\u011bvn\u00edci galerie budou m\u00edt mo\u017enost shl\u00e9dnout i n\u011bkolik d\u011bl, p\u0159ipom\u00ednaj\u00edc\u00edch osvobozen\u00ed republiky od fa\u0161ist\u016f na sklonku druh\u00e9 sv\u011btov\u00e9 v\u00e1lky v&nbsp;roce 1945, nebo\u0165 \u010cern\u00fd se k&nbsp;t\u00e9to t\u00e9matice vr\u00e1til s&nbsp;n\u011bkolika n\u00e1m\u011bty americk\u00fdch voj\u00e1k\u016f p\u0159i obsazen\u00ed Plzn\u011b, pot\u00e9, co sv\u00e9 m\u011bsto po boj\u00edch s&nbsp;hitlerovci osvobodili samotn\u00ed obyvatel\u00e9 m\u011bsta \u2013 vlastenc\u016f tenkr\u00e1t padly t\u0159i stovky, p\u0159edev\u0161\u00edm z&nbsp;\u0159ad \u017eelezni\u010d\u00e1\u0159\u016f a po\u0161tovn\u00edch pracovn\u00edk\u016f.<\/p>\n\n\n\n<p>Z&nbsp;p\u0159ipravovan\u00fdch akc\u00ed pak bude na \u0159ad\u011b prezentace mal\u00ed\u0159e Martina Ko\u0159enka, \u010derven p\u0159inese pr\u016f\u0159ez tvorbou um\u011bleck\u00e9ho fotografa Lva Pavlucha, pot\u00e9 bude \u010das na Karla Moln\u00e1ra a s\u00e9rii region\u00e1ln\u00edch autor\u016f. Pot\u011b\u0161uj\u00edc\u00ed zpr\u00e1vou je jist\u011b informace, \u017ee v\u00fdb\u011br z&nbsp;d\u00edla Josefa \u010cern\u00e9ho p\u0159edstav\u00ed v&nbsp;dubnu a\u017e kv\u011btnu z\u00e1rove\u0148 s&nbsp;bechy\u0148skou v\u00fdstavou i pra\u017esk\u00e1 Mal\u00e1 galerie Tudy k&nbsp;badateln\u011b Vojensk\u00e9ho \u00fast\u0159edn\u00edho archivu (Praha 6), tentokr\u00e1t v&nbsp;re\u017eii Sdru\u017een\u00ed \u010ds. zahrani\u010dn\u00edch letc\u016f- V\u00fdchod. Na jejich v\u00fdstav\u00e1ch nikdy nechyb\u00ed katalogy autor\u016f a vstupn\u00e9 je zdarma.<\/p>\n\n\n\n<figure class=\"wp-block-gallery has-nested-images columns-default is-cropped wp-block-gallery-3 is-layout-flex wp-block-gallery-is-layout-flex\">\n<figure class=\"wp-block-image size-large\"><img decoding=\"async\" width=\"1024\" height=\"701\" data-id=\"42989\" src=\"https:\/\/gnews.cz\/wp-content\/uploads\/2026\/03\/imageresize_20260330_010147-1024x701.webp\" alt=\"\" class=\"wp-image-42989\" srcset=\"https:\/\/gnews.cz\/wp-content\/uploads\/2026\/03\/imageresize_20260330_010147-1024x701.webp 1024w, https:\/\/gnews.cz\/wp-content\/uploads\/2026\/03\/imageresize_20260330_010147-300x205.webp 300w, https:\/\/gnews.cz\/wp-content\/uploads\/2026\/03\/imageresize_20260330_010147-768x526.webp 768w, https:\/\/gnews.cz\/wp-content\/uploads\/2026\/03\/imageresize_20260330_010147-18x12.webp 18w, https:\/\/gnews.cz\/wp-content\/uploads\/2026\/03\/imageresize_20260330_010147-1170x801.webp 1170w, https:\/\/gnews.cz\/wp-content\/uploads\/2026\/03\/imageresize_20260330_010147-585x401.webp 585w, https:\/\/gnews.cz\/wp-content\/uploads\/2026\/03\/imageresize_20260330_010147.webp 1314w\" sizes=\"(max-width: 1024px) 100vw, 1024px\" \/><\/figure>\n<\/figure>\n\n\n\n<h2 class=\"wp-block-heading\"><strong>Obrazy s&nbsp;n\u00e1m\u011bty Pa\u0159\u00ed\u017ee a \u0160umavy<\/strong><\/h2>\n\n\n\n<p>Bechy\u0148sk\u00e1 vernis\u00e1\u017e obraz\u016f mal\u00ed\u0159e Josefa \u010cern\u00e9ho se stala p\u0159\u00edle\u017eitost\u00ed k&nbsp;setk\u00e1n\u00ed v\u00fdtvarn\u00fdch osobnost\u00ed Jiho\u010desk\u00e9ho kraje, jako je Valentin Horba, Josef Z\u00e1ruba nebo t\u0159eba Tom\u00e1\u0161 Pitlik \u010di Lev Pavlucha. \u00davodn\u00ed slovo p\u0159ednesl starosta Bechyn\u011b \u0160t\u011bp\u00e1n Ond\u0159ich. Mezi vz\u00e1cn\u00fdmi hosty byl i genpor. Franti\u0161ek Pad\u011blek, p\u0159edseda Klubu gener\u00e1l\u016f \u010cR. Nejv\u00edce spokojenosti projevily p\u0159\u00edtomn\u00e9 pacientky l\u00e1zn\u00ed, pro kter\u00e9 byla vernis\u00e1\u017e inspirativn\u00edm ve\u010derem sbl\u00ed\u017een\u00ed s&nbsp;obrazy za kr\u00e1sn\u00e9 hudebn\u00ed pohody.<\/p>\n\n\n\n<p>Zb\u00fdv\u00e1 dodat, \u017ee mal\u00ed\u0159 a kresl\u00ed\u0159 Josef \u010cern\u00fd (nar. 1943) z\u016fst\u00e1v\u00e1 p\u0159i sv\u00e9 sou\u010dasn\u00e9 tvorb\u011b netknut\u00fd vysok\u00fdm v\u011bkem. Nechyb\u00ed mu \u017eivost, je ne\u00fanavn\u00fd a h\u00fd\u0159\u00ed energi\u00ed. Ateli\u00e9r pln\u00ed nov\u00fdmi d\u00edly, kdy t\u00e9m\u011b\u0159 denn\u011b kouzl\u00ed \u0161t\u011btcem na pl\u00e1tn\u011b. Jeho talent u\u017e p\u0159ed des\u00edtkami let pos\u00edlila soukrom\u00e1 studia (1961- 63) u ak. mal. Franti\u0161ka Jel\u00ednka, pot\u00e9 u ak. mal. Vladim\u00edra Havlice. V letech 1978-1981 absolvoval Josef \u010cern\u00fd V\u00fdtvarnou \u0161kolu Lum\u00edra Topinky. Uskute\u010dnil osm des\u00edtek samostatn\u00fdch v\u00fdstav, n\u011bkter\u00e9 jeho obrazy p\u0159ekro\u010dily na\u0161e hranice v\u0161emi sm\u011bry (citace z&nbsp;v\u00fdstavn\u00edho katalogu kur\u00e1tora Pavla \u0160midrkala).<\/p>\n\n\n\n<p><strong>Ivan \u010cern\u00fd <\/strong><\/p>\n\n\n\n<figure class=\"wp-block-image size-full is-resized\"><img loading=\"lazy\" decoding=\"async\" width=\"631\" height=\"900\" src=\"https:\/\/gnews.cz\/wp-content\/uploads\/2026\/03\/Screenshot_20260330_011353.webp\" alt=\"\" class=\"wp-image-42993\" style=\"aspect-ratio:0.70109375;width:780px;height:auto\" srcset=\"https:\/\/gnews.cz\/wp-content\/uploads\/2026\/03\/Screenshot_20260330_011353.webp 631w, https:\/\/gnews.cz\/wp-content\/uploads\/2026\/03\/Screenshot_20260330_011353-210x300.webp 210w, https:\/\/gnews.cz\/wp-content\/uploads\/2026\/03\/Screenshot_20260330_011353-8x12.webp 8w, https:\/\/gnews.cz\/wp-content\/uploads\/2026\/03\/Screenshot_20260330_011353-585x834.webp 585w\" sizes=\"(max-width: 631px) 100vw, 631px\" \/><\/figure>\n","protected":false},"excerpt":{"rendered":"<p>Osv\u011bt\u00e1\u0159i Jihu Pod t\u00edmto pojmem si um\u011bn\u00edmilovn\u00e1 ve\u0159ejnost jist\u011b vybav\u00ed souvislosti s&nbsp;jiho\u010deskou galeri\u00ed OBRAZ\u00c1RNA \u0160PEJCHAR \u017dELE\u010c, kter\u00e1 si b\u011bhem desetilet\u00ed sv\u00e9 existence&hellip;<\/p>\n","protected":false},"author":10,"featured_media":42965,"comment_status":"open","ping_status":"closed","sticky":false,"template":"","format":"standard","meta":{"_acf_changed":false,"_lmt_disableupdate":"","_lmt_disable":"","footnotes":""},"categories":[2968,6,658,1,3104,8,5],"tags":[11902,11913,11918,11915,11910,11909,11905,11906,11912,11920,10,11901,6892,11904,1736,11917,11914,17,11916,11919,11911,1651,11907,41,11908],"class_list":["post-42963","post","type-post","status-publish","format-standard","has-post-thumbnail","hentry","category-domaci","category-kultura","category-prectete-si","category-tema","category-veda","category-zabava","category-zdravy-styl","tag-ceskoslovenssti-mistri-palety","tag-frantisek-padelek","tag-josef-cerny","tag-josef-zaruba","tag-koterova-vila","tag-kulturni-magnet","tag-kunsthistorik","tag-kurator","tag-lev-pavlucha","tag-lumira-topinky","tag-news","tag-obrazarna-spejchar-zelec","tag-pavel-smidrkal-2","tag-prednasky","tag-spisovatel","tag-stepan-ondrich","tag-tomas-pitlik","tag-top","tag-valentin-horba","tag-vladimira-havlice","tag-vystavni-sin","tag-vytvarne-umeni","tag-vytvarny-publicista","tag-world","tag-zelecska-obrazarna"],"acf":[],"aioseo_notices":[],"_links":{"self":[{"href":"https:\/\/gnews.cz\/cs_cz\/wp-json\/wp\/v2\/posts\/42963","targetHints":{"allow":["GET"]}}],"collection":[{"href":"https:\/\/gnews.cz\/cs_cz\/wp-json\/wp\/v2\/posts"}],"about":[{"href":"https:\/\/gnews.cz\/cs_cz\/wp-json\/wp\/v2\/types\/post"}],"author":[{"embeddable":true,"href":"https:\/\/gnews.cz\/cs_cz\/wp-json\/wp\/v2\/users\/10"}],"replies":[{"embeddable":true,"href":"https:\/\/gnews.cz\/cs_cz\/wp-json\/wp\/v2\/comments?post=42963"}],"version-history":[{"count":4,"href":"https:\/\/gnews.cz\/cs_cz\/wp-json\/wp\/v2\/posts\/42963\/revisions"}],"predecessor-version":[{"id":42994,"href":"https:\/\/gnews.cz\/cs_cz\/wp-json\/wp\/v2\/posts\/42963\/revisions\/42994"}],"wp:featuredmedia":[{"embeddable":true,"href":"https:\/\/gnews.cz\/cs_cz\/wp-json\/wp\/v2\/media\/42965"}],"wp:attachment":[{"href":"https:\/\/gnews.cz\/cs_cz\/wp-json\/wp\/v2\/media?parent=42963"}],"wp:term":[{"taxonomy":"category","embeddable":true,"href":"https:\/\/gnews.cz\/cs_cz\/wp-json\/wp\/v2\/categories?post=42963"},{"taxonomy":"post_tag","embeddable":true,"href":"https:\/\/gnews.cz\/cs_cz\/wp-json\/wp\/v2\/tags?post=42963"}],"curies":[{"name":"wp","href":"https:\/\/api.w.org\/{rel}","templated":true}]}}