{"id":42971,"date":"2026-03-29T19:30:00","date_gmt":"2026-03-29T17:30:00","guid":{"rendered":"https:\/\/gnews.cz\/?p=42971"},"modified":"2026-03-29T19:18:52","modified_gmt":"2026-03-29T17:18:52","slug":"cesko-a-slovensko-obnovuji-mezivladni-konzultace-po-trilete-pauze","status":"publish","type":"post","link":"https:\/\/gnews.cz\/cs_cz\/tema\/cesko-a-slovensko-obnovuji-mezivladni-konzultace-po-trilete-pauze\/","title":{"rendered":"\u010cesko a Slovensko obnovuj\u00ed mezivl\u00e1dn\u00ed konzultace po t\u0159\u00edlet\u00e9 pauze"},"content":{"rendered":"\n<p><strong>PRAHA &#8211; Po t\u0159ech letech se v \u00fater\u00fd uskute\u010dn\u00ed spole\u010dn\u00e9 jedn\u00e1n\u00ed vl\u00e1d \u010cesk\u00e1 republika a Slovensko. Mezivl\u00e1dn\u00ed konzultace, kter\u00e9 byly v minulosti symbolem nadstandardn\u00edch vztah\u016f obou zem\u00ed, se naposledy konaly v b\u0159eznu 2023. N\u00e1sledn\u011b byly p\u0159eru\u0161eny tehdej\u0161\u00ed vl\u00e1dou vedenou premi\u00e9rem Petr Fiala, a to kv\u016fli rozd\u00edln\u00fdm postoj\u016fm v oblasti zahrani\u010dn\u00ed politiky. Setk\u00e1n\u00ed ministr\u016f obou kabinet\u016f prob\u011bhne na z\u00e1mku Nov\u00e1 Horka na Novoji\u010d\u00ednsku. Podle ofici\u00e1ln\u00edho programu za\u010dne jedn\u00e1n\u00ed v 11:30 a po pracovn\u00edm ob\u011bd\u011b bude n\u00e1sledovat tiskov\u00e1 konference pl\u00e1novan\u00e1 na 14:00. O\u010dek\u00e1v\u00e1 se, \u017ee hlavn\u00edmi t\u00e9maty budou nejen ot\u00e1zky zahrani\u010dn\u00ed politiky, ale tak\u00e9 hospod\u00e1\u0159sk\u00e1 spolupr\u00e1ce, energetika \u010di dopravn\u00ed infrastruktura. <\/strong><\/p>\n\n\n\n<p>Obnoven\u00ed spole\u010dn\u00fdch konzultac\u00ed je vn\u00edm\u00e1no jako v\u00fdznamn\u00fd krok sm\u011brem k uklidn\u011bn\u00ed vztah\u016f mezi ob\u011bma zem\u011bmi. Ty byly v posledn\u00edch letech poznamen\u00e1ny odli\u0161n\u00fdmi n\u00e1zory na kl\u00ed\u010dov\u00e9 mezin\u00e1rodn\u00ed ot\u00e1zky, v\u010detn\u011b p\u0159\u00edstupu k v\u00e1lce na Ukrajin\u011b \u010di k n\u011bkter\u00fdm rozhodnut\u00edm Evropsk\u00e9 unie. Politologov\u00e9 v\u0161ak upozor\u0148uj\u00ed, \u017ee i p\u0159es tyto rozd\u00edly z\u016fst\u00e1vaj\u00ed vztahy mezi Prahou a Bratislavou stabiln\u00ed a historicky velmi bl\u00edzk\u00e9. Spole\u010dn\u00e1 jedn\u00e1n\u00ed vl\u00e1d maj\u00ed dlouhou tradici sahaj\u00edc\u00ed a\u017e do obdob\u00ed po rozd\u011blen\u00ed \u010ceskoslovenska v roce 1993. Pravideln\u00e1 setk\u00e1n\u00ed m\u011bla za c\u00edl koordinovat postup obou zem\u00ed v \u0159ad\u011b oblast\u00ed a posilovat vz\u00e1jemnou spolupr\u00e1ci. <\/p>\n\n\n\n<blockquote class=\"wp-block-quote is-layout-flow wp-block-quote-is-layout-flow\">\n<p><strong>Jejich p\u0159eru\u0161en\u00ed v roce 2024 proto vyvolalo pozornost nejen v politick\u00fdch kruz\u00edch, ale i mezi ve\u0159ejnost\u00ed.<br>Analytici se shoduj\u00ed, \u017ee obnoven\u00ed dialogu m\u016f\u017ee p\u0159isp\u011bt ke zlep\u0161en\u00ed komunikace a hled\u00e1n\u00ed spole\u010dn\u00fdch pozic v r\u00e1mci Evropsk\u00e9 unie i dal\u0161\u00edch mezin\u00e1rodn\u00edch struktur. Z\u00e1rove\u0148 v\u0161ak upozor\u0148uj\u00ed, \u017ee rozd\u00edly v politick\u00fdch priorit\u00e1ch obou vl\u00e1d zcela nezmizely a budou i nad\u00e1le p\u0159edm\u011btem jedn\u00e1n\u00ed. \u00datern\u00ed sch\u016fzka tak bude nejen symbolick\u00fdm n\u00e1vratem k tradi\u010dn\u00ed form\u011b spolupr\u00e1ce, ale tak\u00e9 testem schopnosti obou vl\u00e1d nal\u00e9zt kompromis v ot\u00e1zk\u00e1ch, kter\u00e9 je v posledn\u00edch letech rozd\u011blovaly. V\u00fdsledky jedn\u00e1n\u00ed a konkr\u00e9tn\u00ed dohody by m\u011bly b\u00fdt p\u0159edstaveny ve\u0159ejnosti pr\u00e1v\u011b na odpoledn\u00ed tiskov\u00e9 konferenci.<\/strong><\/p>\n<\/blockquote>\n\n\n\n<p><strong>gnews.cz &#8211; GH<\/strong><\/p>\n","protected":false},"excerpt":{"rendered":"<p>PRAHA &#8211; Po t\u0159ech letech se v \u00fater\u00fd uskute\u010dn\u00ed spole\u010dn\u00e9 jedn\u00e1n\u00ed vl\u00e1d \u010cesk\u00e1 republika a Slovensko. Mezivl\u00e1dn\u00ed konzultace, kter\u00e9 byly v minulosti&hellip;<\/p>\n","protected":false},"author":10,"featured_media":42973,"comment_status":"open","ping_status":"closed","sticky":false,"template":"","format":"standard","meta":{"_acf_changed":false,"_lmt_disableupdate":"","_lmt_disable":"","footnotes":""},"categories":[2968,3,7,1,580,2973],"tags":[5754,45,5372,11922,1523,4094,11923,11924,9185,10,11921,419,9261,6934,32,714,2438,17,29,92,41,4383],"class_list":["post-42971","post","type-post","status-publish","format-standard","has-post-thumbnail","hentry","category-domaci","category-neprehlednete","category-politika","category-tema","category-vyber-sefredaktora","category-zahranicni","tag-andrej-babis","tag-cr","tag-cesko","tag-cesko-slovenske-vztahy","tag-diplomacie","tag-evropska-unie","tag-evropske-unie","tag-mezinarodni-otazky","tag-mezivladni-konzultace","tag-news","tag-nova-horka","tag-petr-fiala","tag-robrt-fico","tag-slovenska-republika","tag-slovensko","tag-spoluprace","tag-tiskova-konference","tag-top","tag-ukrajina","tag-vlada","tag-world","tag-zahranicni-politika"],"acf":[],"aioseo_notices":[],"_links":{"self":[{"href":"https:\/\/gnews.cz\/cs_cz\/wp-json\/wp\/v2\/posts\/42971","targetHints":{"allow":["GET"]}}],"collection":[{"href":"https:\/\/gnews.cz\/cs_cz\/wp-json\/wp\/v2\/posts"}],"about":[{"href":"https:\/\/gnews.cz\/cs_cz\/wp-json\/wp\/v2\/types\/post"}],"author":[{"embeddable":true,"href":"https:\/\/gnews.cz\/cs_cz\/wp-json\/wp\/v2\/users\/10"}],"replies":[{"embeddable":true,"href":"https:\/\/gnews.cz\/cs_cz\/wp-json\/wp\/v2\/comments?post=42971"}],"version-history":[{"count":1,"href":"https:\/\/gnews.cz\/cs_cz\/wp-json\/wp\/v2\/posts\/42971\/revisions"}],"predecessor-version":[{"id":42972,"href":"https:\/\/gnews.cz\/cs_cz\/wp-json\/wp\/v2\/posts\/42971\/revisions\/42972"}],"wp:featuredmedia":[{"embeddable":true,"href":"https:\/\/gnews.cz\/cs_cz\/wp-json\/wp\/v2\/media\/42973"}],"wp:attachment":[{"href":"https:\/\/gnews.cz\/cs_cz\/wp-json\/wp\/v2\/media?parent=42971"}],"wp:term":[{"taxonomy":"category","embeddable":true,"href":"https:\/\/gnews.cz\/cs_cz\/wp-json\/wp\/v2\/categories?post=42971"},{"taxonomy":"post_tag","embeddable":true,"href":"https:\/\/gnews.cz\/cs_cz\/wp-json\/wp\/v2\/tags?post=42971"}],"curies":[{"name":"wp","href":"https:\/\/api.w.org\/{rel}","templated":true}]}}