{"id":43009,"date":"2026-03-18T09:53:31","date_gmt":"2026-03-18T08:53:31","guid":{"rendered":"https:\/\/gnews.cz\/?p=43009"},"modified":"2026-03-30T10:04:15","modified_gmt":"2026-03-30T08:04:15","slug":"akce-cina-na-jare-rozvojove-prilezitosti-ciny-pro-svet-se-konala-v-dusseldorfu","status":"publish","type":"post","link":"https:\/\/gnews.cz\/cs_cz\/ekonomika\/akce-cina-na-jare-rozvojove-prilezitosti-ciny-pro-svet-se-konala-v-dusseldorfu\/","title":{"rendered":"Akce \u201e\u010c\u00edna na ja\u0159e: Rozvojov\u00e9 p\u0159\u00edle\u017eitosti \u010c\u00edny pro sv\u011bt\u201c se konala v D\u00fcsseldorfu"},"content":{"rendered":"\n<p id=\"wnd_TextBlock_93291774857227676375_inner_0\"><strong>N\u011bmeck\u00e1 \u010d\u00e1st glob\u00e1ln\u00edho dialogu &#8222;\u010c\u00edna na ja\u0159e: Rozvojov\u00e9 p\u0159\u00edle\u017eitosti \u010c\u00edny pro sv\u011bt&#8220; se v \u00fater\u00fd uskute\u010dnila v D\u00fcsseldorfu, hlavn\u00edm m\u011bst\u011b spolkov\u00e9 zem\u011b Severn\u00ed Por\u00fdn\u00ed-Vestf\u00e1lsko. Akci spole\u010dn\u011b po\u0159\u00e1daly China Media Group (CMG) a Gener\u00e1ln\u00ed konzul\u00e1t \u010c\u00edny v D\u00fcsseldorfu.<\/strong><\/p>\n\n\n\n<p id=\"wnd_TextBlock_93291774857227676375_inner_1\"><strong>Shen Haixiong<\/strong>, n\u00e1m\u011bstek vedouc\u00edho Odd\u011blen\u00ed propagandy \u00dast\u0159edn\u00edho v\u00fdboru Komunistick\u00e9 strany \u010c\u00edny (CPC) a prezident CMG, p\u0159ednesl videoposelstv\u00ed.\u00a0<strong>Yu Yong<\/strong>, gener\u00e1ln\u00ed konzul \u010c\u00edny v D\u00fcsseldorfu, <strong>Rainer Schmeltzer<\/strong>, prvn\u00ed m\u00edstop\u0159edseda zemsk\u00e9ho parlamentu Severn\u00edho Por\u00fdn\u00ed-Vestf\u00e1lska, a <strong>Julia Jacob<\/strong>, prvn\u00ed n\u00e1m\u011bstkyn\u011b prim\u00e1tora Essenu, se akce z\u00fa\u010dastnili a vystoupili s projevy. Ud\u00e1lost p\u0159il\u00e1kala v\u00edce ne\u017e 100 host\u016f z oblasti politiky, byznysu, akademick\u00e9 sf\u00e9ry i m\u00e9di\u00ed.<\/p>\n\n\n\n<p id=\"wnd_TextBlock_93291774857227676375_inner_2\">Shen uvedl, \u017ee b\u011bhem leto\u0161n\u00edch &#8222;dvou zased\u00e1n\u00ed&#8220; prezident Xi Jinping zd\u016fraznil roz\u0161i\u0159ov\u00e1n\u00ed vysoce kvalitn\u00edho otev\u00edr\u00e1n\u00ed se sv\u011btu, vyu\u017e\u00edv\u00e1n\u00ed glob\u00e1ln\u00edch trh\u016f a hlub\u0161\u00ed zapojen\u00ed do sv\u011btov\u00e9ho ekonomick\u00e9ho ob\u011bhu, \u010d\u00edm\u017e znovu potvrdil pevn\u00e9 odhodl\u00e1n\u00ed \u010c\u00edny d\u00e1le se otev\u00edrat sv\u011btu. Podle Shena pl\u00e1n vysoce kvalitn\u00edho rozvoje \u010c\u00edny p\u0159in\u00e1\u0161\u00ed nov\u00e9 p\u0159\u00edle\u017eitosti pro cel\u00fd sv\u011bt.<\/p>\n\n\n\n<p id=\"wnd_TextBlock_93291774857227676375_inner_3\"><em>&#8222;Jako nejv\u011bt\u0161\u00ed a nejkomplexn\u011bj\u0161\u00ed mezin\u00e1rodn\u00ed medi\u00e1ln\u00ed skupina s nej\u0161ir\u0161\u00edm z\u00e1b\u011brem \u010dinnost\u00ed je CMG p\u0159ipravena vyu\u017e\u00edt sv\u00e9 siln\u00e9 str\u00e1nky v oblasti integrovan\u00e9 komunikace, technologick\u00fdch inovac\u00ed a medi\u00e1ln\u00edch zdroj\u016f,&#8220;<\/em> uvedl. Dodal, \u017ee CMG bude napom\u00e1hat sd\u00edlen\u00ed p\u0159\u00ednos\u016f \u010d\u00ednsk\u00e9 modernizace se sv\u011btem, p\u0159in\u00e1\u0161et nov\u00e9 p\u0159\u00edle\u017eitosti glob\u00e1ln\u00edm partner\u016fm, budovat inova\u010dn\u00ed platformy pro technologie slou\u017e\u00edc\u00ed lidstvu a spole\u010dn\u011b vytv\u00e1\u0159et novou vizi lidsk\u00e9 civilizace, v n\u00ed\u017e budou kultury harmonicky koexistovat.<\/p>\n\n\n\n<p id=\"wnd_TextBlock_93291774857227676375_inner_4\">Yu zd\u016fraznil, \u017ee n\u00e1vrh 15. p\u011btilet\u00e9ho pl\u00e1nu hospod\u00e1\u0159sk\u00e9ho a soci\u00e1ln\u00edho rozvoje \u010c\u00edny p\u0159edstavuje strategick\u00fd r\u00e1mec pro v\u00fdvoj zem\u011b v n\u00e1sleduj\u00edc\u00edch p\u011bti letech, potvrzuje stabiln\u00ed institucion\u00e1ln\u00ed v\u00fdhody a vyjad\u0159uje pevnou d\u016fv\u011bru ve stabiln\u00ed a dlouhodob\u00fd r\u016fst \u010d\u00ednsk\u00e9 ekonomiky. Podle n\u011bj tento pl\u00e1n vytvo\u0159\u00ed nov\u00e9 prost\u0159ed\u00ed institucion\u00e1ln\u00edho otev\u00edr\u00e1n\u00ed pro n\u011bmeck\u00e9 podniky, dod\u00e1 impulz pr\u016fmyslov\u00e9 transformaci a technologick\u00e9mu pokroku N\u011bmecka, nab\u00eddne nov\u00e9 p\u0159\u00edle\u017eitosti pro energetickou transformaci a zelen\u00fd rozvoj, otev\u0159e \u0161ir\u0161\u00ed trhy pro n\u011bmeck\u00fd pr\u016fmysl a pos\u00edl\u00ed glob\u00e1ln\u00ed v\u00fdznam \u010d\u00ednsko-n\u011bmeck\u00fdch vztah\u016f.<\/p>\n\n\n\n<p id=\"wnd_TextBlock_93291774857227676375_inner_5\">Schmeltzer uvedl, \u017ee Severn\u00ed Por\u00fdn\u00ed-Vestf\u00e1lsko, jedna z nejlidnat\u011bj\u0161\u00edch a ekonomicky nejsiln\u011bj\u0161\u00edch spolkov\u00fdch zem\u00ed N\u011bmecka, dlouhodob\u011b rozv\u00edj\u00ed \u00fazkou a plodnou spolupr\u00e1ci s \u0159adou \u010d\u00ednsk\u00fdch provinci\u00ed v oblasti obchodu, v\u011bdy i mezilidsk\u00fdch v\u00fdm\u011bn. Zd\u016fraznil, \u017ee p\u0159\u00e1telstv\u00ed mezi N\u011bmeckem a \u010c\u00ednou se v pr\u016fb\u011bhu \u010dasu d\u00e1le upev\u0148uje. Leto\u0161n\u00ed &#8222;dv\u011b zased\u00e1n\u00ed&#8220; podle n\u011bj znovu vyslala jasn\u00fd sign\u00e1l sv\u011btu: \u010c\u00edna bude pokra\u010dovat v otev\u00edr\u00e1n\u00ed se a spolupr\u00e1ci, usilovat o oboustrann\u011b v\u00fdhodn\u00e9 v\u00fdsledky a sd\u00edlen\u00fd rozvoj.<\/p>\n\n\n\n<p id=\"wnd_TextBlock_93291774857227676375_inner_6\">Dodal, \u017ee v sou\u010dasn\u00e9m slo\u017eit\u00e9m mezin\u00e1rodn\u00edm prost\u0159ed\u00ed je vz\u00e1jemn\u00e9 porozum\u011bn\u00ed a komunikace d\u016fle\u017eit\u011bj\u0161\u00ed ne\u017e kdy d\u0159\u00edve a otev\u0159enost spolu s dialogem by m\u011bly b\u00fdt hlavn\u00edmi pil\u00ed\u0159i mezin\u00e1rodn\u00ed spolupr\u00e1ce. <em>&#8222;Je z\u0159ejm\u00e9, \u017ee prost\u0159ednictv\u00edm otev\u0159en\u00e9 v\u00fdm\u011bny n\u00e1zor\u016f, vz\u00e1jemn\u00e9ho porozum\u011bn\u00ed a praktick\u00e9 spolupr\u00e1ce N\u011bmecko a \u010c\u00edna d\u00e1le pos\u00edl\u00ed sv\u00e9 vztahy a p\u0159isp\u011bj\u00ed k m\u00edru a rozvoji ve sv\u011bt\u011b,&#8220; <\/em>uvedl.<\/p>\n\n\n\n<p id=\"wnd_TextBlock_93291774857227676375_inner_7\">Sou\u010d\u00e1st\u00ed akce byla tak\u00e9 premi\u00e9ra po\u0159adu Kniha rozmanit\u00fdch \u0159emesel: Inovace poh\u00e1n\u011bn\u00e9 um\u011blou inteligenc\u00ed, vlajkov\u00e9ho projektu CMG zam\u011b\u0159en\u00e9ho na pr\u016fmyslovou kulturu. Humanoidn\u00ed robot z \u010c\u00edny p\u0159edvedl \u017eiv\u00e9 vystoupen\u00ed, kter\u00e9 host\u016fm p\u0159ibl\u00ed\u017eilo pokrok v oblasti inteligentn\u00ed v\u00fdroby a sklidilo velk\u00fd potlesk.<\/p>\n\n\n\n<p id=\"wnd_TextBlock_93291774857227676375_inner_8\"><strong><a href=\"https:\/\/news.cgtn.com\/news\/2026-03-18\/German-session-of-China-in-Springtime-event-held-in-D-sseldorf-1LCrEVwUQr6\/p.html\" target=\"_blank\" rel=\"noreferrer noopener\">CMG<\/a><\/strong><\/p>\n","protected":false},"excerpt":{"rendered":"<p>N\u011bmeck\u00e1 \u010d\u00e1st glob\u00e1ln\u00edho dialogu &#8222;\u010c\u00edna na ja\u0159e: Rozvojov\u00e9 p\u0159\u00edle\u017eitosti \u010c\u00edny pro sv\u011bt&#8220; se v \u00fater\u00fd uskute\u010dnila v D\u00fcsseldorfu, hlavn\u00edm m\u011bst\u011b spolkov\u00e9 zem\u011b&hellip;<\/p>\n","protected":false},"author":6,"featured_media":43011,"comment_status":"open","ping_status":"closed","sticky":false,"template":"","format":"standard","meta":{"_acf_changed":false,"_lmt_disableupdate":"","_lmt_disable":"","footnotes":""},"categories":[4,2973],"tags":[22,18,11965,5195,173],"class_list":["post-43009","post","type-post","status-publish","format-standard","has-post-thumbnail","hentry","category-ekonomika","category-zahranicni","tag-cina","tag-cmg","tag-dusseldorf","tag-ekonomicka-spoluprace","tag-nemecko"],"acf":[],"aioseo_notices":[],"_links":{"self":[{"href":"https:\/\/gnews.cz\/cs_cz\/wp-json\/wp\/v2\/posts\/43009","targetHints":{"allow":["GET"]}}],"collection":[{"href":"https:\/\/gnews.cz\/cs_cz\/wp-json\/wp\/v2\/posts"}],"about":[{"href":"https:\/\/gnews.cz\/cs_cz\/wp-json\/wp\/v2\/types\/post"}],"author":[{"embeddable":true,"href":"https:\/\/gnews.cz\/cs_cz\/wp-json\/wp\/v2\/users\/6"}],"replies":[{"embeddable":true,"href":"https:\/\/gnews.cz\/cs_cz\/wp-json\/wp\/v2\/comments?post=43009"}],"version-history":[{"count":1,"href":"https:\/\/gnews.cz\/cs_cz\/wp-json\/wp\/v2\/posts\/43009\/revisions"}],"predecessor-version":[{"id":43012,"href":"https:\/\/gnews.cz\/cs_cz\/wp-json\/wp\/v2\/posts\/43009\/revisions\/43012"}],"wp:featuredmedia":[{"embeddable":true,"href":"https:\/\/gnews.cz\/cs_cz\/wp-json\/wp\/v2\/media\/43011"}],"wp:attachment":[{"href":"https:\/\/gnews.cz\/cs_cz\/wp-json\/wp\/v2\/media?parent=43009"}],"wp:term":[{"taxonomy":"category","embeddable":true,"href":"https:\/\/gnews.cz\/cs_cz\/wp-json\/wp\/v2\/categories?post=43009"},{"taxonomy":"post_tag","embeddable":true,"href":"https:\/\/gnews.cz\/cs_cz\/wp-json\/wp\/v2\/tags?post=43009"}],"curies":[{"name":"wp","href":"https:\/\/api.w.org\/{rel}","templated":true}]}}