{"id":43038,"date":"2026-03-23T11:34:00","date_gmt":"2026-03-23T10:34:00","guid":{"rendered":"https:\/\/gnews.cz\/?p=43038"},"modified":"2026-03-30T11:41:50","modified_gmt":"2026-03-30T09:41:50","slug":"asijsky-davos-v-boao-hledani-stability-v-nejistem-svete","status":"publish","type":"post","link":"https:\/\/gnews.cz\/cs_cz\/neprehlednete\/asijsky-davos-v-boao-hledani-stability-v-nejistem-svete\/","title":{"rendered":"Asijsk\u00fd Davos v Boao: Hled\u00e1n\u00ed stability v nejist\u00e9m sv\u011bt\u011b"},"content":{"rendered":"\n<p id=\"wnd_TextBlock_91421774863528021964_inner_0\"><strong>Na konci b\u0159ezna se v \u010d\u00ednsk\u00e9 provincii Chaj-nan uskute\u010dn\u00ed v\u00fdro\u010dn\u00ed zased\u00e1n\u00ed Boao f\u00f3ra pro Asii. Politici, akademici a podnikatel\u00e9 budou diskutovat o glob\u00e1ln\u00edch v\u00fdzv\u00e1ch, technologick\u00fdch inovac\u00edch i o tom, jak omezit zneu\u017e\u00edv\u00e1n\u00ed dolaru pro mocensk\u00e9 c\u00edle USA.<\/strong><\/p>\n\n\n\n<p id=\"wnd_TextBlock_91421774863528021964_inner_1\">Podle Ivana Cinky, \u010dlena V\u00fdboru pro dopravu Zastupitelstva St\u0159edo\u010desk\u00e9ho kraje za koalici STA\u010cILO!, by ka\u017ed\u00fd, kdo chce porozum\u011bt nov\u00fdm trend\u016fm v rozvoji Asie, m\u011bl v\u011bnovat pozornost v\u00fdro\u010dn\u00edmu F\u00f3ru pro Asii, kter\u00e9 se uskute\u010dn\u00ed na konci b\u0159ezna v jeho st\u00e1l\u00e9m s\u00eddle Boao v \u010d\u00ednsk\u00e9 provincii Chaj-nan.<\/p>\n\n\n\n<p id=\"wnd_TextBlock_91421774863528021964_inner_2\">Tato presti\u017en\u00ed platforma pro dialog, kter\u00e9 se p\u0159ezd\u00edv\u00e1 &#8222;asijsk\u00fd Davos&#8220;, funguje ji\u017e \u010dtvrtstolet\u00ed a sdru\u017euje p\u0159edn\u00ed politiky, akademiky a podnikatele z cel\u00e9ho regionu i ze sv\u011bta.<\/p>\n\n\n\n<p id=\"wnd_TextBlock_91421774863528021964_inner_3\">Leto\u0161n\u00ed ro\u010dn\u00edk ponese n\u00e1zev &#8222;vn\u00e1\u0161en\u00ed stability a jistoty do nejist\u00e9ho sv\u011bta&#8220; a program je mimo\u0159\u00e1dn\u011b bohat\u00fd. \u00da\u010dastn\u00edci se zam\u011b\u0159\u00ed na roli Asie v transformaci sv\u011btov\u00e9 ekonomiky, spolupr\u00e1ci v dodavatelsk\u00fdch \u0159et\u011bzc\u00edch, technologick\u00e9 inovace, praktick\u00e9 postupy v zelen\u00e9 transformaci, digit\u00e1ln\u00ed transformaci a um\u011blou inteligenci.<\/p>\n\n\n\n<p id=\"wnd_TextBlock_91421774863528021964_inner_4\">V\u00fdznamnou \u010d\u00e1st diskus\u00ed budou podle Cinky zab\u00edrat i negativn\u00ed str\u00e1nky sou\u010dasn\u00e9 globalizovan\u00e9 ekonomiky. <em>&#8222;\u00da\u010dastn\u00edci se ale budou zab\u00fdvat i negativn\u00edmi str\u00e1nkami sou\u010dasn\u00e9 globalizovan\u00e9 ekonomiky \u2013 zejm\u00e9na dopady celn\u00edch v\u00e1lek na sv\u011btov\u00fd obchod,&#8220; <\/em>uvedl Cinka.<\/p>\n\n\n\n<p id=\"wnd_TextBlock_91421774863528021964_inner_5\">Spolu s t\u00e9matem spole\u010dn\u00e9 ekonomick\u00e9 bezpe\u010dnosti je do programu logicky za\u0159azena i diverzifikace p\u0159eshrani\u010dn\u00edch platebn\u00edch syst\u00e9m\u016f. Cinka k tomu dod\u00e1v\u00e1: <em>&#8222;Ano, jde o to co nejv\u00edce omezit vliv dolaru, kter\u00fd Spojen\u00e9 st\u00e1ty zneu\u017e\u00edvaj\u00ed ke sv\u00fdm mocensk\u00fdm a ekonomick\u00fdm c\u00edl\u016fm.&#8220;<\/em><\/p>\n\n\n\n<p id=\"wnd_TextBlock_91421774863528021964_inner_6\">Boao f\u00f3rum pro Asii, kter\u00e9 se pravideln\u011b kon\u00e1 od roku 2001, se etablovalo jako kl\u00ed\u010dov\u00e1 platforma pro formulov\u00e1n\u00ed asijsk\u00fdch odpov\u011bd\u00ed na glob\u00e1ln\u00ed v\u00fdzvy. Leto\u0161n\u00ed ro\u010dn\u00edk, zam\u011b\u0159en\u00fd na stabilitu a omezen\u00ed jednostrann\u00fdch mocensk\u00fdch z\u00e1sah\u016f do mezin\u00e1rodn\u00edho obchodu, bude sledov\u00e1n s mimo\u0159\u00e1dnou pozornost\u00ed nejen v regionu, ale po cel\u00e9m sv\u011bt\u011b.<\/p>\n\n\n\n<p id=\"wnd_TextBlock_91421774863528021964_inner_7\"><strong><a href=\"https:\/\/czech.cgtn.com\/2026\/03\/23\/ARTI1773994556401445\" target=\"_blank\" rel=\"noreferrer noopener\">CMG<\/a><\/strong><\/p>\n","protected":false},"excerpt":{"rendered":"<p>Na konci b\u0159ezna se v \u010d\u00ednsk\u00e9 provincii Chaj-nan uskute\u010dn\u00ed v\u00fdro\u010dn\u00ed zased\u00e1n\u00ed Boao f\u00f3ra pro Asii. Politici, akademici a podnikatel\u00e9 budou diskutovat o&hellip;<\/p>\n","protected":false},"author":6,"featured_media":43040,"comment_status":"open","ping_status":"closed","sticky":false,"template":"","format":"video","meta":{"_acf_changed":false,"_lmt_disableupdate":"","_lmt_disable":"","footnotes":""},"categories":[4,3,550,2973],"tags":[84,11983,22,18,11984,10483],"class_list":["post-43038","post","type-post","status-publish","format-video","has-post-thumbnail","hentry","category-ekonomika","category-neprehlednete","category-videa","category-zahranicni","tag-asie","tag-boao-forum","tag-cina","tag-cmg","tag-globalni-vyzvy","tag-ivan-cinka","post_format-post-format-video"],"acf":[],"aioseo_notices":[],"_links":{"self":[{"href":"https:\/\/gnews.cz\/cs_cz\/wp-json\/wp\/v2\/posts\/43038","targetHints":{"allow":["GET"]}}],"collection":[{"href":"https:\/\/gnews.cz\/cs_cz\/wp-json\/wp\/v2\/posts"}],"about":[{"href":"https:\/\/gnews.cz\/cs_cz\/wp-json\/wp\/v2\/types\/post"}],"author":[{"embeddable":true,"href":"https:\/\/gnews.cz\/cs_cz\/wp-json\/wp\/v2\/users\/6"}],"replies":[{"embeddable":true,"href":"https:\/\/gnews.cz\/cs_cz\/wp-json\/wp\/v2\/comments?post=43038"}],"version-history":[{"count":1,"href":"https:\/\/gnews.cz\/cs_cz\/wp-json\/wp\/v2\/posts\/43038\/revisions"}],"predecessor-version":[{"id":43039,"href":"https:\/\/gnews.cz\/cs_cz\/wp-json\/wp\/v2\/posts\/43038\/revisions\/43039"}],"wp:featuredmedia":[{"embeddable":true,"href":"https:\/\/gnews.cz\/cs_cz\/wp-json\/wp\/v2\/media\/43040"}],"wp:attachment":[{"href":"https:\/\/gnews.cz\/cs_cz\/wp-json\/wp\/v2\/media?parent=43038"}],"wp:term":[{"taxonomy":"category","embeddable":true,"href":"https:\/\/gnews.cz\/cs_cz\/wp-json\/wp\/v2\/categories?post=43038"},{"taxonomy":"post_tag","embeddable":true,"href":"https:\/\/gnews.cz\/cs_cz\/wp-json\/wp\/v2\/tags?post=43038"}],"curies":[{"name":"wp","href":"https:\/\/api.w.org\/{rel}","templated":true}]}}