{"id":43052,"date":"2026-03-25T12:45:03","date_gmt":"2026-03-25T11:45:03","guid":{"rendered":"https:\/\/gnews.cz\/?p=43052"},"modified":"2026-03-30T13:28:06","modified_gmt":"2026-03-30T11:28:06","slug":"cinsky-viceprezident-vyzyva-k-posileni-vztahu-s-kenou","status":"publish","type":"post","link":"https:\/\/gnews.cz\/cs_cz\/politika\/cinsky-viceprezident-vyzyva-k-posileni-vztahu-s-kenou\/","title":{"rendered":"\u010c\u00ednsk\u00fd viceprezident vyz\u00fdv\u00e1 k pos\u00edlen\u00ed vztah\u016f s Ke\u0148ou"},"content":{"rendered":"\n<p id=\"wnd_TextBlock_34381774867806114563_inner_0\"><strong>\u010c\u00ednsk\u00fd viceprezident Han Zheng nav\u0161t\u00edvil Ke\u0148u od ned\u011ble do st\u0159edy na pozv\u00e1n\u00ed ke\u0148sk\u00e9ho viceprezidenta Kithure Kindikiho a sl\u00edbil pos\u00edlen\u00ed obchodn\u00ed spolupr\u00e1ce s touto v\u00fdchodoafrickou zem\u00ed a urychlen\u00ed spole\u010dn\u00e9ho kroku sm\u011brem k modernizaci.<\/strong><\/p>\n\n\n\n<p id=\"wnd_TextBlock_34381774867806114563_inner_1\">B\u011bhem pobytu v Nairobi, hlavn\u00edm m\u011bst\u011b Keni, se Han setkal s prezidentem Williamem Ruto, vedl jedn\u00e1n\u00ed s Kindikim a \u00fa\u010dastnil se China-Kenya Business Forum, kde p\u0159ednesl projev.<\/p>\n\n\n\n<p id=\"wnd_TextBlock_34381774867806114563_inner_2\">Han p\u0159enesl srde\u010dn\u00e9 pozdravy a nejlep\u0161\u00ed p\u0159\u00e1n\u00ed \u010d\u00ednsk\u00e9ho prezidenta Xi Jinpinga pro Ruto. Zd\u016fraznil, \u017ee b\u011bhem uplynul\u00fdch \u0161esti desetilet\u00ed od nav\u00e1z\u00e1n\u00ed diplomatick\u00fdch vztah\u016f ob\u011b zem\u011b d\u016fsledn\u011b dodr\u017euj\u00ed vz\u00e1jemn\u00fd respekt, rovnost a vz\u00e1jemn\u00fd prosp\u011bch, \u010d\u00edm\u017e posunuly bilater\u00e1ln\u00ed vztahy na novou \u00farove\u0148.<\/p>\n\n\n\n<p id=\"wnd_TextBlock_34381774867806114563_inner_3\">Vloni v dubnu prezident Xi a prezident Ruto spole\u010dn\u011b rozhodli o vybudov\u00e1n\u00ed \u010d\u00ednsko-ke\u0148sk\u00e9 komunity se spole\u010dnou budoucnost\u00ed pro novou \u00e9ru, co\u017e vyty\u010dilo novou vizi rozvoje bilater\u00e1ln\u00edch vztah\u016f, uvedl Han.<\/p>\n\n\n\n<p id=\"wnd_TextBlock_34381774867806114563_inner_4\">Han zd\u016fraznil p\u0159ipravenost \u010c\u00edny spolupracovat s Ke\u0148ou na implementaci konsensu dosa\u017een\u00e9ho ob\u011bma st\u00e1tn\u00edky a v\u00fdsledk\u016f Summitu f\u00f3ra China-Africa Cooperation v Pekingu. To podle n\u011bj vnese nov\u00fd impuls do bilater\u00e1ln\u00ed spolupr\u00e1ce a bude hr\u00e1t vedouc\u00ed a p\u0159\u00edkladnou roli p\u0159i budov\u00e1n\u00ed v\u0161estrann\u00e9 \u010d\u00ednsko-africk\u00e9 komunity se spole\u010dnou budoucnost\u00ed pro novou \u00e9ru.<\/p>\n\n\n\n<p id=\"wnd_TextBlock_34381774867806114563_inner_5\">S ohledem na za\u010d\u00e1tek 15. p\u011btilet\u00e9ho pl\u00e1nu \u010c\u00edny uvedl Han, \u017ee \u010c\u00edna bude d\u00e1le roz\u0161i\u0159ovat vysokou \u00farove\u0148 otev\u0159enosti a sd\u00edlet p\u0159\u00edle\u017eitosti vysoce kvalitn\u00edho rozvoje s Ke\u0148ou a dal\u0161\u00edmi africk\u00fdmi zem\u011bmi. Ob\u011b strany by m\u011bly upevnit vysokou \u00farove\u0148 vz\u00e1jemn\u00e9 politick\u00e9 d\u016fv\u011bry a z\u00e1klady \u010d\u00ednsko-ke\u0148sk\u00e9 komunity se spole\u010dnou budoucnost\u00ed.<\/p>\n\n\n\n<p id=\"wnd_TextBlock_34381774867806114563_inner_6\">Vyj\u00e1d\u0159il tak\u00e9 vd\u011b\u010dnost za silnou podporu Keni v ot\u00e1zk\u00e1ch \u010d\u00ednsk\u00fdch z\u00e1kladn\u00edch z\u00e1jm\u016f, jako je ot\u00e1zka Taiwanu, a potvrdil pevnou podporu \u010c\u00edny Ke\u0148\u011b p\u0159i ochran\u011b jej\u00ed suverenity, bezpe\u010dnosti a rozvojov\u00fdch z\u00e1jm\u016f.<\/p>\n\n\n\n<p id=\"wnd_TextBlock_34381774867806114563_inner_7\">Ob\u011b strany by m\u011bly rozv\u00edjet vysoce kvalitn\u00ed praktickou spolupr\u00e1ci a pln\u011b vyu\u017e\u00edt v\u00fdhod celn\u00edho zv\u00fdhodn\u011bn\u00ed \u010c\u00edny pro 53 africk\u00fdch zem\u00ed s diplomatick\u00fdmi vztahy s \u010c\u00ednou, kter\u00e9 vstupuje v platnost 1. kv\u011btna, aby urychlily spole\u010dn\u00fd postup sm\u011brem k modernizaci, uvedl Han.<\/p>\n\n\n\n<p id=\"wnd_TextBlock_34381774867806114563_inner_8\">\u010c\u00edna oce\u0148uje aktivn\u00ed podporu Keni pro hlavn\u00ed iniciativy navr\u017een\u00e9 \u010c\u00ednou a je p\u0159ipravena pos\u00edlit vysokou \u00farove\u0148 strategick\u00e9 koordinace pro podporu spravedliv\u011bj\u0161\u00edho a vyv\u00e1\u017een\u011bj\u0161\u00edho mezin\u00e1rodn\u00edho \u0159\u00e1du, dodal.<\/p>\n\n\n\n<p id=\"wnd_TextBlock_34381774867806114563_inner_9\">Prezident Ruto po\u017e\u00e1dal Hana, aby p\u0159enesl sv\u00e9 srde\u010dn\u00e9 pozdravy a nejlep\u0161\u00ed p\u0159\u00e1n\u00ed prezidentu Xi. Zd\u016fraznil, \u017ee Ke\u0148a v\u017edy dodr\u017euje princip jedn\u00e9 \u010c\u00edny a podporuje glob\u00e1ln\u00ed iniciativy navr\u017een\u00e9 Xi.<\/p>\n\n\n\n<p id=\"wnd_TextBlock_34381774867806114563_inner_10\">Kdy\u017e se strany setkaly, byli sv\u011bdky podpisu a v\u00fdm\u011bny dokument\u016f o spolupr\u00e1ci.<\/p>\n\n\n\n<p id=\"wnd_TextBlock_34381774867806114563_inner_11\">B\u011bhem jedn\u00e1n\u00ed s Kindikim Han uvedl, \u017ee \u010c\u00edna podporuje Ke\u0148u p\u0159i hled\u00e1n\u00ed rozvojov\u00e9 cesty odpov\u00eddaj\u00edc\u00ed jej\u00edm n\u00e1rodn\u00edm podm\u00ednk\u00e1m a v\u00edt\u00e1 vyu\u017eit\u00ed opat\u0159en\u00ed \u010c\u00edny pro usnadn\u011bn\u00ed obchodu k sd\u00edlen\u00ed p\u0159\u00edle\u017eitost\u00ed na \u010d\u00ednsk\u00e9m trhu.<\/p>\n\n\n\n<p id=\"wnd_TextBlock_34381774867806114563_inner_12\">Kindiki poznamenal, \u017ee Ke\u0148a je p\u0159ipravena vyu\u017e\u00edt v\u00fdhod celn\u00ed politiky bez tarif\u016f a pozicovat se jako br\u00e1na pro \u010c\u00ednu k \u0161ir\u0161\u00edmu africk\u00e9mu trhu.<\/p>\n\n\n\n<p id=\"wnd_TextBlock_34381774867806114563_inner_13\">Na China-Kenya Business Forum Han uvedl, \u017ee glob\u00e1ln\u00ed politick\u00e9 a ekonomick\u00e9 prost\u0159ed\u00ed proch\u00e1z\u00ed hlubok\u00fdmi a slo\u017eit\u00fdmi zm\u011bnami, s rostouc\u00edmi v\u00fdzvami pro rozvoj a voln\u00fd obchod.<\/p>\n\n\n\n<p id=\"wnd_TextBlock_34381774867806114563_inner_14\">V tomto kontextu je podle n\u011bj siln\u011bj\u0161\u00ed spolupr\u00e1ce nal\u00e9hav\u011bj\u0161\u00ed ne\u017e kdy jindy a vy\u017eaduje \u0161ir\u0161\u00ed vizi. \u010c\u00edna je p\u0159ipravena spolupracovat s africk\u00fdmi zem\u011bmi, v\u010detn\u011b Keni, na konsolidaci strategick\u00e9 vz\u00e1jemn\u00e9 d\u016fv\u011bry jako partner\u016f na cest\u011b k modernizaci, prohlouben\u00ed ekonomick\u00e9 a obchodn\u00ed spolupr\u00e1ce jako prav\u00fdch p\u0159\u00e1tel pro vz\u00e1jemn\u00fd prosp\u011bch a v\u00fdsledky v\u00fdhodn\u00e9 pro ob\u011b strany a podporu multilateralismu jako tv\u016frc\u016f otev\u0159en\u00e9 sv\u011btov\u00e9 ekonomiky, uvedl.<\/p>\n\n\n\n<p id=\"wnd_TextBlock_34381774867806114563_inner_15\">15. p\u011btilet\u00fd pl\u00e1n \u010c\u00edny stanovuje vizi rozvoje na p\u0159\u00ed\u0161t\u00edch p\u011bt let, a zem\u011b z\u016fst\u00e1v\u00e1 odhodl\u00e1na roz\u0161i\u0159ovat vysokou \u00farove\u0148 otev\u0159enosti, l\u00e9pe se integrovat do glob\u00e1ln\u00ed ekonomiky a sd\u00edlet p\u0159\u00edle\u017eitosti se v\u0161emi zem\u011bmi, v\u010detn\u011b Keni, dodal Han.<\/p>\n\n\n\n<p id=\"wnd_TextBlock_34381774867806114563_inner_16\">B\u011bhem n\u00e1v\u0161t\u011bvy se Han setkal tak\u00e9 s vedouc\u00edmi agentur OSN v Keni, v\u010detn\u011b Zainab Hawa Bangura, gener\u00e1ln\u00ed \u0159editelky United Nations Office v Nairobi.<\/p>\n\n\n\n<p id=\"wnd_TextBlock_34381774867806114563_inner_17\">\u010c\u00edna bude v\u017edy spolehliv\u00fdm partnerem OSN a je p\u0159ipravena spolupracovat s agenturami OSN na prosazov\u00e1n\u00ed autority a postaven\u00ed organizace, podporovat spravedliv\u011bj\u0161\u00ed a vyv\u00e1\u017een\u011bj\u0161\u00ed glob\u00e1ln\u00ed syst\u00e9m spr\u00e1vy a p\u0159isp\u00edvat k sv\u011btov\u00e9mu m\u00edru, stabilit\u011b, prosperit\u011b a rozvoji, uvedl.<\/p>\n\n\n\n<p id=\"wnd_TextBlock_34381774867806114563_inner_18\">Han tak\u00e9 nav\u0161t\u00edvil dispe\u010dink Mombasa-Nairobi Standard Gauge Railway a z\u00fa\u010dastnil se zah\u00e1jen\u00ed prvn\u00ed n\u00e1kladn\u00ed j\u00edzdy vlaku p\u0159epravuj\u00edc\u00edho ke\u0148sk\u00e9 zbo\u017e\u00ed exportovan\u00e9 do \u010c\u00edny v r\u00e1mci politiky nulov\u00fdch cel.<\/p>\n\n\n\n<p id=\"wnd_TextBlock_34381774867806114563_inner_19\"><strong><a href=\"https:\/\/news.cgtn.com\/news\/2026-03-25\/Chinese-VP-calls-for-stronger-relations-with-Kenya-1LNZSXEgVMs\/p.html\" target=\"_blank\" rel=\"noreferrer noopener\">CMG<\/a><\/strong><\/p>\n","protected":false},"excerpt":{"rendered":"<p>\u010c\u00ednsk\u00fd viceprezident Han Zheng nav\u0161t\u00edvil Ke\u0148u od ned\u011ble do st\u0159edy na pozv\u00e1n\u00ed ke\u0148sk\u00e9ho viceprezidenta Kithure Kindikiho a sl\u00edbil pos\u00edlen\u00ed obchodn\u00ed spolupr\u00e1ce s&hellip;<\/p>\n","protected":false},"author":6,"featured_media":43053,"comment_status":"open","ping_status":"closed","sticky":false,"template":"","format":"standard","meta":{"_acf_changed":false,"_lmt_disableupdate":"","_lmt_disable":"","footnotes":""},"categories":[7],"tags":[7192,22,18,2651,826,2421],"class_list":["post-43052","post","type-post","status-publish","format-standard","has-post-thumbnail","hentry","category-politika","tag-15-petilety-plan","tag-cina","tag-cmg","tag-han-zheng","tag-kena","tag-obchod"],"acf":[],"aioseo_notices":[],"_links":{"self":[{"href":"https:\/\/gnews.cz\/cs_cz\/wp-json\/wp\/v2\/posts\/43052","targetHints":{"allow":["GET"]}}],"collection":[{"href":"https:\/\/gnews.cz\/cs_cz\/wp-json\/wp\/v2\/posts"}],"about":[{"href":"https:\/\/gnews.cz\/cs_cz\/wp-json\/wp\/v2\/types\/post"}],"author":[{"embeddable":true,"href":"https:\/\/gnews.cz\/cs_cz\/wp-json\/wp\/v2\/users\/6"}],"replies":[{"embeddable":true,"href":"https:\/\/gnews.cz\/cs_cz\/wp-json\/wp\/v2\/comments?post=43052"}],"version-history":[{"count":1,"href":"https:\/\/gnews.cz\/cs_cz\/wp-json\/wp\/v2\/posts\/43052\/revisions"}],"predecessor-version":[{"id":43054,"href":"https:\/\/gnews.cz\/cs_cz\/wp-json\/wp\/v2\/posts\/43052\/revisions\/43054"}],"wp:featuredmedia":[{"embeddable":true,"href":"https:\/\/gnews.cz\/cs_cz\/wp-json\/wp\/v2\/media\/43053"}],"wp:attachment":[{"href":"https:\/\/gnews.cz\/cs_cz\/wp-json\/wp\/v2\/media?parent=43052"}],"wp:term":[{"taxonomy":"category","embeddable":true,"href":"https:\/\/gnews.cz\/cs_cz\/wp-json\/wp\/v2\/categories?post=43052"},{"taxonomy":"post_tag","embeddable":true,"href":"https:\/\/gnews.cz\/cs_cz\/wp-json\/wp\/v2\/tags?post=43052"}],"curies":[{"name":"wp","href":"https:\/\/api.w.org\/{rel}","templated":true}]}}