{"id":43056,"date":"2026-03-25T13:30:33","date_gmt":"2026-03-25T12:30:33","guid":{"rendered":"https:\/\/gnews.cz\/?p=43056"},"modified":"2026-03-31T18:36:27","modified_gmt":"2026-03-31T16:36:27","slug":"svet-potrebuje-cinske-diplomaticke-usili-trump-na-jednani-neni-pripraven","status":"publish","type":"post","link":"https:\/\/gnews.cz\/cs_cz\/neprehlednete\/svet-potrebuje-cinske-diplomaticke-usili-trump-na-jednani-neni-pripraven\/","title":{"rendered":"Sv\u011bt pot\u0159ebuje \u010d\u00ednsk\u00e9 diplomatick\u00e9 \u00fasil\u00ed, Trump na jedn\u00e1n\u00ed nen\u00ed p\u0159ipraven"},"content":{"rendered":"\n<p id=\"wnd_TextBlock_53911774870213949466_inner_0\"><strong>Podle Vojt\u011bcha Filipa, p\u0159edsedy p\u0159edstavenstva \u010cesko-\u010d\u00ednsk\u00e9 sm\u00ed\u0161en\u00e9 obchodn\u00ed a pr\u016fmyslov\u00e9 komory, sou\u010dasn\u00e1 agrese Izraele a Spojen\u00fdch st\u00e1t\u016f proti \u00cdr\u00e1nu z\u00e1sadn\u011b komplikuje celosv\u011btov\u00e9 hospod\u00e1\u0159stv\u00ed. Zat\u00edmco \u010c\u00edna prosazuje diplomatick\u00e9 \u0159e\u0161en\u00ed, Filip pochybuje o p\u0159ipravenosti Donalda Trumpa k jedn\u00e1n\u00ed.<\/strong><\/p>\n\n\n\n<p id=\"wnd_TextBlock_53911774870213949466_inner_1\">Eskalace konfliktu na Bl\u00edzk\u00e9m v\u00fdchod\u011b m\u00e1 podle Vojt\u011bcha Filipa dalekos\u00e1hl\u00e9 d\u016fsledky p\u0159esahuj\u00edc\u00ed samotn\u00fd region. B\u00fdval\u00fd m\u00edstop\u0159edseda Poslaneck\u00e9 sn\u011bmovny Parlamentu \u010cR a sou\u010dasn\u00fd p\u0159edseda p\u0159edstavenstva \u010cesko-\u010d\u00ednsk\u00e9 sm\u00ed\u0161en\u00e9 obchodn\u00ed a pr\u016fmyslov\u00e9 komory varuje p\u0159ed dopady na sv\u011btovou ekonomiku.<\/p>\n\n\n\n<p id=\"wnd_TextBlock_53911774870213949466_inner_2\"><em>&#8222;V sou\u010dasn\u00e9 dob\u011b je zcela aktu\u00e1ln\u00ed ot\u00e1zka, jak\u00fdm zp\u016fsobem se nad\u00e1le bude vyv\u00edjet vztah mezi Spojen\u00fdmi st\u00e1ty americk\u00fdmi a \u010c\u00ednskou lidovou republikou vzhledem k tomu, \u017ee agrese Izraele a Spojen\u00fdch st\u00e1t\u016f americk\u00fdch na \u00cdr\u00e1n omezuje v podstat\u011b celosv\u011btovou ekonomiku,&#8220; <\/em>uvedl Filip.<\/p>\n\n\n\n<p id=\"wnd_TextBlock_53911774870213949466_inner_3\">Podle Filipa \u010c\u00edna v t\u00e9to situaci zast\u00e1v\u00e1 konstruktivn\u00ed roli. <em>&#8222;\u010c\u00ednsk\u00e1 lidov\u00e1 republika jasn\u011b deklarovala, \u017ee jej\u00edm z\u00e1jmem je ekonomick\u00fd r\u016fst a udr\u017eiteln\u00fd r\u016fst,&#8220;<\/em> p\u0159ipomn\u011bl s t\u00edm, \u017ee sou\u010dasn\u00fd konflikt po\u0161kozuje v\u0161echny strany. <em>&#8222;Tento konflikt komplikuje ekonomick\u00e9 vztahy jak na z\u00e1pad, tak na v\u00fdchod, a zejm\u00e9na omezuje nikoli pouze dod\u00e1vky ropy, ale dod\u00e1vky z\u00e1kladn\u00edch komponent pro v\u00fdroby, jak v chemick\u00e9m, potravin\u00e1\u0159sk\u00e9m, tak samoz\u0159ejm\u011b i energetick\u00e9m pr\u016fmyslu.&#8220;<\/em><\/p>\n\n\n\n<p id=\"wnd_TextBlock_53911774870213949466_inner_4\">Filip upozornil tak\u00e9 na ohro\u017een\u00ed dod\u00e1vek kl\u00ed\u010dov\u00fdch technologi\u00ed. <em>&#8222;Nemus\u00edm ani dod\u00e1vat, \u017ee jsou ohro\u017eeny i dod\u00e1vky \u010dip\u016f pro cel\u00fd sv\u011bt,&#8220;<\/em> konstatoval.<\/p>\n\n\n\n<p id=\"wnd_TextBlock_53911774870213949466_inner_5\"><strong><a href=\"https:\/\/czech.cgtn.com\/2026\/03\/25\/ARTI1774348548306173\" target=\"_blank\" rel=\"noreferrer noopener\">CMG<\/a><\/strong><\/p>\n","protected":false},"excerpt":{"rendered":"<p>Podle Vojt\u011bcha Filipa, p\u0159edsedy p\u0159edstavenstva \u010cesko-\u010d\u00ednsk\u00e9 sm\u00ed\u0161en\u00e9 obchodn\u00ed a pr\u016fmyslov\u00e9 komory, sou\u010dasn\u00e1 agrese Izraele a Spojen\u00fdch st\u00e1t\u016f proti \u00cdr\u00e1nu z\u00e1sadn\u011b komplikuje celosv\u011btov\u00e9&hellip;<\/p>\n","protected":false},"author":6,"featured_media":43058,"comment_status":"open","ping_status":"closed","sticky":false,"template":"","format":"video","meta":{"_acf_changed":false,"_lmt_disableupdate":"","_lmt_disable":"","footnotes":""},"categories":[2968,3,7],"tags":[22,18,496,760,49,115],"class_list":["post-43056","post","type-post","status-publish","format-video","has-post-thumbnail","hentry","category-domaci","category-neprehlednete","category-politika","tag-cina","tag-cmg","tag-donald-trump","tag-iran-3","tag-izrael","tag-filip","post_format-post-format-video"],"acf":[],"aioseo_notices":[],"_links":{"self":[{"href":"https:\/\/gnews.cz\/cs_cz\/wp-json\/wp\/v2\/posts\/43056","targetHints":{"allow":["GET"]}}],"collection":[{"href":"https:\/\/gnews.cz\/cs_cz\/wp-json\/wp\/v2\/posts"}],"about":[{"href":"https:\/\/gnews.cz\/cs_cz\/wp-json\/wp\/v2\/types\/post"}],"author":[{"embeddable":true,"href":"https:\/\/gnews.cz\/cs_cz\/wp-json\/wp\/v2\/users\/6"}],"replies":[{"embeddable":true,"href":"https:\/\/gnews.cz\/cs_cz\/wp-json\/wp\/v2\/comments?post=43056"}],"version-history":[{"count":1,"href":"https:\/\/gnews.cz\/cs_cz\/wp-json\/wp\/v2\/posts\/43056\/revisions"}],"predecessor-version":[{"id":43057,"href":"https:\/\/gnews.cz\/cs_cz\/wp-json\/wp\/v2\/posts\/43056\/revisions\/43057"}],"wp:featuredmedia":[{"embeddable":true,"href":"https:\/\/gnews.cz\/cs_cz\/wp-json\/wp\/v2\/media\/43058"}],"wp:attachment":[{"href":"https:\/\/gnews.cz\/cs_cz\/wp-json\/wp\/v2\/media?parent=43056"}],"wp:term":[{"taxonomy":"category","embeddable":true,"href":"https:\/\/gnews.cz\/cs_cz\/wp-json\/wp\/v2\/categories?post=43056"},{"taxonomy":"post_tag","embeddable":true,"href":"https:\/\/gnews.cz\/cs_cz\/wp-json\/wp\/v2\/tags?post=43056"}],"curies":[{"name":"wp","href":"https:\/\/api.w.org\/{rel}","templated":true}]}}