{"id":43059,"date":"2026-03-25T13:37:10","date_gmt":"2026-03-25T12:37:10","guid":{"rendered":"https:\/\/gnews.cz\/?p=43059"},"modified":"2026-03-30T13:43:13","modified_gmt":"2026-03-30T11:43:13","slug":"cina-je-skutecnym-ekonomickym-hegemonem-rika-exposlanec-simunek","status":"publish","type":"post","link":"https:\/\/gnews.cz\/cs_cz\/ekonomika\/cina-je-skutecnym-ekonomickym-hegemonem-rika-exposlanec-simunek\/","title":{"rendered":"\u010c\u00edna je skute\u010dn\u00fdm ekonomick\u00fdm hegemonem, \u0159\u00edk\u00e1 exposlanec \u0160im\u016fnek"},"content":{"rendered":"\n<p id=\"wnd_TextBlock_97681774870882301349_inner_0\"><strong>Prvn\u00ed m\u00edstop\u0159edseda KS\u010cM a b\u00fdval\u00fd poslanec Petr \u0160im\u016fnek uvedl, \u017ee Evropa \u010del\u00ed hlubok\u00fdm ekonomick\u00fdm probl\u00e9m\u016fm. Podle n\u011bj jde p\u0159edev\u0161\u00edm o nedostatek technicky vzd\u011blan\u00fdch lid\u00ed, chyb\u011bj\u00edc\u00ed p\u0159\u00edrodn\u00ed zdroje a drahou pracovn\u00ed s\u00edlu. Evropa je proto nucena dov\u00e1\u017eet pracovn\u00edky ze t\u0159et\u00edch zem\u00ed.<\/strong><\/p>\n\n\n\n<p id=\"wnd_TextBlock_97681774870882301349_inner_1\">Naopak Asie, zejm\u00e9na \u010c\u00edna, podle \u0160im\u016fnka p\u0159edstavuje mnohem siln\u011bj\u0161\u00ed ekonomiku. P\u0159ipomn\u011bl, \u017ee zat\u00edmco Evropsk\u00e1 unie disponuje zhruba 300 tis\u00edci kl\u00ed\u010dov\u00fdch pracovn\u00edk\u016f, kte\u0159\u00ed mohou z\u00e1sadn\u011b h\u00fdbat ekonomikou, jen \u010c\u00edna a Indie dohromady maj\u00ed t\u00e9m\u011b\u0159 3 miliardy obyvatel. Zd\u016fraznil, \u017ee \u010c\u00edna se p\u0159itom nespol\u00e9h\u00e1 jen na levnou pracovn\u00ed s\u00edlu, ale disponuje vysoce kvalifikovan\u00fdmi odborn\u00edky a kvalitn\u00edm syst\u00e9mem st\u0159edn\u00edho \u0161kolstv\u00ed.<\/p>\n\n\n\n<p id=\"wnd_TextBlock_97681774870882301349_inner_2\">\u0160im\u016fnek d\u00e1le ocenil, \u017ee \u010c\u00edna velmi chyt\u0159e buduje mezin\u00e1rodn\u00ed spolupr\u00e1ci s Latinskou Amerikou, Afrikou i Ruskem, zat\u00edmco z\u00e1rove\u0148 udr\u017euje dobr\u00e9 obchodn\u00ed vztahy se Spojen\u00fdmi st\u00e1ty. Podle jeho slov je \u010c\u00edna skute\u010dn\u00fdm ekonomick\u00fdm hegemonem ve sv\u011btov\u00e9m m\u011b\u0159\u00edtku a sv\u011bt by se od n\u00ed m\u011bl u\u010dit.<\/p>\n\n\n\n<p id=\"wnd_TextBlock_97681774870882301349_inner_3\">Na z\u00e1v\u011br vyj\u00e1d\u0159il p\u0159\u00e1n\u00ed, aby se asijsk\u00e9 ekonomice, a p\u0159edev\u0161\u00edm \u010c\u00edn\u011b, da\u0159ilo i nad\u00e1le. <em>&#8222;Pokud se bude da\u0159it \u010c\u00edn\u011b a z\u016fstane v dobr\u00e9m sousedsk\u00e9m vztahu s \u010ceskou republikou, bude se da\u0159it dob\u0159e i n\u00e1m,&#8220;<\/em> uzav\u0159el \u0160im\u016fnek.<\/p>\n\n\n\n<p id=\"wnd_TextBlock_97681774870882301349_inner_4\"><a href=\"https:\/\/ksc4.cms.webnode.cz\/l\/cina-je-skutecnym-ekonomickym-hegemonem-rika-exposlanec-simunek\/#\"><strong>CMG<\/strong><\/a><\/p>\n","protected":false},"excerpt":{"rendered":"<p>Prvn\u00ed m\u00edstop\u0159edseda KS\u010cM a b\u00fdval\u00fd poslanec Petr \u0160im\u016fnek uvedl, \u017ee Evropa \u010del\u00ed hlubok\u00fdm ekonomick\u00fdm probl\u00e9m\u016fm. Podle n\u011bj jde p\u0159edev\u0161\u00edm o nedostatek technicky&hellip;<\/p>\n","protected":false},"author":6,"featured_media":43061,"comment_status":"open","ping_status":"closed","sticky":false,"template":"","format":"video","meta":{"_acf_changed":false,"_lmt_disableupdate":"","_lmt_disable":"","footnotes":""},"categories":[4,550],"tags":[84,22,18,27,10363,10866],"class_list":["post-43059","post","type-post","status-publish","format-video","has-post-thumbnail","hentry","category-ekonomika","category-videa","tag-asie","tag-cina","tag-cmg","tag-ekonomika","tag-kscm","tag-petr-simunek","post_format-post-format-video"],"acf":[],"aioseo_notices":[],"_links":{"self":[{"href":"https:\/\/gnews.cz\/cs_cz\/wp-json\/wp\/v2\/posts\/43059","targetHints":{"allow":["GET"]}}],"collection":[{"href":"https:\/\/gnews.cz\/cs_cz\/wp-json\/wp\/v2\/posts"}],"about":[{"href":"https:\/\/gnews.cz\/cs_cz\/wp-json\/wp\/v2\/types\/post"}],"author":[{"embeddable":true,"href":"https:\/\/gnews.cz\/cs_cz\/wp-json\/wp\/v2\/users\/6"}],"replies":[{"embeddable":true,"href":"https:\/\/gnews.cz\/cs_cz\/wp-json\/wp\/v2\/comments?post=43059"}],"version-history":[{"count":1,"href":"https:\/\/gnews.cz\/cs_cz\/wp-json\/wp\/v2\/posts\/43059\/revisions"}],"predecessor-version":[{"id":43060,"href":"https:\/\/gnews.cz\/cs_cz\/wp-json\/wp\/v2\/posts\/43059\/revisions\/43060"}],"wp:featuredmedia":[{"embeddable":true,"href":"https:\/\/gnews.cz\/cs_cz\/wp-json\/wp\/v2\/media\/43061"}],"wp:attachment":[{"href":"https:\/\/gnews.cz\/cs_cz\/wp-json\/wp\/v2\/media?parent=43059"}],"wp:term":[{"taxonomy":"category","embeddable":true,"href":"https:\/\/gnews.cz\/cs_cz\/wp-json\/wp\/v2\/categories?post=43059"},{"taxonomy":"post_tag","embeddable":true,"href":"https:\/\/gnews.cz\/cs_cz\/wp-json\/wp\/v2\/tags?post=43059"}],"curies":[{"name":"wp","href":"https:\/\/api.w.org\/{rel}","templated":true}]}}