{"id":43065,"date":"2026-03-26T13:55:20","date_gmt":"2026-03-26T12:55:20","guid":{"rendered":"https:\/\/gnews.cz\/?p=43065"},"modified":"2026-03-30T14:03:00","modified_gmt":"2026-03-30T12:03:00","slug":"cinsko-evropsky-spolecny-projekt-druzice-smile-dokoncil-zaverecne-pripravy-na-kosmodromu-start-je-planovan-na-9-dubna","status":"publish","type":"post","link":"https:\/\/gnews.cz\/cs_cz\/zahranicni\/cinsko-evropsky-spolecny-projekt-druzice-smile-dokoncil-zaverecne-pripravy-na-kosmodromu-start-je-planovan-na-9-dubna\/","title":{"rendered":"\u010c\u00ednsko-evropsk\u00fd spole\u010dn\u00fd projekt \u201edru\u017eice SMILE\u201c dokon\u010dil z\u00e1v\u011bre\u010dn\u00e9 p\u0159\u00edpravy na kosmodromu, start je pl\u00e1nov\u00e1n na 9. dubna"},"content":{"rendered":"\n<p id=\"wnd_TextBlock_96631774871799482410_inner_0\"><strong>Podle zpr\u00e1vy \u010c\u00ednsk\u00e9 akademie v\u011bd z 26. b\u0159ezna v b\u0159eznu 2026 dru\u017eice pro panoramatick\u00e9 zobrazov\u00e1n\u00ed interakce slune\u010dn\u00edho v\u011btru s magnetosf\u00e9rou (SMILE), kterou spole\u010dn\u011b vyvinuly \u010c\u00ednsk\u00e1 akademie v\u011bd a Evropsk\u00e1 kosmick\u00e1 agentura (ESA), dokon\u010dil v\u0161echny p\u0159\u00edpravy p\u0159ed vypu\u0161t\u011bn\u00edm v kosmick\u00e9m st\u0159edisku Kourou ve Francouzsk\u00e9 Guyan\u011b.<\/strong><\/p>\n\n\n\n<figure class=\"wp-block-image size-full\"><img fetchpriority=\"high\" decoding=\"async\" width=\"850\" height=\"567\" src=\"https:\/\/gnews.cz\/wp-content\/uploads\/2026\/03\/1774512813093_808.webp\" alt=\"\" class=\"wp-image-43067\" srcset=\"https:\/\/gnews.cz\/wp-content\/uploads\/2026\/03\/1774512813093_808.webp 850w, https:\/\/gnews.cz\/wp-content\/uploads\/2026\/03\/1774512813093_808-300x200.webp 300w, https:\/\/gnews.cz\/wp-content\/uploads\/2026\/03\/1774512813093_808-768x512.webp 768w, https:\/\/gnews.cz\/wp-content\/uploads\/2026\/03\/1774512813093_808-18x12.webp 18w, https:\/\/gnews.cz\/wp-content\/uploads\/2026\/03\/1774512813093_808-585x390.webp 585w, https:\/\/gnews.cz\/wp-content\/uploads\/2026\/03\/1774512813093_808-263x175.webp 263w\" sizes=\"(max-width: 850px) 100vw, 850px\" \/><\/figure>\n\n\n\n<p id=\"wnd_TextBlock_96631774871799482410_inner_1\">V sou\u010dasn\u00e9 dob\u011b byla ji\u017e p\u0159ipojena k adapt\u00e9ru nosn\u00e9 rakety Vega-C, p\u0159i\u010dem\u017e vypu\u0161t\u011bn\u00ed je pl\u00e1nov\u00e1no na 9. dubna (9. dubna odpoledne pekingsk\u00e9ho \u010dasu). Mise vstupuje do z\u00e1v\u011bre\u010dn\u00e9 f\u00e1ze odpo\u010d\u00edt\u00e1v\u00e1n\u00ed p\u0159ed vypu\u0161t\u011bn\u00edm.<\/p>\n\n\n\n<p id=\"wnd_TextBlock_96631774871799482410_inner_2\"><a href=\"https:\/\/ksc4.cms.webnode.cz\/l\/cinsko-evropsky-spolecny-projekt-druzice-smile-dokoncil-zaverecne-pripravy-na-kosmodromu-start-je-planovan-na-9-dubna\/#\"><strong>CMG<\/strong><\/a><\/p>\n","protected":false},"excerpt":{"rendered":"<p>Podle zpr\u00e1vy \u010c\u00ednsk\u00e9 akademie v\u011bd z 26. b\u0159ezna v b\u0159eznu 2026 dru\u017eice pro panoramatick\u00e9 zobrazov\u00e1n\u00ed interakce slune\u010dn\u00edho v\u011btru s magnetosf\u00e9rou (SMILE), kterou&hellip;<\/p>\n","protected":false},"author":6,"featured_media":43066,"comment_status":"open","ping_status":"closed","sticky":false,"template":"","format":"standard","meta":{"_acf_changed":false,"_lmt_disableupdate":"","_lmt_disable":"","footnotes":""},"categories":[3104,2973],"tags":[11990,18,1873,3461,11991,11989],"class_list":["post-43065","post","type-post","status-publish","format-standard","has-post-thumbnail","hentry","category-veda","category-zahranicni","tag-cinska-akademie-ved","tag-cmg","tag-druzice","tag-esa","tag-kosmicke-mise","tag-smile"],"acf":[],"aioseo_notices":[],"_links":{"self":[{"href":"https:\/\/gnews.cz\/cs_cz\/wp-json\/wp\/v2\/posts\/43065","targetHints":{"allow":["GET"]}}],"collection":[{"href":"https:\/\/gnews.cz\/cs_cz\/wp-json\/wp\/v2\/posts"}],"about":[{"href":"https:\/\/gnews.cz\/cs_cz\/wp-json\/wp\/v2\/types\/post"}],"author":[{"embeddable":true,"href":"https:\/\/gnews.cz\/cs_cz\/wp-json\/wp\/v2\/users\/6"}],"replies":[{"embeddable":true,"href":"https:\/\/gnews.cz\/cs_cz\/wp-json\/wp\/v2\/comments?post=43065"}],"version-history":[{"count":1,"href":"https:\/\/gnews.cz\/cs_cz\/wp-json\/wp\/v2\/posts\/43065\/revisions"}],"predecessor-version":[{"id":43068,"href":"https:\/\/gnews.cz\/cs_cz\/wp-json\/wp\/v2\/posts\/43065\/revisions\/43068"}],"wp:featuredmedia":[{"embeddable":true,"href":"https:\/\/gnews.cz\/cs_cz\/wp-json\/wp\/v2\/media\/43066"}],"wp:attachment":[{"href":"https:\/\/gnews.cz\/cs_cz\/wp-json\/wp\/v2\/media?parent=43065"}],"wp:term":[{"taxonomy":"category","embeddable":true,"href":"https:\/\/gnews.cz\/cs_cz\/wp-json\/wp\/v2\/categories?post=43065"},{"taxonomy":"post_tag","embeddable":true,"href":"https:\/\/gnews.cz\/cs_cz\/wp-json\/wp\/v2\/tags?post=43065"}],"curies":[{"name":"wp","href":"https:\/\/api.w.org\/{rel}","templated":true}]}}