{"id":43071,"date":"2026-03-30T18:00:00","date_gmt":"2026-03-30T16:00:00","guid":{"rendered":"https:\/\/gnews.cz\/?p=43071"},"modified":"2026-03-31T05:13:49","modified_gmt":"2026-03-31T03:13:49","slug":"usa-a-izrael-tahnou-svet-ke-treti-svetove-valce-varuje-jeffrey-sachs","status":"publish","type":"post","link":"https:\/\/gnews.cz\/cs_cz\/neprehlednete\/usa-a-izrael-tahnou-svet-ke-treti-svetove-valce-varuje-jeffrey-sachs\/","title":{"rendered":"USA a Izrael t\u00e1hnou sv\u011bt ke t\u0159et\u00ed sv\u011btov\u00e9 v\u00e1lce, varuje Jeffrey Sachs"},"content":{"rendered":"\n<p><strong>Renomovan\u00fd americk\u00fd ekonom a profesor Kolumbijsk\u00e9 univerzity Jeffrey Sachs vydal ostr\u00e9 varov\u00e1n\u00ed: americko-izraelsk\u00fd \u00fatok na \u00cdr\u00e1n m\u016f\u017ee p\u0159er\u016fst v glob\u00e1ln\u00ed konflikt nev\u00eddan\u00fdch rozm\u011br\u016f. V rozhovoru pro japonsk\u00fd port\u00e1l Nikkei Asia prohl\u00e1sil, \u017ee sv\u011bt stoj\u00ed na prahu t\u0159et\u00ed sv\u011btov\u00e9 v\u00e1lky.<\/strong><\/p>\n\n\n\n<h2 class=\"wp-block-heading\">V\u00e1lka, kter\u00e1 se vymkla kontrole<\/h2>\n\n\n\n<p>Sachs nev\u00e1h\u00e1 pojmenovat v\u011bci p\u0159\u00edmo. Podle n\u011bj konflikt neskon\u010d\u00ed, dokud ho nezastav\u00ed glob\u00e1ln\u00ed odpor v\u016f\u010di americk\u00e9 a izraelsk\u00e9 agresi. <em>\u201eV\u00e1lka skon\u010d\u00ed tehdy a pouze tehdy, a\u017e sv\u011btov\u00e9 rozho\u0159\u010den\u00ed nad agres\u00ed USA a Izraele donut\u00ed tyto zem\u011b zastavit se. Pokud k tomu nedojde, pravd\u011bpodobn\u011b uvid\u00edme Bl\u00edzk\u00fd v\u00fdchod v plamenech a sv\u011bt v energetick\u00e9 a ekonomick\u00e9 krizi bezprecedentn\u00ed v modern\u00ed historii,&#8220; <\/em>varoval profesor.<\/p>\n\n\n\n<p>\u00datok p\u0159i\u0161el 28. \u00fanora, kdy USA a Izrael zah\u00e1jily spole\u010dnou vojenskou operaci proti \u00cdr\u00e1nu. Zasa\u017eena byla \u00edr\u00e1nsk\u00e1 velk\u00e1 m\u011bsta v\u010detn\u011b Teher\u00e1nu. B\u00edl\u00fd d\u016fm sv\u016fj krok od\u016fvodnil raketov\u00fdmi a jadern\u00fdmi hrozbami ze strany \u00cdr\u00e1nsk\u00e9 isl\u00e1msk\u00e9 republiky. \u00cdr\u00e1nsk\u00e9 revolu\u010dn\u00ed gardy z\u00e1hy spustily odvetnou operaci nam\u00ed\u0159enou proti izraelsk\u00e9mu \u00fazem\u00ed i americk\u00fdm vojensk\u00fdm z\u00e1kladn\u00e1m v Bahrajnu, Jord\u00e1nsku, Kuvajtu, Kataru, Sa\u00fadsk\u00e9 Ar\u00e1bii a Spojen\u00fdch arabsk\u00fdch emir\u00e1tech. P\u0159i \u00fatoku zahynul nejvy\u0161\u0161\u00ed v\u016fdce ajatoll\u00e1h Al\u00ed Chamene\u00ed a \u0159ada dal\u0161\u00edch kl\u00ed\u010dov\u00fdch \u00edr\u00e1nsk\u00fdch p\u0159edstavitel\u016f.<\/p>\n\n\n\n<h2 class=\"wp-block-heading\">Pl\u00e1n na ovl\u00e1dnut\u00ed regionu<\/h2>\n\n\n\n<p>Za vojenskou operac\u00ed podle Sachse stoj\u00ed jasn\u00fd geopolitick\u00fd z\u00e1m\u011br. USA a Izrael usiluj\u00ed o hegemonii v arabsk\u00e9m sv\u011bt\u011b a z\u00e1padn\u00ed Asii &#8211; kombinaci izraelsk\u00e9 \u00fazemn\u00ed expanze s americko-\u0159\u00edzenou kontrolou nad region\u00e1ln\u00edmi vl\u00e1dami. <em>\u201eKone\u010dn\u00fdm c\u00edlem je Velk\u00fd Izrael pohlcuj\u00edc\u00ed celou historickou Palestinu, dopln\u011bn\u00fd o poddajn\u00e9 arabsk\u00e9 a isl\u00e1msk\u00e9 vl\u00e1dy zbaven\u00e9 skute\u010dn\u00e9 suverenity &#8211; v\u010detn\u011b rozhodov\u00e1n\u00ed o tom, jak a kam exportuj\u00ed svou ropu a plyn,&#8220; <\/em>tvrd\u00ed Sachs.<\/p>\n\n\n\n<p>Z\u00e1rove\u0148 upozor\u0148uje, \u017ee tento projekt nar\u00e1\u017e\u00ed na odpor cel\u00e9ho regionu. \u017d\u00e1dn\u00e1 ze sousedn\u00edch zem\u00ed nechce, aby Izrael jednal tak nekontrolovan\u011b, a \u017e\u00e1dn\u00e1 nechce, aby jej\u00ed uhlovod\u00edkov\u00e9 exporty fakticky ovl\u00e1daly Washington.<\/p>\n\n\n\n<h2 class=\"wp-block-heading\">Hormuzsk\u00fd pr\u016fliv jako zbra\u0148<\/h2>\n\n\n\n<p>\u00cdr\u00e1n reagoval dramatick\u00fdm krokem \u2014 uzav\u0159en\u00edm Hormuzsk\u00e9ho pr\u016flivu pro lod\u011b spojen\u00e9 s USA, Izraelem a jejich spojenci. Jde o jeden z nejstrategi\u010dt\u011bj\u0161\u00edch n\u00e1mo\u0159n\u00edch koridor\u016f sv\u011bta, kudy proud\u00ed p\u0159ibli\u017en\u011b p\u011btina glob\u00e1ln\u00ed spot\u0159eby ropy. Dne 25. b\u0159ezna \u00edr\u00e1nsk\u00fd ministr zahrani\u010d\u00ed Abb\u00e1s Aragh\u010d\u00ed ozn\u00e1mil \u010d\u00e1ste\u010dn\u00e9 uvoln\u011bn\u00ed pr\u016fjezdu pro \u201ep\u0159\u00e1telsk\u00e9 zem\u011b&#8220; &#8211; Rusko, Indii, Ir\u00e1k, \u010c\u00ednu a P\u00e1kist\u00e1n.<\/p>\n\n\n\n<p>Sachs varuje, \u017ee ekonomick\u00e9 d\u016fsledky dal\u0161\u00edho stup\u0148ov\u00e1n\u00ed konfliktu by mohly b\u00fdt katastrof\u00e1ln\u00ed<strong> <\/strong>&#8211; pro energetick\u00e9 trhy i sv\u011btovou ekonomiku jako celek. Sv\u011bt, podle n\u011bj, hraje o velmi vysok\u00e9 sazby.<\/p>\n\n\n\n<p><strong>gnews.cz &#8211; GH<\/strong><\/p>\n","protected":false},"excerpt":{"rendered":"<p>Renomovan\u00fd americk\u00fd ekonom a profesor Kolumbijsk\u00e9 univerzity Jeffrey Sachs vydal ostr\u00e9 varov\u00e1n\u00ed: americko-izraelsk\u00fd \u00fatok na \u00cdr\u00e1n m\u016f\u017ee p\u0159er\u016fst v glob\u00e1ln\u00ed konflikt nev\u00eddan\u00fdch&hellip;<\/p>\n","protected":false},"author":6,"featured_media":17333,"comment_status":"open","ping_status":"closed","sticky":false,"template":"","format":"standard","meta":{"_acf_changed":false,"_lmt_disableupdate":"","_lmt_disable":"","footnotes":""},"categories":[3,7,2973],"tags":[11999,9800,10962,7012,5254,2085,3710,12007,3552,12004,11998,12005,12003,5893,12001,17,11996,12002,11043,11997,11995,41],"class_list":["post-43071","post","type-post","status-publish","format-standard","has-post-thumbnail","hentry","category-neprehlednete","category-politika","category-zahranicni","tag-ajatollah-chamenei","tag-arabsky-svet","tag-blizky-vychod-konflikt","tag-energeticka-krize","tag-eskalace-konfliktu","tag-geopolitika","tag-hormuzsky-pruliv","tag-iranske-revolucni-gardy-2","tag-jeffrey-sachs","tag-kolumbijska-univerzita","tag-nikkei-asia","tag-regionalni-hegemonie","tag-ropa-a-plyn","tag-svetova-ekonomika","tag-teheran-utok","tag-top","tag-treti-svetova-valka","tag-usa-izrael-iran","tag-valka-na-blizkem-vychode","tag-velky-izrael","tag-vojensky-utok-na-iran","tag-world"],"acf":[],"aioseo_notices":[],"_links":{"self":[{"href":"https:\/\/gnews.cz\/cs_cz\/wp-json\/wp\/v2\/posts\/43071","targetHints":{"allow":["GET"]}}],"collection":[{"href":"https:\/\/gnews.cz\/cs_cz\/wp-json\/wp\/v2\/posts"}],"about":[{"href":"https:\/\/gnews.cz\/cs_cz\/wp-json\/wp\/v2\/types\/post"}],"author":[{"embeddable":true,"href":"https:\/\/gnews.cz\/cs_cz\/wp-json\/wp\/v2\/users\/6"}],"replies":[{"embeddable":true,"href":"https:\/\/gnews.cz\/cs_cz\/wp-json\/wp\/v2\/comments?post=43071"}],"version-history":[{"count":3,"href":"https:\/\/gnews.cz\/cs_cz\/wp-json\/wp\/v2\/posts\/43071\/revisions"}],"predecessor-version":[{"id":43097,"href":"https:\/\/gnews.cz\/cs_cz\/wp-json\/wp\/v2\/posts\/43071\/revisions\/43097"}],"wp:featuredmedia":[{"embeddable":true,"href":"https:\/\/gnews.cz\/cs_cz\/wp-json\/wp\/v2\/media\/17333"}],"wp:attachment":[{"href":"https:\/\/gnews.cz\/cs_cz\/wp-json\/wp\/v2\/media?parent=43071"}],"wp:term":[{"taxonomy":"category","embeddable":true,"href":"https:\/\/gnews.cz\/cs_cz\/wp-json\/wp\/v2\/categories?post=43071"},{"taxonomy":"post_tag","embeddable":true,"href":"https:\/\/gnews.cz\/cs_cz\/wp-json\/wp\/v2\/tags?post=43071"}],"curies":[{"name":"wp","href":"https:\/\/api.w.org\/{rel}","templated":true}]}}