{"id":43082,"date":"2026-03-27T15:28:38","date_gmt":"2026-03-27T14:28:38","guid":{"rendered":"https:\/\/gnews.cz\/?p=43082"},"modified":"2026-03-30T15:57:07","modified_gmt":"2026-03-30T13:57:07","slug":"bez-ciny-se-pry-evropa-neobejde-technologie-i-elektromobily-visi-na-vlasku-rika-cesky-poslanec","status":"publish","type":"post","link":"https:\/\/gnews.cz\/cs_cz\/videa\/bez-ciny-se-pry-evropa-neobejde-technologie-i-elektromobily-visi-na-vlasku-rika-cesky-poslanec\/","title":{"rendered":"Bez \u010c\u00edny se pr\u00fd Evropa neobejde! Technologie i elektromobily vis\u00ed na vl\u00e1sku, \u0159\u00edk\u00e1 \u010desk\u00fd poslanec"},"content":{"rendered":"\n<p id=\"wnd_TextBlock_11351774877299076285_inner_0\"><strong>\u010c\u00edna se b\u011bhem posledn\u00edch t\u0159iceti let prom\u011bnila k nepozn\u00e1n\u00ed \u2013 z ekonomicky nev\u00fdrazn\u00e9 zem\u011b vyrostla podle \u0159ady n\u00e1zor\u016f v glob\u00e1ln\u00ed velmoc, kter\u00e1 dnes konkuruje Spojen\u00fdm st\u00e1t\u016fm. Pr\u00e1v\u011b tento dramatick\u00fd v\u00fdvoj byl hlavn\u00edm t\u00e9matem rozhovoru s poslancem Janem Hrn\u010d\u00ed\u0159em (SPD), kter\u00fd upozor\u0148uje na rostouc\u00ed vliv \u010c\u00ednsk\u00e9 lidov\u00e9 republiky na sv\u011btovou ekonomiku i modern\u00ed technologie.<\/strong><\/p>\n\n\n\n<p id=\"wnd_TextBlock_11351774877299076285_inner_1\">Podle Hrn\u010d\u00ed\u0159e nen\u00ed r\u016fst \u010c\u00edny n\u00e1hodn\u00fd. Zem\u011b si systematicky zajistila p\u0159\u00edstup ke kl\u00ed\u010dov\u00fdm nerostn\u00fdm surovin\u00e1m, kter\u00e9 jsou nezbytn\u00e9 pro v\u00fdrobu \u010dip\u016f, bateri\u00ed i rozvoj elektromobility. D\u00edky tomu dnes disponuje siln\u00fdm z\u00e1zem\u00edm pro technologick\u00fd v\u00fdvoj a v\u00fdrobu, co\u017e j\u00ed d\u00e1v\u00e1 obrovskou konkuren\u010dn\u00ed v\u00fdhodu.<\/p>\n\n\n\n<p id=\"wnd_TextBlock_11351774877299076285_inner_2\">Evropa i dal\u0161\u00ed \u010d\u00e1sti sv\u011bta se podle n\u011bj dostaly do situace, kdy jsou na \u010c\u00edn\u011b v\u00fdrazn\u011b z\u00e1visl\u00e9. Evropsk\u00e1 unie je podle jeho slov t\u00e9m\u011b\u0159 stoprocentn\u011b odk\u00e1zan\u00e1 na dovoz n\u011bkter\u00fdch strategick\u00fdch surovin a komponent pr\u00e1v\u011b z \u010c\u00edny. To se t\u00fdk\u00e1 p\u0159edev\u0161\u00edm odv\u011btv\u00ed, kter\u00e1 jsou pova\u017eov\u00e1na za kl\u00ed\u010dov\u00e1 pro budoucnost \u2013 nap\u0159\u00edklad polovodi\u010de nebo elektromobilita.<\/p>\n\n\n\n<p id=\"wnd_TextBlock_11351774877299076285_inner_3\"><em>&#8222;Bez \u010c\u00edny u\u017e dnes nen\u00ed technologick\u00fd posun prakticky mo\u017en\u00fd,&#8220; <\/em>zazn\u00edv\u00e1 v rozhovoru. V evropsk\u00e9m kontextu to podle n\u011bj plat\u00ed t\u00e9m\u011b\u0159 absolutn\u011b, zat\u00edmco Spojen\u00e9 st\u00e1ty maj\u00ed sice v\u011bt\u0161\u00ed kapacity, ale i pro n\u011b by byl v\u00fdpadek \u010d\u00ednsk\u00fdch dod\u00e1vek velmi problematick\u00fd.<\/p>\n\n\n\n<p id=\"wnd_TextBlock_11351774877299076285_inner_4\">T\u00e9ma z\u00e1vislosti na \u010c\u00edn\u011b tak z\u016fst\u00e1v\u00e1 jedn\u00edm z nejdiskutovan\u011bj\u0161\u00edch bod\u016f sou\u010dasn\u00e9 geopolitiky i ekonomiky. Rozhovor otev\u00edr\u00e1 ot\u00e1zku, zda je Evropa schopn\u00e1 tuto z\u00e1vislost v budoucnu sn\u00ed\u017eit, nebo zda bude muset i nad\u00e1le spol\u00e9hat na spolupr\u00e1ci s jedn\u00edm z nejsiln\u011bj\u0161\u00edch hr\u00e1\u010d\u016f sv\u011btov\u00e9 sc\u00e9ny.<\/p>\n\n\n\n<p id=\"wnd_TextBlock_11351774877299076285_inner_5\"><a href=\"https:\/\/ksc4.cms.webnode.cz\/l\/bez-ciny-se-pry-evropa-neobejde-technologie-i-elektromobily-visi-na-vlasku-rika-cesky-poslanec\/#\"><strong>CMG<\/strong><\/a><\/p>\n","protected":false},"excerpt":{"rendered":"<p>\u010c\u00edna se b\u011bhem posledn\u00edch t\u0159iceti let prom\u011bnila k nepozn\u00e1n\u00ed \u2013 z ekonomicky nev\u00fdrazn\u00e9 zem\u011b vyrostla podle \u0159ady n\u00e1zor\u016f v glob\u00e1ln\u00ed velmoc, kter\u00e1&hellip;<\/p>\n","protected":false},"author":6,"featured_media":43089,"comment_status":"open","ping_status":"closed","sticky":false,"template":"","format":"video","meta":{"_acf_changed":false,"_lmt_disableupdate":"","_lmt_disable":"","footnotes":""},"categories":[550],"tags":[22,18,968,4094,2085,2180,11732,1432,4331,3903,12016],"class_list":["post-43082","post","type-post","status-publish","format-video","has-post-thumbnail","hentry","category-videa","tag-cina","tag-cmg","tag-elektromobilita","tag-evropska-unie","tag-geopolitika","tag-globalni-ekonomika","tag-jan-hrncir","tag-nerostne-suroviny","tag-polovodice","tag-spojene-staty","tag-technologicka-zavislost","post_format-post-format-video"],"acf":[],"aioseo_notices":[],"_links":{"self":[{"href":"https:\/\/gnews.cz\/cs_cz\/wp-json\/wp\/v2\/posts\/43082","targetHints":{"allow":["GET"]}}],"collection":[{"href":"https:\/\/gnews.cz\/cs_cz\/wp-json\/wp\/v2\/posts"}],"about":[{"href":"https:\/\/gnews.cz\/cs_cz\/wp-json\/wp\/v2\/types\/post"}],"author":[{"embeddable":true,"href":"https:\/\/gnews.cz\/cs_cz\/wp-json\/wp\/v2\/users\/6"}],"replies":[{"embeddable":true,"href":"https:\/\/gnews.cz\/cs_cz\/wp-json\/wp\/v2\/comments?post=43082"}],"version-history":[{"count":1,"href":"https:\/\/gnews.cz\/cs_cz\/wp-json\/wp\/v2\/posts\/43082\/revisions"}],"predecessor-version":[{"id":43088,"href":"https:\/\/gnews.cz\/cs_cz\/wp-json\/wp\/v2\/posts\/43082\/revisions\/43088"}],"wp:featuredmedia":[{"embeddable":true,"href":"https:\/\/gnews.cz\/cs_cz\/wp-json\/wp\/v2\/media\/43089"}],"wp:attachment":[{"href":"https:\/\/gnews.cz\/cs_cz\/wp-json\/wp\/v2\/media?parent=43082"}],"wp:term":[{"taxonomy":"category","embeddable":true,"href":"https:\/\/gnews.cz\/cs_cz\/wp-json\/wp\/v2\/categories?post=43082"},{"taxonomy":"post_tag","embeddable":true,"href":"https:\/\/gnews.cz\/cs_cz\/wp-json\/wp\/v2\/tags?post=43082"}],"curies":[{"name":"wp","href":"https:\/\/api.w.org\/{rel}","templated":true}]}}