{"id":43090,"date":"2026-03-27T15:57:46","date_gmt":"2026-03-27T14:57:46","guid":{"rendered":"https:\/\/gnews.cz\/?p=43090"},"modified":"2026-03-31T11:45:16","modified_gmt":"2026-03-31T09:45:16","slug":"forum-v-cine-sleduje-i-ceska-republika-jde-totiz-o-vic-nez-si-myslite","status":"publish","type":"post","link":"https:\/\/gnews.cz\/cs_cz\/politika\/forum-v-cine-sleduje-i-ceska-republika-jde-totiz-o-vic-nez-si-myslite\/","title":{"rendered":"F\u00f3rum v \u010c\u00edn\u011b sleduje i \u010cesk\u00e1 republika, jde toti\u017e o v\u00edc, ne\u017e si mysl\u00edte"},"content":{"rendered":"\n<p id=\"wnd_TextBlock_37111774879114717579_inner_0\"><strong>Milan Kraj\u010da, m\u00edstop\u0159edseda \u00daV KS\u010cM a viceprezident Sv\u011btov\u00e9 rada m\u00edru promluvil o v\u00fdznamu leto\u0161n\u00edho Boao Forum for Asia, kter\u00e9 podle n\u011bj sleduje i \u010cesk\u00e1 republika s velk\u00fdm z\u00e1jmem.<\/strong><\/p>\n\n\n\n<p id=\"wnd_TextBlock_37111774879114717579_inner_1\"><em>&#8222;F\u00f3rum Boao je u\u017e v\u00edce ne\u017e \u010dtvrt stolet\u00ed m\u00edstem setk\u00e1v\u00e1n\u00ed politik\u016f, z\u00e1stupc\u016f byznysu i akademick\u00e9 sf\u00e9ry z des\u00edtek zem\u00ed Asie,&#8220; <\/em>uvedl Kraj\u010da. Zd\u016fraznil, \u017ee pr\u00e1v\u011b Asie pat\u0159\u00ed dnes mezi nejdynami\u010dt\u011bj\u0161\u00ed regiony sv\u011bta a \u010c\u00ednsk\u00e1 lidov\u00e1 republika jako hostitelsk\u00e1 zem\u011b proch\u00e1z\u00ed mimo\u0159\u00e1dn\u011b rychl\u00fdm rozvojem.<\/p>\n\n\n\n<p id=\"wnd_TextBlock_37111774879114717579_inner_2\">Podle Kraj\u010di je proto p\u0159irozen\u00e9, \u017ee d\u011bn\u00ed na f\u00f3ru p\u0159itahuje pozornost i v Evrop\u011b. <em>&#8222;Je pro n\u00e1s inspiruj\u00edc\u00ed sledovat, co se dnes d\u011bje v Asii a v \u010c\u00edn\u011b,&#8220;<\/em> \u0159ekl s t\u00edm, \u017ee z\u00e1v\u011bry jedn\u00e1n\u00ed mohou m\u00edt \u0161ir\u0161\u00ed dopad i mimo region.<\/p>\n\n\n\n<p id=\"wnd_TextBlock_37111774879114717579_inner_3\">V rozhovoru tak\u00e9 zd\u016fraznil d\u016fle\u017eitost mezin\u00e1rodn\u00ed spolupr\u00e1ce. Podle n\u011bj je v z\u00e1jmu \u010cesk\u00e1 republika prohlubovat vztahy nejen s \u010c\u00ednou, ale i s dal\u0161\u00edmi zem\u011bmi \u00fa\u010dastn\u00edc\u00edmi se f\u00f3ra.<em> &#8222;Chceme posilovat p\u0159\u00e1telstv\u00ed a spolupr\u00e1ci mezi n\u00e1rody Evropy a Asie,&#8220; <\/em>dodal.<\/p>\n\n\n\n<p id=\"wnd_TextBlock_37111774879114717579_inner_4\">Jak\u00e9 konkr\u00e9tn\u00ed z\u00e1v\u011bry leto\u0161n\u00ed f\u00f3rum p\u0159inese, zat\u00edm nen\u00ed jasn\u00e9. Jist\u00e9 ale podle Kraj\u010di je, \u017ee jeho v\u00fdznam ve sv\u011bt\u011b d\u00e1l roste \u2013 a \u017ee ho bude bedliv\u011b sledovat i \u010cesko.<\/p>\n\n\n\n<p id=\"wnd_TextBlock_37111774879114717579_inner_5\"><strong><a href=\"https:\/\/czech.cgtn.com\/2026\/03\/27\/ARTI1774585008688504\" target=\"_blank\" rel=\"noreferrer noopener\">CMG<\/a><\/strong><\/p>\n","protected":false},"excerpt":{"rendered":"<p>Milan Kraj\u010da, m\u00edstop\u0159edseda \u00daV KS\u010cM a viceprezident Sv\u011btov\u00e9 rada m\u00edru promluvil o v\u00fdznamu leto\u0161n\u00edho Boao Forum for Asia, kter\u00e9 podle n\u011bj sleduje&hellip;<\/p>\n","protected":false},"author":6,"featured_media":43126,"comment_status":"open","ping_status":"closed","sticky":false,"template":"","format":"video","meta":{"_acf_changed":false,"_lmt_disableupdate":"","_lmt_disable":"","footnotes":""},"categories":[2968,7,2973],"tags":[12008,45,6802,18,10363,9004],"class_list":["post-43090","post","type-post","status-publish","format-video","has-post-thumbnail","hentry","category-domaci","category-politika","category-zahranicni","tag-boao-forum-for-asia","tag-cr","tag-cinska-lidova-republika","tag-cmg","tag-kscm","tag-milan-krajca","post_format-post-format-video"],"acf":[],"aioseo_notices":[],"_links":{"self":[{"href":"https:\/\/gnews.cz\/cs_cz\/wp-json\/wp\/v2\/posts\/43090","targetHints":{"allow":["GET"]}}],"collection":[{"href":"https:\/\/gnews.cz\/cs_cz\/wp-json\/wp\/v2\/posts"}],"about":[{"href":"https:\/\/gnews.cz\/cs_cz\/wp-json\/wp\/v2\/types\/post"}],"author":[{"embeddable":true,"href":"https:\/\/gnews.cz\/cs_cz\/wp-json\/wp\/v2\/users\/6"}],"replies":[{"embeddable":true,"href":"https:\/\/gnews.cz\/cs_cz\/wp-json\/wp\/v2\/comments?post=43090"}],"version-history":[{"count":1,"href":"https:\/\/gnews.cz\/cs_cz\/wp-json\/wp\/v2\/posts\/43090\/revisions"}],"predecessor-version":[{"id":43125,"href":"https:\/\/gnews.cz\/cs_cz\/wp-json\/wp\/v2\/posts\/43090\/revisions\/43125"}],"wp:featuredmedia":[{"embeddable":true,"href":"https:\/\/gnews.cz\/cs_cz\/wp-json\/wp\/v2\/media\/43126"}],"wp:attachment":[{"href":"https:\/\/gnews.cz\/cs_cz\/wp-json\/wp\/v2\/media?parent=43090"}],"wp:term":[{"taxonomy":"category","embeddable":true,"href":"https:\/\/gnews.cz\/cs_cz\/wp-json\/wp\/v2\/categories?post=43090"},{"taxonomy":"post_tag","embeddable":true,"href":"https:\/\/gnews.cz\/cs_cz\/wp-json\/wp\/v2\/tags?post=43090"}],"curies":[{"name":"wp","href":"https:\/\/api.w.org\/{rel}","templated":true}]}}