{"id":43093,"date":"2026-03-30T21:00:00","date_gmt":"2026-03-30T19:00:00","guid":{"rendered":"https:\/\/gnews.cz\/?p=43093"},"modified":"2026-03-31T08:47:34","modified_gmt":"2026-03-31T06:47:34","slug":"vlada-resi-drahe-pohonne-hmoty-uvolni-zasoby-a-zkusi-zastropit-marze","status":"publish","type":"post","link":"https:\/\/gnews.cz\/cs_cz\/neprehlednete\/vlada-resi-drahe-pohonne-hmoty-uvolni-zasoby-a-zkusi-zastropit-marze\/","title":{"rendered":"Vl\u00e1da \u0159e\u0161\u00ed drah\u00e9 pohonn\u00e9 hmoty, uvoln\u00ed z\u00e1soby a zkus\u00ed zastropovat mar\u017ee"},"content":{"rendered":"\n<p><strong>Vl\u00e1da premi\u00e9ra Andrej Babi\u0161 hled\u00e1 zp\u016fsoby, jak sn\u00ed\u017eit aktu\u00e1ln\u011b vysok\u00e9 ceny pohonn\u00fdch hmot. Premi\u00e9r proto spolu s ekonomick\u00fdmi ministry jednal se z\u00e1stupci nejv\u011bt\u0161\u00edch provozovatel\u016f \u010derpac\u00edch stanic v \u010cR. Vl\u00e1da se k t\u00e9matu vr\u00e1t\u00ed je\u0161t\u011b tento t\u00fdden.<\/strong><\/p>\n\n\n\n<p>Kabinet z\u00e1rove\u0148 rozhodl o uvoln\u011bn\u00ed a\u017e 100 000 tun ropy ze strategick\u00fdch z\u00e1sob st\u00e1tu. Ty budou formou z\u00e1p\u016fj\u010dky poskytnuty spole\u010dnosti Orlen Unipetrol kv\u016fli v\u00fdpadku dod\u00e1vek ropovodem TAL.<\/p>\n\n\n\n<blockquote class=\"wp-block-quote is-layout-flow wp-block-quote-is-layout-flow\">\n<p>Podle premi\u00e9ra nejsou sou\u010dasn\u00e9 mar\u017ee distributor\u016f p\u0159im\u011b\u0159en\u00e9. Vl\u00e1da o\u010dek\u00e1v\u00e1, \u017ee by se m\u011bly pohybovat kolem 3,50 koruny na litr nafty a 2,50 koruny u benzinu. Jedn\u00e1n\u00ed s hlavn\u00edmi hr\u00e1\u010di na trhu bude pokra\u010dovat ve st\u0159edu, kabinet pak znovu zasedne ve \u010dtvrtek.<\/p>\n<\/blockquote>\n\n\n\n<p>Ministerstvo financ\u00ed z\u00e1rove\u0148 prov\u011b\u0159\u00ed mo\u017enost sn\u00ed\u017een\u00ed spot\u0159ebn\u00ed dan\u011b. Premi\u00e9r upozornil, \u017ee u\u017e do\u0161lo k m\u00edrn\u00e9mu poklesu cen na d\u00e1lnici D1 a \u017ee prostor pro dal\u0161\u00ed zlevn\u011bn\u00ed podle vl\u00e1dn\u00edch dat existuje. Distributo\u0159i byli vyzv\u00e1ni, aby nevyu\u017e\u00edvali napjat\u00e9 situace na trhu.<\/p>\n\n\n\n<p>Uvoln\u011bn\u00e1 ropa m\u00e1 pomoci stabilizovat trh v dob\u011b omezen\u00fdch dod\u00e1vek zp\u016fsoben\u00fdch \u00fadr\u017ebou ropovodu TAL. Podle vl\u00e1dy je situace v Evrop\u011b napjat\u00e1 a m\u016f\u017ee si vy\u017e\u00e1dat koordinaci na mezin\u00e1rodn\u00ed \u00farovni.<\/p>\n\n\n\n<blockquote class=\"wp-block-quote is-layout-flow wp-block-quote-is-layout-flow\">\n<p>Kabinet se zab\u00fdval tak\u00e9 dal\u0161\u00edmi t\u00e9maty. Schv\u00e1lil zm\u011bny ve smlouv\u011b k v\u00fdstavb\u011b nov\u00e9ho jadern\u00e9ho zdroje v Dukovanech, roz\u0161\u00ed\u0159il sank\u010dn\u00ed seznam o rusk\u00e9ho ob\u010dana Konstantina Roga\u010de a odvolal gener\u00e1ln\u00edho komisa\u0159e \u010desk\u00e9 \u00fa\u010dasti na Expo 2025 Ond\u0159eje So\u0161ku.<\/p>\n<\/blockquote>\n\n\n\n<p>Vl\u00e1da rovn\u011b\u017e schv\u00e1lila nov\u00e9 velvyslance v n\u011bkolika zem\u00edch, jejich\u017e jmenov\u00e1n\u00ed nyn\u00ed posoud\u00ed prezident Petr Pavel. Zab\u00fdvala se i legislativn\u00edmi n\u00e1vrhy, nap\u0159\u00edklad odkladem n\u011bkter\u00fdch krok\u016f digitalizace soci\u00e1ln\u00edch d\u00e1vek \u010di zm\u011bnami ve zdravotnictv\u00ed a komun\u00e1ln\u00ed politice.<\/p>\n\n\n\n<p><strong>gnews.cz &#8211; GH<\/strong><\/p>\n","protected":false},"excerpt":{"rendered":"<p>Vl\u00e1da premi\u00e9ra Andrej Babi\u0161 hled\u00e1 zp\u016fsoby, jak sn\u00ed\u017eit aktu\u00e1ln\u011b vysok\u00e9 ceny pohonn\u00fdch hmot. Premi\u00e9r proto spolu s ekonomick\u00fdmi ministry jednal se z\u00e1stupci&hellip;<\/p>\n","protected":false},"author":6,"featured_media":43094,"comment_status":"open","ping_status":"closed","sticky":false,"template":"","format":"standard","meta":{"_acf_changed":false,"_lmt_disableupdate":"","_lmt_disable":"","footnotes":""},"categories":[2968,4,3],"tags":[5754,9117,3003,6365,991,17,41],"class_list":["post-43093","post","type-post","status-publish","format-standard","has-post-thumbnail","hentry","category-domaci","category-ekonomika","category-neprehlednete","tag-andrej-babis","tag-ceska-vlada-3","tag-orlen-unipetrol","tag-pohonne-hmoty","tag-ropa","tag-top","tag-world"],"acf":[],"aioseo_notices":[],"_links":{"self":[{"href":"https:\/\/gnews.cz\/cs_cz\/wp-json\/wp\/v2\/posts\/43093","targetHints":{"allow":["GET"]}}],"collection":[{"href":"https:\/\/gnews.cz\/cs_cz\/wp-json\/wp\/v2\/posts"}],"about":[{"href":"https:\/\/gnews.cz\/cs_cz\/wp-json\/wp\/v2\/types\/post"}],"author":[{"embeddable":true,"href":"https:\/\/gnews.cz\/cs_cz\/wp-json\/wp\/v2\/users\/6"}],"replies":[{"embeddable":true,"href":"https:\/\/gnews.cz\/cs_cz\/wp-json\/wp\/v2\/comments?post=43093"}],"version-history":[{"count":2,"href":"https:\/\/gnews.cz\/cs_cz\/wp-json\/wp\/v2\/posts\/43093\/revisions"}],"predecessor-version":[{"id":43122,"href":"https:\/\/gnews.cz\/cs_cz\/wp-json\/wp\/v2\/posts\/43093\/revisions\/43122"}],"wp:featuredmedia":[{"embeddable":true,"href":"https:\/\/gnews.cz\/cs_cz\/wp-json\/wp\/v2\/media\/43094"}],"wp:attachment":[{"href":"https:\/\/gnews.cz\/cs_cz\/wp-json\/wp\/v2\/media?parent=43093"}],"wp:term":[{"taxonomy":"category","embeddable":true,"href":"https:\/\/gnews.cz\/cs_cz\/wp-json\/wp\/v2\/categories?post=43093"},{"taxonomy":"post_tag","embeddable":true,"href":"https:\/\/gnews.cz\/cs_cz\/wp-json\/wp\/v2\/tags?post=43093"}],"curies":[{"name":"wp","href":"https:\/\/api.w.org\/{rel}","templated":true}]}}