{"id":43117,"date":"2026-03-31T12:00:00","date_gmt":"2026-03-31T10:00:00","guid":{"rendered":"https:\/\/gnews.cz\/?p=43117"},"modified":"2026-03-31T08:14:50","modified_gmt":"2026-03-31T06:14:50","slug":"vucic-vyzyva-k-jednani-s-ruskem-moskva-odmita-dodavky-zemim-s-cenovym-stropem","status":"publish","type":"post","link":"https:\/\/gnews.cz\/cs_cz\/neprehlednete\/vucic-vyzyva-k-jednani-s-ruskem-moskva-odmita-dodavky-zemim-s-cenovym-stropem\/","title":{"rendered":"Vu\u010di\u0107 vyz\u00fdv\u00e1 k jedn\u00e1n\u00ed s Ruskem, Moskva odm\u00edt\u00e1 dod\u00e1vky zem\u00edm s cenov\u00fdm stropem"},"content":{"rendered":"\n<p><strong>Srbsk\u00fd prezident Aleksandar Vu\u010di\u0107 vyzval Evropu, aby zah\u00e1jila jedn\u00e1n\u00ed s Ruskem a dal\u0161\u00edmi dodavateli o dod\u00e1vk\u00e1ch energi\u00ed, a to uprost\u0159ed rozs\u00e1hl\u00e9 ropn\u00e9 krize zp\u016fsoben\u00e9 vojensk\u00fdm konfliktem na St\u0159edn\u00edm v\u00fdchod\u011b.<\/strong><\/p>\n\n\n\n<blockquote class=\"wp-block-quote is-layout-flow wp-block-quote-is-layout-flow\">\n<p><em>\u201eDouf\u00e1m, \u017ee Evropa to pochop\u00ed, p\u0159ijme ur\u010dit\u00e9 zm\u011bny nebo zah\u00e1j\u00ed vyjedn\u00e1v\u00e1n\u00ed s jin\u00fdmi dodavateli, aby co nejv\u00edce omezila rozsah t\u00e9to ropn\u00e9 krize \u2014 s Ruskem i s ostatn\u00edmi. Jin\u00e9 \u0159e\u0161en\u00ed nevid\u00edm,&#8220; <\/em>prohl\u00e1sil srbsk\u00fd l\u00eddr v projevu k n\u00e1rodu.<\/p>\n<\/blockquote>\n\n\n\n<p>Aktu\u00e1ln\u00ed kontrakt na dod\u00e1vky rusk\u00e9ho plynu do Srbska vypr\u0161\u00ed 31. b\u0159ezna. Vu\u010di\u010dovi se podle jeho slov poda\u0159ilo dojednat prodlou\u017een\u00ed smlouvy o t\u0159i m\u011bs\u00edce.<\/p>\n\n\n\n<p>Mluv\u010d\u00ed Kremlu <strong>Dmitrij Peskov <\/strong>potvrdil, \u017ee kontakty ohledn\u011b plynov\u00e9 smlouvy skute\u010dn\u011b prob\u00edhaj\u00ed, a z\u00e1rove\u0148 zd\u016fraznil, \u017ee Rusko je p\u0159ipraveno z\u016fstat spolehliv\u00fdm dodavatelem energi\u00ed pro r\u016fzn\u00e9 trhy \u2014 Evropu nevyj\u00edmaje.<\/p>\n\n\n\n<p>Zat\u00edmco Moskva nab\u00edz\u00ed dialog o dod\u00e1vk\u00e1ch, zauj\u00edm\u00e1 z\u00e1rove\u0148 tvrd\u0161\u00ed postoj v\u016f\u010di zem\u00edm, kter\u00e9 se p\u0159ipojily k mechanismu cenov\u00e9ho stropu na ruskou ropu.<\/p>\n\n\n\n<p>Rusk\u00fd n\u00e1m\u011bstek ministra zahrani\u010d\u00ed <strong>Andrej Rudenko<\/strong> v rozhovoru pro den\u00edk Izvestija varoval, \u017ee Rusko nebude dod\u00e1vat ropu st\u00e1t\u016fm, kter\u00e9 tento strop udr\u017euj\u00ed v platnosti. Jako p\u0159\u00edklad uvedl Japonsko, jeho\u017e vl\u00e1da je v\u00e1z\u00e1na z\u00e1vazkem uplat\u0148ovat cenov\u00fd strop \u2014 opat\u0159en\u00ed, kter\u00e9 Rudenko ozna\u010dil za protitr\u017en\u00ed a naru\u0161uj\u00edc\u00ed dodavatelsk\u00e9 \u0159et\u011bzce. Z\u00e1rove\u0148 dodal, \u017ee ofici\u00e1ln\u00ed \u017e\u00e1dosti zahrani\u010dn\u00edch zem\u00ed budou posouzeny p\u0159\u00edpad od p\u0159\u00edpadu, p\u0159i\u010dem\u017e prioritou z\u016fstane stav vz\u00e1jemn\u00fdch vztah\u016f a ochrana n\u00e1rodn\u00edch hospod\u00e1\u0159sk\u00fdch z\u00e1jm\u016f Ruska.<\/p>\n\n\n\n<p><strong>gnews.cz &#8211; GH<\/strong><\/p>\n","protected":false},"excerpt":{"rendered":"<p>Srbsk\u00fd prezident Aleksandar Vu\u010di\u0107 vyzval Evropu, aby zah\u00e1jila jedn\u00e1n\u00ed s Ruskem a dal\u0161\u00edmi dodavateli o dod\u00e1vk\u00e1ch energi\u00ed, a to uprost\u0159ed rozs\u00e1hl\u00e9 ropn\u00e9&hellip;<\/p>\n","protected":false},"author":6,"featured_media":43120,"comment_status":"open","ping_status":"closed","sticky":false,"template":"","format":"standard","meta":{"_acf_changed":false,"_lmt_disableupdate":"","_lmt_disable":"","footnotes":""},"categories":[4,3,2973],"tags":[3482,12068,10850,2880,12067,7012,78,24,12065,991,26,287,12066,17,41,2425],"class_list":["post-43117","post","type-post","status-publish","format-standard","has-post-thumbnail","hentry","category-ekonomika","category-neprehlednete","category-zahranicni","tag-aleksandar-vucic-2","tag-andrej-rudenko","tag-cenovy-strop","tag-dmitrij-peskov","tag-dodavky-energii","tag-energeticka-krize","tag-evropa","tag-japonsko","tag-plynova-smlouva","tag-ropa","tag-rusko","tag-srbsko","tag-stredni-vychod","tag-top","tag-world","tag-zemni-plyn"],"acf":[],"aioseo_notices":[],"_links":{"self":[{"href":"https:\/\/gnews.cz\/cs_cz\/wp-json\/wp\/v2\/posts\/43117","targetHints":{"allow":["GET"]}}],"collection":[{"href":"https:\/\/gnews.cz\/cs_cz\/wp-json\/wp\/v2\/posts"}],"about":[{"href":"https:\/\/gnews.cz\/cs_cz\/wp-json\/wp\/v2\/types\/post"}],"author":[{"embeddable":true,"href":"https:\/\/gnews.cz\/cs_cz\/wp-json\/wp\/v2\/users\/6"}],"replies":[{"embeddable":true,"href":"https:\/\/gnews.cz\/cs_cz\/wp-json\/wp\/v2\/comments?post=43117"}],"version-history":[{"count":1,"href":"https:\/\/gnews.cz\/cs_cz\/wp-json\/wp\/v2\/posts\/43117\/revisions"}],"predecessor-version":[{"id":43121,"href":"https:\/\/gnews.cz\/cs_cz\/wp-json\/wp\/v2\/posts\/43117\/revisions\/43121"}],"wp:featuredmedia":[{"embeddable":true,"href":"https:\/\/gnews.cz\/cs_cz\/wp-json\/wp\/v2\/media\/43120"}],"wp:attachment":[{"href":"https:\/\/gnews.cz\/cs_cz\/wp-json\/wp\/v2\/media?parent=43117"}],"wp:term":[{"taxonomy":"category","embeddable":true,"href":"https:\/\/gnews.cz\/cs_cz\/wp-json\/wp\/v2\/categories?post=43117"},{"taxonomy":"post_tag","embeddable":true,"href":"https:\/\/gnews.cz\/cs_cz\/wp-json\/wp\/v2\/tags?post=43117"}],"curies":[{"name":"wp","href":"https:\/\/api.w.org\/{rel}","templated":true}]}}