{"id":43147,"date":"2026-04-01T04:00:00","date_gmt":"2026-04-01T02:00:00","guid":{"rendered":"https:\/\/gnews.cz\/?p=43147"},"modified":"2026-03-31T17:30:40","modified_gmt":"2026-03-31T15:30:40","slug":"prvni-dualni-lod-pro-prepravu-automobilu-na-lng-na-svete-schopna-prepravit-pres-10-000-vozidel-dnes-zahajila-sve-zkusebni-plavby","status":"publish","type":"post","link":"https:\/\/gnews.cz\/cs_cz\/ekonomika\/prvni-dualni-lod-pro-prepravu-automobilu-na-lng-na-svete-schopna-prepravit-pres-10-000-vozidel-dnes-zahajila-sve-zkusebni-plavby\/","title":{"rendered":"Prvn\u00ed du\u00e1ln\u00ed lo\u010f pro p\u0159epravu automobil\u016f na LNG na sv\u011bt\u011b, schopn\u00e1 p\u0159epravit p\u0159es 10 000 vozidel, dnes zah\u00e1jila sv\u00e9 zku\u0161ebn\u00ed plavby"},"content":{"rendered":"\n<p><a href=\"https:\/\/www.facebook.com\/sharer\/sharer.php?u=https%3A%2F%2Fczech.cri.cn%2F2026%2F03%2F31%2FARTI1774960220743875&amp;display=popup\" target=\"_blank\" rel=\"noreferrer noopener\"><\/a><a href=\"https:\/\/twitter.com\/intent\/tweet?url=https%3A%2F%2Fczech.cri.cn%2F2026%2F03%2F31%2FARTI1774960220743875&amp;text=Prvn%C3%AD%20du%C3%A1ln%C3%AD%20lo%C4%8F%20pro%20p%C5%99epravu%20automobil%C5%AF%20na%20LNG%20na%20sv%C4%9Bt%C4%9B%2C%20schopn%C3%A1%20p%C5%99epravit%20p%C5%99es%2010%20000%20vozidel%2C%20dnes%20zah%C3%A1jila%20sv%C3%A9%20zku%C5%A1ebn%C3%AD%20plavby\" target=\"_blank\" rel=\"noreferrer noopener\"><\/a><\/p>\n\n\n\n<p><strong>Dne 31. b\u0159ezna zah\u00e1jila sv\u00e9 zku\u0161ebn\u00ed plavby prvn\u00ed du\u00e1ln\u00ed lod\u011b pro p\u0159epravu automobil\u016f na LNG (PCTC) s kapacitou 10 800 vozidel, kterou postavila \u010d\u00ednsk\u00e1 spole\u010dnost CSSC pro jihokorejskou spole\u010dnost HMM.<\/strong><\/p>\n\n\n\n<p>V sou\u010dasn\u00e9 dob\u011b se jedn\u00e1 o prvn\u00ed du\u00e1ln\u00ed lo\u010f pro p\u0159epravu automobil\u016f na sv\u011bt\u011b, kter\u00e1 je schopna p\u0159epravit p\u0159es 10 000 vozidel a je ve v\u00fdstavb\u011b.<\/p>\n\n\n\n<p>Plavidlo je 230 metr\u016f dlouh\u00e9, 40 metr\u016f \u0161irok\u00e9, m\u00e1 ponor 10,5 metru a rychlost p\u0159ibli\u017en\u011b 19 uzl\u016f, \u010d\u00edm\u017e dosahuje dokonal\u00e9 rovnov\u00e1hy mezi efektivn\u00ed dopravou a stabiln\u00ed plavbou.<\/p>\n\n\n\n<p><strong><a href=\"https:\/\/czech.cri.cn\/2026\/03\/31\/ARTI1774960220743875\" title=\"\">CMG<\/a><\/strong><\/p>\n","protected":false},"excerpt":{"rendered":"<p>Dne 31. b\u0159ezna zah\u00e1jila sv\u00e9 zku\u0161ebn\u00ed plavby prvn\u00ed du\u00e1ln\u00ed lod\u011b pro p\u0159epravu automobil\u016f na LNG (PCTC) s kapacitou 10 800 vozidel, kterou&hellip;<\/p>\n","protected":false},"author":6,"featured_media":43148,"comment_status":"open","ping_status":"closed","sticky":false,"template":"","format":"standard","meta":{"_acf_changed":false,"_lmt_disableupdate":"","_lmt_disable":"","footnotes":""},"categories":[4,2973],"tags":[18,12099,12098,12101,2975,12100],"class_list":["post-43147","post","type-post","status-publish","format-standard","has-post-thumbnail","hentry","category-ekonomika","category-zahranicni","tag-cmg","tag-cssc","tag-dualni-lod-lng","tag-hmm","tag-lodni-doprava","tag-preprava-automobilu"],"acf":[],"aioseo_notices":[],"_links":{"self":[{"href":"https:\/\/gnews.cz\/cs_cz\/wp-json\/wp\/v2\/posts\/43147","targetHints":{"allow":["GET"]}}],"collection":[{"href":"https:\/\/gnews.cz\/cs_cz\/wp-json\/wp\/v2\/posts"}],"about":[{"href":"https:\/\/gnews.cz\/cs_cz\/wp-json\/wp\/v2\/types\/post"}],"author":[{"embeddable":true,"href":"https:\/\/gnews.cz\/cs_cz\/wp-json\/wp\/v2\/users\/6"}],"replies":[{"embeddable":true,"href":"https:\/\/gnews.cz\/cs_cz\/wp-json\/wp\/v2\/comments?post=43147"}],"version-history":[{"count":1,"href":"https:\/\/gnews.cz\/cs_cz\/wp-json\/wp\/v2\/posts\/43147\/revisions"}],"predecessor-version":[{"id":43149,"href":"https:\/\/gnews.cz\/cs_cz\/wp-json\/wp\/v2\/posts\/43147\/revisions\/43149"}],"wp:featuredmedia":[{"embeddable":true,"href":"https:\/\/gnews.cz\/cs_cz\/wp-json\/wp\/v2\/media\/43148"}],"wp:attachment":[{"href":"https:\/\/gnews.cz\/cs_cz\/wp-json\/wp\/v2\/media?parent=43147"}],"wp:term":[{"taxonomy":"category","embeddable":true,"href":"https:\/\/gnews.cz\/cs_cz\/wp-json\/wp\/v2\/categories?post=43147"},{"taxonomy":"post_tag","embeddable":true,"href":"https:\/\/gnews.cz\/cs_cz\/wp-json\/wp\/v2\/tags?post=43147"}],"curies":[{"name":"wp","href":"https:\/\/api.w.org\/{rel}","templated":true}]}}