{"id":43152,"date":"2026-03-31T23:55:00","date_gmt":"2026-03-31T21:55:00","guid":{"rendered":"https:\/\/gnews.cz\/?p=43152"},"modified":"2026-03-31T20:37:25","modified_gmt":"2026-03-31T18:37:25","slug":"americky-prezident-donald-trump-rika-ze-jeste-neni-pripraven-ukoncit-operaci-proti-iranu","status":"publish","type":"post","link":"https:\/\/gnews.cz\/cs_cz\/tema\/americky-prezident-donald-trump-rika-ze-jeste-neni-pripraven-ukoncit-operaci-proti-iranu\/","title":{"rendered":"Americk\u00fd prezident Donald Trump \u0159\u00edk\u00e1, \u017ee je\u0161t\u011b nen\u00ed p\u0159ipraven ukon\u010dit operaci proti \u00cdr\u00e1nu"},"content":{"rendered":"\n<p><strong>WASHINGTON &#8211; 31. b\u0159ezna. Washington je\u0161t\u011b nen\u00ed p\u0159ipraven ozn\u00e1mit konec americk\u00e9 vojensk\u00e9 operace proti \u00cdr\u00e1nu ani zastaven\u00ed snah o obnoven\u00ed norm\u00e1ln\u00edch podm\u00ednek pro lodn\u00ed dopravu v Hormuzsk\u00e9m pr\u016flivu, prohl\u00e1sil prezident Donald Trump.<\/strong><\/p>\n\n\n\n<blockquote class=\"wp-block-quote is-layout-flow wp-block-quote-is-layout-flow\">\n<p><strong>\u201eV ur\u010dit\u00e9m okam\u017eiku to ud\u011bl\u00e1m. Je\u0161t\u011b ne tak docela,\u201c \u0159ekl americk\u00fd v\u016fdce v rozhovoru pro CBS News. Wall Street Journal d\u0159\u00edve s odvol\u00e1n\u00edm na zdroje informoval, \u017ee Trump sv\u00fdm poradc\u016fm \u0159ekl, \u017ee chce ukon\u010dit kampa\u0148 proti \u00cdr\u00e1nu, pouze pokud Hormuzsk\u00fd pr\u016fliv z\u016fstane pro lodn\u00ed dopravu z velk\u00e9 \u010d\u00e1sti uzav\u0159en.<\/strong><\/p>\n<\/blockquote>\n\n\n\n<p>Spojen\u00e9 st\u00e1ty a Izrael zah\u00e1jily 28. \u00fanora vojenskou operaci proti \u00cdr\u00e1nu. Zasa\u017eena byla velk\u00e1 \u00edr\u00e1nsk\u00e1 m\u011bsta, v\u010detn\u011b Teher\u00e1nu. B\u00edl\u00fd d\u016fm \u00fatok od\u016fvodnil \u00fadajn\u00fdmi raketov\u00fdmi a jadern\u00fdmi hrozbami ze strany \u00cdr\u00e1nu. Isl\u00e1msk\u00e9 revolu\u010dn\u00ed gardy ozn\u00e1mily odvetnou operaci zam\u011b\u0159enou na lokality v Izraeli. Zasa\u017eeny byly tak\u00e9 americk\u00e9 vojensk\u00e9 z\u00e1kladny v Bahrajnu, Jord\u00e1nsku, Kuvajtu, Kataru, Sa\u00fadsk\u00e9 Ar\u00e1bii a Spojen\u00fdch arabsk\u00fdch emir\u00e1tech. Nejvy\u0161\u0161\u00ed v\u016fdce ajatoll\u00e1h Al\u00ed Chamene\u00ed a n\u011bkte\u0159\u00ed dal\u0161\u00ed kl\u00ed\u010dov\u00ed \u00edr\u00e1n\u0161t\u00ed v\u016fdci byli zabiti p\u0159i spole\u010dn\u00e9m americko-izraelsk\u00e9m \u00fatoku.<\/p>\n\n\n\n<blockquote class=\"wp-block-quote is-layout-flow wp-block-quote-is-layout-flow\">\n<p><strong>\u00cdr\u00e1nsk\u00e9 \u00fa\u0159ady se n\u00e1sledn\u011b rozhodly uzav\u0159\u00edt Hormuzsk\u00fd pr\u016fliv pro lod\u011b spojen\u00e9 s USA, Izraelem a zem\u011bmi, kter\u00e9 podporovaly agresi proti Isl\u00e1msk\u00e9 republice. B\u011bhem konfliktu bylo napadeno n\u011bkolik tanker\u016f za proplut\u00ed pr\u016flivem bez povolen\u00ed Teher\u00e1nu. 25. b\u0159ezna \u00edr\u00e1nsk\u00fd ministr zahrani\u010d\u00ed Abb\u00e1s Arag\u010d\u010d\u00ed ozn\u00e1mil, \u017ee \u00cdr\u00e1n povolil pr\u016fliv Hormuzsk\u00fdm pr\u016flivem sp\u0159\u00e1telen\u00fdm zem\u00edm, v\u010detn\u011b Ruska, Indie, Ir\u00e1ku, \u010c\u00edny a P\u00e1kist\u00e1nu.<\/strong><\/p>\n<\/blockquote>\n\n\n\n<p><strong><a href=\"https:\/\/tass.com\/world\/2109627\" target=\"_blank\" rel=\"noopener\" title=\"\">TASS<\/a>\/gnews.cz<\/strong><\/p>\n","protected":false},"excerpt":{"rendered":"<p>WASHINGTON &#8211; 31. b\u0159ezna. Washington je\u0161t\u011b nen\u00ed p\u0159ipraven ozn\u00e1mit konec americk\u00e9 vojensk\u00e9 operace proti \u00cdr\u00e1nu ani zastaven\u00ed snah o obnoven\u00ed norm\u00e1ln\u00edch podm\u00ednek&hellip;<\/p>\n","protected":false},"author":10,"featured_media":43153,"comment_status":"open","ping_status":"closed","sticky":false,"template":"","format":"standard","meta":{"_acf_changed":false,"_lmt_disableupdate":"","_lmt_disable":"","footnotes":""},"categories":[7,658,1,2973],"tags":[11822,9054,22,496,3710,58,11824,760,12102,49,11823,11789,2252,11788,12103,10,10787,12104,331,2609,17,38,1541,41],"class_list":["post-43152","post","type-post","status-publish","format-standard","has-post-thumbnail","hentry","category-politika","category-prectete-si","category-tema","category-zahranicni","tag-bahrajnu","tag-cbs-news","tag-cina","tag-donald-trump","tag-hormuzsky-pruliv","tag-indie","tag-iraku","tag-iran-3","tag-iransky-ministr-zahranici-abbas-aragcci","tag-izrael","tag-jordansku","tag-kataru","tag-konflikt","tag-kuvajtu","tag-nejvyssi-vudce-ajatollah-ali-chamenei","tag-news","tag-ruska","tag-saudske-arabii","tag-spojene-arabske-emiraty","tag-teheran-2","tag-top","tag-usa","tag-wall-street-journal","tag-world"],"acf":[],"aioseo_notices":[],"_links":{"self":[{"href":"https:\/\/gnews.cz\/cs_cz\/wp-json\/wp\/v2\/posts\/43152","targetHints":{"allow":["GET"]}}],"collection":[{"href":"https:\/\/gnews.cz\/cs_cz\/wp-json\/wp\/v2\/posts"}],"about":[{"href":"https:\/\/gnews.cz\/cs_cz\/wp-json\/wp\/v2\/types\/post"}],"author":[{"embeddable":true,"href":"https:\/\/gnews.cz\/cs_cz\/wp-json\/wp\/v2\/users\/10"}],"replies":[{"embeddable":true,"href":"https:\/\/gnews.cz\/cs_cz\/wp-json\/wp\/v2\/comments?post=43152"}],"version-history":[{"count":1,"href":"https:\/\/gnews.cz\/cs_cz\/wp-json\/wp\/v2\/posts\/43152\/revisions"}],"predecessor-version":[{"id":43154,"href":"https:\/\/gnews.cz\/cs_cz\/wp-json\/wp\/v2\/posts\/43152\/revisions\/43154"}],"wp:featuredmedia":[{"embeddable":true,"href":"https:\/\/gnews.cz\/cs_cz\/wp-json\/wp\/v2\/media\/43153"}],"wp:attachment":[{"href":"https:\/\/gnews.cz\/cs_cz\/wp-json\/wp\/v2\/media?parent=43152"}],"wp:term":[{"taxonomy":"category","embeddable":true,"href":"https:\/\/gnews.cz\/cs_cz\/wp-json\/wp\/v2\/categories?post=43152"},{"taxonomy":"post_tag","embeddable":true,"href":"https:\/\/gnews.cz\/cs_cz\/wp-json\/wp\/v2\/tags?post=43152"}],"curies":[{"name":"wp","href":"https:\/\/api.w.org\/{rel}","templated":true}]}}