{"id":43155,"date":"2026-03-31T21:00:00","date_gmt":"2026-03-31T19:00:00","guid":{"rendered":"https:\/\/gnews.cz\/?p=43155"},"modified":"2026-03-31T20:36:57","modified_gmt":"2026-03-31T18:36:57","slug":"cesko-slovenske-vladni-zasedani-potvrdilo-posilovani-partnerstvi-obou-zemi","status":"publish","type":"post","link":"https:\/\/gnews.cz\/cs_cz\/neprehlednete\/cesko-slovenske-vladni-zasedani-potvrdilo-posilovani-partnerstvi-obou-zemi\/","title":{"rendered":"\u010cesko slovensk\u00e9 vl\u00e1dn\u00ed zased\u00e1n\u00ed potvrdilo posilov\u00e1n\u00ed partnerstv\u00ed obou zem\u00ed"},"content":{"rendered":"\n<p><strong>Na z\u00e1mku Nov\u00e1 Horka ve Stud\u00e9nce se v \u00fater\u00fd 31. b\u0159ezna 2026 uskute\u010dnilo ji\u017e dev\u00e1t\u00e9 spole\u010dn\u00e9 zased\u00e1n\u00ed vl\u00e1d \u010cesk\u00e9 a Slovensk\u00e9 republiky. Kabinety v \u010dele s premi\u00e9ry Andrejem Babi\u0161em a Robertem Ficem jednaly mimo jin\u00e9 o aktu\u00e1ln\u00ed situaci s cenami paliv a dod\u00e1vkami ropy po vypuknut\u00ed konfliktu na Bl\u00edzk\u00e9m v\u00fdchod\u011b. Premi\u00e9\u0159i obou zem\u00ed podepsali tak\u00e9 Memorandum o\u202fprohlouben\u00e9 spolupr\u00e1ci mezi vl\u00e1dou \u010cesk\u00e9 republiky a vl\u00e1dou Slovensk\u00e9 republiky, kter\u00e9 posiluje vz\u00e1jemn\u00e9 partnerstv\u00ed v\u202fkl\u00ed\u010dov\u00fdch oblastech.<\/strong><\/p>\n\n\n\n<p>Premi\u00e9r Andrej Babi\u0161 ve sv\u00e9m \u00favodn\u00edm vystoupen\u00ed zd\u016fraznil v\u00fdznam t\u011bchto setk\u00e1n\u00ed.&nbsp;<em>\u201eJsem hrozn\u011b r\u00e1d, \u017ee jsme se mohli setkat kompletn\u00ed \u010desk\u00e1 vl\u00e1da a kompletn\u00ed slovensk\u00e1 vl\u00e1da po t\u0159ech letech. Mus\u00edm \u0159\u00edci, \u017ee jsme museli omezovat vystoupen\u00ed jednotliv\u00fdch ministr\u016f, proto\u017ee t\u00e9mat bylo opravdu moc. M\u00e1me v&nbsp;\u010dem si navz\u00e1jem pom\u00e1hat a co \u0159e\u0161it,\u201c&nbsp;<\/em>konstatoval.&nbsp;<em>\u201eBylo to skv\u011bl\u00e9 setk\u00e1n\u00ed, v\u011bcn\u00e9, \u017e\u00e1dn\u00e9 form\u00e1ln\u00ed z\u00e1le\u017eitosti. M\u00e1me si co \u0159\u00edci, proto\u017ee zkr\u00e1tka jsme nejv\u011bt\u0161\u00ed obchodn\u00ed partne\u0159i, na\u0161e firmy investuj\u00ed na Slovensku, slovensk\u00e9 firmy investuj\u00ed v&nbsp;\u010cesku. Jsem r\u00e1d, \u017ee jsme mohli spole\u010dn\u011b \u0159e\u0161it v\u011bci ve prosp\u011bch ka\u017edodenn\u00edho \u017eivota na\u0161ich ob\u010dan\u016f,\u201c<\/em>&nbsp;popsal premi\u00e9r Babi\u0161 jedn\u00e1n\u00ed.<\/p>\n\n\n\n<p>Jedn\u00edm z&nbsp;hlavn\u00edch t\u00e9mat byla ot\u00e1zka aktu\u00e1ln\u00ed energetick\u00e9 krize. \u201e<em>Mysl\u00edm si, \u017ee \u0159e\u0161en\u00ed je pr\u00e1v\u011b v&nbsp;prostoru zem\u00ed V4, Rakouska a N\u011bmecka. Mus\u00edme bojovat d\u00e1l, abychom p\u0159esv\u011bd\u010dili hlavn\u011b N\u011bmecko, \u017ee je lep\u0161\u00ed zastropovat ceny povolenek ETS1 cel\u00e9ho evropsk\u00e9ho pr\u016fmyslu, ne\u017e pr\u016fmysl dotovat,\u201c<\/em>&nbsp;uvedl premi\u00e9r Babi\u0161.<\/p>\n\n\n\n<p>Vysok\u00e9 ceny energi\u00ed jsou podle p\u0159edsedy \u010desk\u00e9 vl\u00e1dy probl\u00e9mem cel\u00e9ho regionu, a proto\u017ee moment\u00e1ln\u011b nefunguje spolupr\u00e1ce zem\u00ed Visegr\u00e1dsk\u00e9 \u010dty\u0159ky, ka\u017ed\u00e1 zem\u011b se sna\u017e\u00ed \u0159e\u0161it probl\u00e9m s&nbsp;pohonn\u00fdmi hmotami individu\u00e1ln\u011b.&nbsp;<em>\u201eSamoz\u0159ejm\u011b si p\u0159ejeme, aby bratislavsk\u00e1 a ma\u010farsk\u00e1 rafinerie MOL vyr\u00e1b\u011bly na sto procent. Je to d\u016fle\u017eit\u00e9 pro cel\u00fd region. Po\u017e\u00e1dal jsem pana premi\u00e9ra Fica, aby Slovensko ukon\u010dilo stav ropn\u00e9 nouze, proto\u017ee se n\u00e1s to samoz\u0159ejm\u011b tak\u00e9 t\u00fdk\u00e1,\u201c<\/em>&nbsp;\u0159ekl premi\u00e9r Babi\u0161.<\/p>\n\n\n\n<p>Premi\u00e9\u0159i Slovensk\u00e9 republiky a \u010cesk\u00e9 republiky po jedn\u00e1n\u00ed podepsali Memorandum o\u202fprohlouben\u00e9 spolupr\u00e1ci mezi vl\u00e1dou \u010cesk\u00e9 republiky a vl\u00e1dou Slovensk\u00e9 republiky, kter\u00e9 otev\u00edr\u00e1 novou etapu strategick\u00e9ho partnerstv\u00ed obou zem\u00ed. Dokument potvrzuje spole\u010dn\u00fd z\u00e1vazek rozv\u00edjet spolupr\u00e1ci v kl\u00ed\u010dov\u00fdch oblastech \u2013 od zahrani\u010dn\u00ed a bezpe\u010dnostn\u00ed politiky p\u0159es hospod\u00e1\u0159stv\u00ed, energetiku, dopravu a obranu a\u017e po \u0161kolstv\u00ed, kulturu, zdravotnictv\u00ed \u010di \u017eivotn\u00ed prost\u0159ed\u00ed. Memorandum stav\u00ed na historick\u00e9 bl\u00edzkosti obou n\u00e1rod\u016f a odr\u00e1\u017e\u00ed ambici spole\u010dn\u011b posilovat stabilitu, prosperitu a bezpe\u010dnost v regionu st\u0159edn\u00ed Evropy.<\/p>\n\n\n\n<p>Oba premi\u00e9\u0159i podepsali rovn\u011b\u017e Memorandum o porozum\u011bn\u00ed a spolupr\u00e1ci v&nbsp;oblasti m\u00edrov\u00e9ho vyu\u017eit\u00ed jadern\u00e9 energie a prvn\u00ed m\u00edstop\u0159edseda vl\u00e1dy a ministr pr\u016fmyslu a obchodu Karel Havl\u00ed\u010dek a m\u00edstop\u0159edsedkyn\u011b slovensk\u00e9 vl\u00e1dy a ministryn\u011b hospod\u00e1\u0159stv\u00ed Denisa Sakov\u00e1 podepsali rovn\u011b\u017e Dohodu mezi Ministerstvem pr\u016fmyslu \u010cesk\u00e9 republiky a Ministerstvem hospod\u00e1\u0159stv\u00ed Slovensk\u00e9 republiky o sd\u00edlen\u00e9 odpov\u011bdnosti za usklad\u0148ov\u00e1n\u00ed plynu v&nbsp;z\u00e1sobn\u00edc\u00edch plynu v&nbsp;Doln\u00edch Bojanovic\u00edch.<\/p>\n\n\n\n<p>Spole\u010dn\u00e9 zased\u00e1n\u00ed \u010desk\u00e9 a slovensk\u00e9 vl\u00e1dy se uskute\u010dnilo historicky podev\u00e1t\u00e9. Prvn\u00ed spole\u010dn\u00e9 jedn\u00e1n\u00ed vl\u00e1d \u010cR a SR se uskute\u010dnilo v roce 2012 v Uhersk\u00e9m Hradi\u0161ti jako vyj\u00e1d\u0159en\u00ed nadstandardn\u00edch vztah\u016f mezi ob\u011bma zem\u011bmi. Dosud se konalo osm spole\u010dn\u00fdch zased\u00e1n\u00ed, naposledy v roce 2023 v Tren\u010d\u00edn\u011b.<\/p>\n\n\n\n<p><strong>gnews.cz &#8211; GH<\/strong><\/p>\n","protected":false},"excerpt":{"rendered":"<p>Na z\u00e1mku Nov\u00e1 Horka ve Stud\u00e9nce se v \u00fater\u00fd 31. b\u0159ezna 2026 uskute\u010dnilo ji\u017e dev\u00e1t\u00e9 spole\u010dn\u00e9 zased\u00e1n\u00ed vl\u00e1d \u010cesk\u00e9 a Slovensk\u00e9 republiky.&hellip;<\/p>\n","protected":false},"author":6,"featured_media":43156,"comment_status":"open","ping_status":"closed","sticky":false,"template":"","format":"standard","meta":{"_acf_changed":false,"_lmt_disableupdate":"","_lmt_disable":"","footnotes":""},"categories":[2968,3,7,2973],"tags":[5754,1264,5335,12112,6937,8140,357,7012,12113,11362,2711,12106,12105,11921,2421,1950,458,12108,2910,12109,5839,12110,17,12111,583,11248,41,1258],"class_list":["post-43155","post","type-post","status-publish","format-standard","has-post-thumbnail","hentry","category-domaci","category-neprehlednete","category-politika","category-zahranicni","tag-andrej-babis","tag-blizkay-vychod","tag-ceny-paliv","tag-cesko-slovenske-vztahy-2","tag-denisa-sakova","tag-dodavky-ropy","tag-doprava","tag-energeticka-krize","tag-ets1","tag-jaderna-energie","tag-havlicek","tag-memorandum-o-spolupraci","tag-mol-rafinerie","tag-nova-horka","tag-obchod","tag-obrana","tag-robert-fico","tag-ropna-nouze","tag-skolstvi-2","tag-spolecne-zasedani-vlad","tag-strategicke-partnerstvi","tag-studenka","tag-top","tag-uskladnovani-plynu","tag-v4","tag-visegradska-ctyrka","tag-world","tag-zdravotnictvi"],"acf":[],"aioseo_notices":[],"_links":{"self":[{"href":"https:\/\/gnews.cz\/cs_cz\/wp-json\/wp\/v2\/posts\/43155","targetHints":{"allow":["GET"]}}],"collection":[{"href":"https:\/\/gnews.cz\/cs_cz\/wp-json\/wp\/v2\/posts"}],"about":[{"href":"https:\/\/gnews.cz\/cs_cz\/wp-json\/wp\/v2\/types\/post"}],"author":[{"embeddable":true,"href":"https:\/\/gnews.cz\/cs_cz\/wp-json\/wp\/v2\/users\/6"}],"replies":[{"embeddable":true,"href":"https:\/\/gnews.cz\/cs_cz\/wp-json\/wp\/v2\/comments?post=43155"}],"version-history":[{"count":1,"href":"https:\/\/gnews.cz\/cs_cz\/wp-json\/wp\/v2\/posts\/43155\/revisions"}],"predecessor-version":[{"id":43157,"href":"https:\/\/gnews.cz\/cs_cz\/wp-json\/wp\/v2\/posts\/43155\/revisions\/43157"}],"wp:featuredmedia":[{"embeddable":true,"href":"https:\/\/gnews.cz\/cs_cz\/wp-json\/wp\/v2\/media\/43156"}],"wp:attachment":[{"href":"https:\/\/gnews.cz\/cs_cz\/wp-json\/wp\/v2\/media?parent=43155"}],"wp:term":[{"taxonomy":"category","embeddable":true,"href":"https:\/\/gnews.cz\/cs_cz\/wp-json\/wp\/v2\/categories?post=43155"},{"taxonomy":"post_tag","embeddable":true,"href":"https:\/\/gnews.cz\/cs_cz\/wp-json\/wp\/v2\/tags?post=43155"}],"curies":[{"name":"wp","href":"https:\/\/api.w.org\/{rel}","templated":true}]}}