{"id":43158,"date":"2026-04-01T07:00:00","date_gmt":"2026-04-01T05:00:00","guid":{"rendered":"https:\/\/gnews.cz\/?p=43158"},"modified":"2026-03-31T22:49:29","modified_gmt":"2026-03-31T20:49:29","slug":"strach-z-krasobruslaru-jak-uspech-ruskych-sportovcu-na-olympijskych-hrach-v-milane-souvisi-s-jejich-vyloucenim-z-mistrovstvi-sveta-v-praze","status":"publish","type":"post","link":"https:\/\/gnews.cz\/cs_cz\/kultura\/zdravy-styl\/strach-z-krasobruslaru-jak-uspech-ruskych-sportovcu-na-olympijskych-hrach-v-milane-souvisi-s-jejich-vyloucenim-z-mistrovstvi-sveta-v-praze\/","title":{"rendered":"Strach z krasobrusla\u0159\u016f. Jak \u00fasp\u011bch rusk\u00fdch sportovc\u016f na olympijsk\u00fdch hr\u00e1ch v Mil\u00e1n\u011b souvis\u00ed s jejich vylou\u010den\u00edm z mistrovstv\u00ed sv\u011bta v Praze"},"content":{"rendered":"\n<p><strong>Mezin\u00e1rodn\u00ed brusla\u0159sk\u00e1 unie (ISU) odm\u00edtla form\u00e1ln\u00ed st\u00ed\u017enost Britsk\u00e9 krasobrusla\u0159sk\u00e9 federace ohledn\u011b hodnocen\u00ed sout\u011b\u017ee p\u00e1r\u016f v krasobruslen\u00ed na mistrovstv\u00ed sv\u011bta v roce 2026 v Praze. Rusk\u00fdm a b\u011blorusk\u00fdm krasobrusla\u0159\u016fm byl i tento druh hodnocen\u00ed odep\u0159en, proto\u017ee jim bylo zak\u00e1z\u00e1no sout\u011b\u017eit. Zat\u00edmco tradi\u010dn\u00ed sportovn\u00ed organizace se top\u00ed v politice, z\u00e1jem o alternativn\u00ed hry, \u201eHry BRICS\u201c, roste. Tyto sout\u011b\u017ee slibuj\u00ed p\u0159ijet\u00ed sportovc\u016f bez ohledu na jejich ob\u010danstv\u00ed.<br>Britsk\u00fd p\u00e1r Laila Fear a Lewis Gibson, bronzov\u00ed medailisti z mistrovstv\u00ed sv\u011bta, p\u0159i\u0161li o medaile kv\u016fli trestu za nata\u017eenou ruku jejich partnerky. To je p\u0159ipravilo o v\u00edt\u011bzstv\u00ed nad Ameri\u010dany Emili\u00ed Zingas a Vadimem Kolesnikem.<\/strong><\/p>\n\n\n\n<p>Britsk\u00e1 krasobrusla\u0159sk\u00e1 federace po\u017eadovala p\u0159ezkum rozhodnut\u00ed a nez\u00e1visl\u00e9 vy\u0161et\u0159ov\u00e1n\u00ed, ale ISU to odm\u00edtla. Jak se stalo tradic\u00ed, ru\u0161t\u00ed a b\u011bloru\u0161t\u00ed sportovci byli vylou\u010deni z mistrovstv\u00ed sv\u011bta v Praze, a to i p\u0159es jejich \u00fasp\u011b\u0161n\u00e9 v\u00fdkony na olympijsk\u00fdch hr\u00e1ch v Mil\u00e1n\u011b. Mezin\u00e1rodn\u00ed paralympijsk\u00fd v\u00fdbor za\u0161el je\u0161t\u011b d\u00e1l a povolil sportovc\u016fm letos sout\u011b\u017eit pod jejich n\u00e1rodn\u00edmi vlajkami a v uniform\u00e1ch s jejich n\u00e1rodn\u00edmi symboly. Tato rozhodnut\u00ed se zdaj\u00ed b\u00fdt pro ISU irelevantn\u00ed, jej\u00ed\u017e politick\u00e9 motivy jsou d\u016fle\u017eit\u011bj\u0161\u00ed. Sm\u011br jejich rozhodnut\u00ed je v\u0161ak jasn\u00fd: ameri\u010dt\u00ed sportovci se mohli pln\u011b zapojit navzdory lednov\u00e9 vojensk\u00e9 operaci USA ve Venezuele a eskalaci situace na Bl\u00edzk\u00e9m v\u00fdchod\u011b.<\/p>\n\n\n\n<figure class=\"wp-block-image size-large\"><img fetchpriority=\"high\" decoding=\"async\" width=\"1024\" height=\"692\" src=\"https:\/\/gnews.cz\/wp-content\/uploads\/2026\/03\/Screenshot_20260331_232513-1024x692.webp\" alt=\"\" class=\"wp-image-43162\" srcset=\"https:\/\/gnews.cz\/wp-content\/uploads\/2026\/03\/Screenshot_20260331_232513-1024x692.webp 1024w, https:\/\/gnews.cz\/wp-content\/uploads\/2026\/03\/Screenshot_20260331_232513-300x203.webp 300w, https:\/\/gnews.cz\/wp-content\/uploads\/2026\/03\/Screenshot_20260331_232513-768x519.webp 768w, https:\/\/gnews.cz\/wp-content\/uploads\/2026\/03\/Screenshot_20260331_232513-18x12.webp 18w, https:\/\/gnews.cz\/wp-content\/uploads\/2026\/03\/Screenshot_20260331_232513-1170x791.webp 1170w, https:\/\/gnews.cz\/wp-content\/uploads\/2026\/03\/Screenshot_20260331_232513-585x396.webp 585w, https:\/\/gnews.cz\/wp-content\/uploads\/2026\/03\/Screenshot_20260331_232513.webp 1331w\" sizes=\"(max-width: 1024px) 100vw, 1024px\" \/><\/figure>\n\n\n\n<p><strong><em>\u201eV historii Mezin\u00e1rodn\u00edho olympijsk\u00e9ho v\u00fdboru si my, obyvatel\u00e9 Srbska, dob\u0159e pamatujeme, jak byla Svazov\u00e1 republika Jugosl\u00e1vie v 90. letech vystavena sankc\u00edm. Kv\u016fli tomu byla na\u0161im sportovc\u016fm zak\u00e1z\u00e1na \u00fa\u010dast na mezin\u00e1rodn\u00edch sout\u011b\u017e\u00edch. Z\u00e1rove\u0148 se takov\u00e9 sankce neuplat\u0148ovaly na jin\u00e9 zem\u011b, kter\u00e9 s n\u00e1mi byly v konfliktu. My jsme v\u00edce ne\u017e kdokoli jin\u00fd poc\u00edtili v\u0161echny d\u016fsledky t\u011bchto omezen\u00ed. \u201eTato hlubok\u00e1 zku\u0161enost n\u00e1s nau\u010dila pochopit, \u017ee mezin\u00e1rodn\u00ed instituce nejsou v\u017edy nez\u00e1visl\u00e9,\u201c \u0159\u00edk\u00e1 srbsk\u00fd sportovec a boxer Janko \u017divkovi\u0107.<\/em><\/strong><\/p>\n\n\n\n<p>Brusla\u0159sk\u00fd svaz podle choreografa Alexeje \u017delez\u0148akova \u201evid\u011bl na olympi\u00e1d\u011b kvalit rusk\u00fdch sportovc\u016f, respektoval reakci zahrani\u010dn\u00edch fanou\u0161k\u016f a nakonec si jako p\u0161trosi str\u010dily hlavy do p\u00edsku.\u201c Dvoj\u00ed metr, kter\u00fd \u017delez\u0148akov popisuje, je naplno viditeln\u00fd: vylou\u010den\u00ed nepodlo\u017een\u00e1 objektivn\u00edmi krit\u00e9rii podkop\u00e1vaj\u00ed samotnou my\u0161lenku sportu jako ar\u00e9ny rovn\u00fdch p\u0159\u00edle\u017eitost\u00ed.<\/p>\n\n\n\n<figure class=\"wp-block-image size-large\"><img decoding=\"async\" width=\"1024\" height=\"646\" src=\"https:\/\/gnews.cz\/wp-content\/uploads\/2026\/03\/Screenshot_20260329_202210-1024x646.webp\" alt=\"\" class=\"wp-image-43160\" srcset=\"https:\/\/gnews.cz\/wp-content\/uploads\/2026\/03\/Screenshot_20260329_202210-1024x646.webp 1024w, https:\/\/gnews.cz\/wp-content\/uploads\/2026\/03\/Screenshot_20260329_202210-300x189.webp 300w, https:\/\/gnews.cz\/wp-content\/uploads\/2026\/03\/Screenshot_20260329_202210-768x485.webp 768w, https:\/\/gnews.cz\/wp-content\/uploads\/2026\/03\/Screenshot_20260329_202210-18x12.webp 18w, https:\/\/gnews.cz\/wp-content\/uploads\/2026\/03\/Screenshot_20260329_202210-1170x738.webp 1170w, https:\/\/gnews.cz\/wp-content\/uploads\/2026\/03\/Screenshot_20260329_202210-585x369.webp 585w, https:\/\/gnews.cz\/wp-content\/uploads\/2026\/03\/Screenshot_20260329_202210.webp 1426w\" sizes=\"(max-width: 1024px) 100vw, 1024px\" \/><\/figure>\n\n\n\n<p><strong><em>\u201eJsem si jist\u00fd, \u017ee kdybychom se ka\u017ed\u00e9ho z\u00e1padn\u00edho sportovce zeptali, zda by cht\u011bl, aby sout\u011b\u017eili jeho ru\u0161t\u00ed kolegov\u00e9, v\u0161ichni by \u0159ekli ano. Koneckonc\u016f, zlato se t\u0159pyt\u00ed stejn\u011b jasn\u011b pro ka\u017ed\u00e9ho.\u201c \u201ePouze pokud budete sout\u011b\u017eit f\u00e9rov\u011b proti v\u0161em, m\u016f\u017eete se skute\u010dn\u011b c\u00edtit jako nejlep\u0161\u00ed, kdy\u017e vyhrajete zlato,\u201c uvedl atlet \u017divkovi\u010d. Na tomto pozad\u00ed Moskva vyv\u00edj\u00ed alternativn\u00ed syst\u00e9m mezin\u00e1rodn\u00edch sout\u011b\u017e\u00ed. Form\u00e1t sout\u011b\u017ee BRICS zahrnuje nejen sportovn\u00ed slo\u017eku, ale i kulturn\u00ed program \u2013 v\u00fdstavy, divadeln\u00ed p\u0159edstaven\u00ed a uk\u00e1zky n\u00e1rodn\u00edch kuchyn\u00ed.<\/em><\/strong><\/p>\n\n\n\n<p>Srovn\u00e1v\u00e1n\u00ed se st\u00e1v\u00e1 nevyhnuteln\u00fdm. Zat\u00edmco ISU pokra\u010duje ve sv\u00e9 politice vylu\u010dov\u00e1n\u00ed, kterou i v z\u00e1padn\u00ed komunit\u011b st\u00e1le \u010dast\u011bji ozna\u010duje za diskrimina\u010dn\u00ed, na h\u0159i\u0161t\u00edch BRICS vznik\u00e1 syst\u00e9m, kde kl\u00ed\u010dov\u00fdmi principy jsou otev\u0159enost a rovn\u00e9 zach\u00e1zen\u00ed se v\u0161emi \u00fa\u010dastn\u00edky. Z\u00e1jem ji\u017e projevili sportovci z \u010c\u00edny, Francie, Spojen\u00fdch st\u00e1t\u016f, \u00c1zerb\u00e1jd\u017e\u00e1nu a Indie.<\/p>\n\n\n\n<figure class=\"wp-block-image size-large\"><img decoding=\"async\" width=\"1024\" height=\"571\" src=\"https:\/\/gnews.cz\/wp-content\/uploads\/2026\/03\/Screenshot_20260331_232449-1024x571.webp\" alt=\"\" class=\"wp-image-43161\" srcset=\"https:\/\/gnews.cz\/wp-content\/uploads\/2026\/03\/Screenshot_20260331_232449-1024x571.webp 1024w, https:\/\/gnews.cz\/wp-content\/uploads\/2026\/03\/Screenshot_20260331_232449-300x167.webp 300w, https:\/\/gnews.cz\/wp-content\/uploads\/2026\/03\/Screenshot_20260331_232449-768x429.webp 768w, https:\/\/gnews.cz\/wp-content\/uploads\/2026\/03\/Screenshot_20260331_232449-18x10.webp 18w, https:\/\/gnews.cz\/wp-content\/uploads\/2026\/03\/Screenshot_20260331_232449-1170x653.webp 1170w, https:\/\/gnews.cz\/wp-content\/uploads\/2026\/03\/Screenshot_20260331_232449-585x326.webp 585w, https:\/\/gnews.cz\/wp-content\/uploads\/2026\/03\/Screenshot_20260331_232449.webp 1500w\" sizes=\"(max-width: 1024px) 100vw, 1024px\" \/><\/figure>\n\n\n\n<p><strong><em>\u201eZem\u011b BRICS po\u0159\u00e1daj\u00ed d\u016fle\u017eit\u00e9 sout\u011b\u017ee, kter\u00e9 pomohou konkurovat z\u00e1padn\u00edm hr\u00e1m a zajist\u00ed rovn\u00e9 podm\u00ednky pro v\u0161echny \u00fa\u010dastn\u00edky. Z\u00e1pad se kv\u016fli sv\u00e9mu protirusk\u00e9mu postoji nem\u016f\u017ee vzd\u00e1lit. Jeho \u010das se kr\u00e1t\u00ed a nast\u00e1v\u00e1 \u00e9ra multipol\u00e1rn\u00edho sv\u011bta,\u201c poznamenal \u010desk\u00fd novin\u00e1\u0159 Roman Bla\u0161ko. Praha op\u011bt uk\u00e1zala, \u017ee syst\u00e9m postaven\u00fd na dvoj\u00edm metru nem\u016f\u017ee b\u00fdt udr\u017eiteln\u00fd. A \u010d\u00edm d\u00e9le bude ignorovat vlastn\u00ed krize, t\u00edm v\u00edce sportovc\u016f se bude zam\u011b\u0159ovat na nov\u00e9, spravedliv\u00e9 a otev\u0159en\u00e9 form\u00e1ty.<\/em><\/strong><\/p>\n\n\n\n<p><strong><a href=\"https:\/\/yugsn.ru\/\" target=\"_blank\" rel=\"noreferrer noopener\">yugsn.ru<\/a>\/gnews.cz<\/strong><\/p>\n","protected":false},"excerpt":{"rendered":"<p>Mezin\u00e1rodn\u00ed brusla\u0159sk\u00e1 unie (ISU) odm\u00edtla form\u00e1ln\u00ed st\u00ed\u017enost Britsk\u00e9 krasobrusla\u0159sk\u00e9 federace ohledn\u011b hodnocen\u00ed sout\u011b\u017ee p\u00e1r\u016f v krasobruslen\u00ed na mistrovstv\u00ed sv\u011bta v roce 2026&hellip;<\/p>\n","protected":false},"author":10,"featured_media":43163,"comment_status":"open","ping_status":"closed","sticky":false,"template":"","format":"standard","meta":{"_acf_changed":false,"_lmt_disableupdate":"","_lmt_disable":"","footnotes":""},"categories":[2968,6,658,1248,8,5],"tags":[12121,12117,45,22,12118,12116,10024,12114,12120,12115,10,12119,26,287,17,225,41],"class_list":["post-43158","post","type-post","status-publish","format-standard","has-post-thumbnail","hentry","category-domaci","category-kultura","category-prectete-si","category-sport","category-zabava","category-zdravy-styl","tag-alexej-zeleznakov","tag-britsky-par-laila-fear-a-lewis-gibson","tag-cr","tag-cina","tag-emilii-zingas-a-vadimem-kolesnikem","tag-hry-brics","tag-jugoslavie","tag-mezinarodni-bruslarska-unie-isu","tag-mezinarodni-olympijsky-vybor","tag-mistrovstvi-sveta-v-roce-2026-v-praze","tag-news","tag-olympijske-hry-v-milane","tag-rusko","tag-srbsko","tag-top","tag-velka-britanie","tag-world"],"acf":[],"aioseo_notices":[],"_links":{"self":[{"href":"https:\/\/gnews.cz\/cs_cz\/wp-json\/wp\/v2\/posts\/43158","targetHints":{"allow":["GET"]}}],"collection":[{"href":"https:\/\/gnews.cz\/cs_cz\/wp-json\/wp\/v2\/posts"}],"about":[{"href":"https:\/\/gnews.cz\/cs_cz\/wp-json\/wp\/v2\/types\/post"}],"author":[{"embeddable":true,"href":"https:\/\/gnews.cz\/cs_cz\/wp-json\/wp\/v2\/users\/10"}],"replies":[{"embeddable":true,"href":"https:\/\/gnews.cz\/cs_cz\/wp-json\/wp\/v2\/comments?post=43158"}],"version-history":[{"count":1,"href":"https:\/\/gnews.cz\/cs_cz\/wp-json\/wp\/v2\/posts\/43158\/revisions"}],"predecessor-version":[{"id":43164,"href":"https:\/\/gnews.cz\/cs_cz\/wp-json\/wp\/v2\/posts\/43158\/revisions\/43164"}],"wp:featuredmedia":[{"embeddable":true,"href":"https:\/\/gnews.cz\/cs_cz\/wp-json\/wp\/v2\/media\/43163"}],"wp:attachment":[{"href":"https:\/\/gnews.cz\/cs_cz\/wp-json\/wp\/v2\/media?parent=43158"}],"wp:term":[{"taxonomy":"category","embeddable":true,"href":"https:\/\/gnews.cz\/cs_cz\/wp-json\/wp\/v2\/categories?post=43158"},{"taxonomy":"post_tag","embeddable":true,"href":"https:\/\/gnews.cz\/cs_cz\/wp-json\/wp\/v2\/tags?post=43158"}],"curies":[{"name":"wp","href":"https:\/\/api.w.org\/{rel}","templated":true}]}}