{"id":43289,"date":"2026-04-01T09:00:00","date_gmt":"2026-04-01T07:00:00","guid":{"rendered":"https:\/\/gnews.cz\/?p=43289"},"modified":"2026-04-02T08:58:17","modified_gmt":"2026-04-02T06:58:17","slug":"denni-shrnuti-ekonomiky-v-cr-cez-a-kofola-orlen-unipetrol-mercedes-benz-trucks-skoda-group-iran-ek-a-cla-1-dubna-2026","status":"publish","type":"post","link":"https:\/\/gnews.cz\/cs_cz\/neprehlednete\/denni-shrnuti-ekonomiky-v-cr-cez-a-kofola-orlen-unipetrol-mercedes-benz-trucks-skoda-group-iran-ek-a-cla-1-dubna-2026\/","title":{"rendered":"Denn\u00ed shrnut\u00ed ekonomiky v \u010cR: \u010cEZ a Kofola, Orlen Unipetrol, Mercedes-Benz Trucks, \u0160koda Group, \u00cdr\u00e1n, EK a cla (1. dubna 2026)"},"content":{"rendered":"\n<h2 class=\"wp-block-heading\">P\u0159ehled nejnov\u011bj\u0161\u00edch ekonomick\u00fdch ud\u00e1lost\u00ed v \u010cR<\/h2>\n\n\n\n<p>Pra\u017esk\u00e1 burza se v \u00fater\u00fd po n\u011bkolika dnech pokles\u016f vr\u00e1tila nad psychologicky d\u016fle\u017eitou hranici 2500 bod\u016f. Index PX pos\u00edlil o 1,6 procenta na 2509,95 bodu, p\u0159i\u010dem\u017e k o\u017eiven\u00ed p\u0159isp\u011bly zejm\u00e9na akcie bankovn\u00edho sektoru a energetick\u00e1 spole\u010dnost <strong>\u010cEZ<\/strong>. Ve ztr\u00e1t\u011b naopak skon\u010dila mimo jin\u00e9 n\u00e1poj\u00e1\u0159sk\u00e1 <strong>Kofola<\/strong>. O\u017eiven\u00ed p\u0159ich\u00e1z\u00ed po n\u00e1ro\u010dn\u00e9m m\u011bs\u00edci \u2013 za cel\u00fd b\u0159ezen pra\u017esk\u00e1 burza oslabila o 5,35 procenta.<\/p>\n\n\n\n<p>Z\u00e1sadn\u00ed novinkou pro tuzemsk\u00fd realitn\u00ed trh je nov\u00e9 opat\u0159en\u00ed \u010cesk\u00e9 n\u00e1rodn\u00ed banky platn\u00e9 od 1. dubna. Banky od dubna zp\u0159\u00eds\u0148uj\u00ed limity pro poskytov\u00e1n\u00ed investi\u010dn\u00edch hypot\u00e9k: maxim\u00e1ln\u00ed pom\u011br v\u00fd\u0161e \u00fav\u011bru k hodnot\u011b zastaven\u00e9 nemovitosti (LTV) je nov\u011b stanoven na 70 procent a celkov\u00e9 zadlu\u017een\u00ed \u017eadatele nesm\u00ed p\u0159es\u00e1hnout sedmin\u00e1sobek jeho ro\u010dn\u00edho p\u0159\u00edjmu. Opat\u0159en\u00ed se t\u00fdk\u00e1 n\u00e1kupu t\u0159et\u00ed a dal\u0161\u00ed nemovitosti nebo po\u0159\u00edzen\u00ed za \u00fa\u010delem pron\u00e1jmu. <strong>\u010cesk\u00e1 spo\u0159itelna<\/strong> a <strong>Raiffeisenbank<\/strong> pravidla zavedly je\u0161t\u011b p\u0159ed stanoven\u00fdm term\u00ednem, <strong>Komer\u010dn\u00ed banka<\/strong> a <strong>\u010cSOB<\/strong> pak potvrdily pln\u00e9 zaveden\u00ed k 1. dubnu. <strong>Moneta Money Bank<\/strong> i <strong>UniCredit Bank<\/strong> se p\u0159izp\u016fsobuj\u00ed rovn\u011b\u017e. Banky shodn\u011b uv\u00e1d\u011bj\u00ed, \u017ee z\u00e1sadn\u00ed propad po\u010dtu nov\u00fdch hypot\u00e9k neo\u010dek\u00e1vaj\u00ed.<\/p>\n\n\n\n<p>Dal\u0161\u00edm d\u016fsledkem glob\u00e1ln\u00ed ropn\u00e9 krize je situace na dom\u00e1c\u00edm trhu s pohonn\u00fdmi hmotami. Vl\u00e1da schv\u00e1lila zap\u016fj\u010den\u00ed 100 tis\u00edc tun ropy ze st\u00e1tn\u00edch nouzov\u00fdch z\u00e1sob rafin\u00e9ri\u00edm <strong>Orlen Unipetrol<\/strong> s t\u00edm, \u017ee dod\u00e1vky ze Spr\u00e1vy st\u00e1tn\u00edch hmotn\u00fdch rezerv za\u010d\u00ednaj\u00ed pr\u00e1v\u011b od 1. dubna. D\u016fvodem jsou \u00fadr\u017ebov\u00e9 a rekonstruk\u010dn\u00ed pr\u00e1ce na ropovodu TAL, kter\u00e9 do\u010dasn\u011b omezily pr\u016ftok suroviny do \u010ceska. Ministr pr\u016fmyslu a obchodu Karel Havl\u00ed\u010dek zd\u016fraznil, \u017ee jde o p\u016fj\u010dku s finan\u010dn\u00ed z\u00e1rukou a z\u00e1soby budou rafin\u00e9ri\u00edm navr\u00e1ceny. Vl\u00e1da p\u0159itom vyzvala dominantn\u00ed distributory \u2013 polsk\u00fd <strong>Orlen<\/strong> a ma\u010farsk\u00fd <strong>MOL<\/strong> \u2013 aby situace nezneu\u017e\u00edvali a ned\u011blali dvoj\u00ed ceny, zejm\u00e9na na d\u00e1lni\u010dn\u00edch \u010derpac\u00edch stanic\u00edch. Z\u00e1sobov\u00e1n\u00ed \u010desk\u00e9ho trhu pohonn\u00fdmi hmotami p\u0159esto nad\u00e1le funguje norm\u00e1ln\u011b.<\/p>\n\n\n\n<h2 class=\"wp-block-heading\">Zahrani\u010dn\u00ed investice<\/h2>\n\n\n\n<p>\u010cesk\u00e1 republika potvrzuje svoji atraktivitu pro p\u0159\u00edm\u00e9 zahrani\u010dn\u00ed investice. Jednou z nejv\u00fdznamn\u011bj\u0161\u00edch novinek posledn\u00edch dn\u00ed je z\u00e1m\u011br n\u011bmeck\u00e9ho v\u00fdrobce n\u00e1kladn\u00edch vozidel <strong>Mercedes-Benz Trucks<\/strong> z koncernu <strong>Daimler Truck<\/strong> postavit nov\u00fd z\u00e1vod v Chebu. Projekt p\u0159edpokl\u00e1d\u00e1 v\u00fdrobn\u00ed kapacitu kolem 25 000 voz\u016f ro\u010dn\u011b a zam\u011bstn\u00e1 p\u0159ibli\u017en\u011b 1100 lid\u00ed. V \u00favodn\u00ed f\u00e1zi dos\u00e1hne investice sedmi a\u017e osmi miliard korun. Ministr pr\u016fmyslu a obchodu Karel Havl\u00ed\u010dek ozna\u010dil z\u00e1m\u011br za jednu z nejv\u00fdznamn\u011bj\u0161\u00edch investic v \u010cesku v\u016fbec \u2013 projekt by m\u011bl p\u0159in\u00e9st 31 miliard korun do hrub\u00e9ho dom\u00e1c\u00edho produktu a dal\u0161\u00edch 14 miliard do ve\u0159ejn\u00fdch rozpo\u010dt\u016f.<\/p>\n\n\n\n<p>Stabiln\u00ed v\u00fdkonnost hl\u00e1s\u00ed tak\u00e9 <strong>\u0160koda Group<\/strong>, jej\u00ed\u017e aktu\u00e1ln\u00ed portfolio zak\u00e1zek dosahuje p\u0159ibli\u017en\u011b 98 miliard korun. To skupin\u011b zaji\u0161\u0165uje pr\u00e1ci na zhruba 3,5 roku dop\u0159edu, co\u017e sv\u011bd\u010d\u00ed o siln\u00e9 popt\u00e1vce po jej\u00edch v\u00fdrobc\u00edch v oblasti kolejov\u00e9 dopravy.<\/p>\n\n\n\n<p>Na medi\u00e1ln\u00edm trhu doch\u00e1z\u00ed k p\u0159elomov\u00e9 transakci: <strong>Netflix<\/strong> v r\u00e1mci dokon\u010duj\u00edc\u00edho se procesu p\u0159eb\u00edr\u00e1 filmov\u00e9 studio <strong>Warner Bros.<\/strong> a streamovac\u00ed platformu <strong>HBO Max<\/strong>. Celkov\u00e1 hodnota obchodu se pohybuje kolem 82,7 miliardy dolar\u016f, z toho 72 miliard tvo\u0159\u00ed \u010dist\u00e1 hodnota spole\u010dnosti. Akvizice, kter\u00e1 p\u0159ep\u00ed\u0161e mapu glob\u00e1ln\u00edho streamingu a hollywoodsk\u00e9 produkce, \u010dek\u00e1 na fin\u00e1ln\u00ed schv\u00e1len\u00ed regula\u010dn\u00edch org\u00e1n\u016f \u2013 dokon\u010den\u00ed procesu se o\u010dek\u00e1v\u00e1 ve t\u0159et\u00edm \u010dtvrtlet\u00ed roku 2026.<\/p>\n\n\n\n<h2 class=\"wp-block-heading\">V\u00fdznamn\u00e9 ud\u00e1losti mimo \u010cR s glob\u00e1ln\u00edm dopadem<\/h2>\n\n\n\n<p>Sv\u011btov\u00e1 ekonomika nad\u00e1le \u010del\u00ed historicky bezprecedentn\u00ed ropn\u00e9 krizi v d\u016fsledku americko-izraelsk\u00e9 vojensk\u00e9 operace proti \u00cdr\u00e1nu. Mezin\u00e1rodn\u00ed agentura pro energii (IEA) ozna\u010dila sou\u010dasnou situaci za nejv\u011bt\u0161\u00ed \u0161ok v dod\u00e1vk\u00e1ch ropy v d\u011bjin\u00e1ch. Za uplynul\u00fd m\u011bs\u00edc vzrostla cena ropy Brent o p\u0159ibli\u017en\u011b 60 procent a p\u0159es\u00e1hla hranici 115 dolar\u016f za barel.<\/p>\n\n\n\n<p>\u010c\u00e1ste\u010dnou \u00falevu p\u0159inesla <strong>Sa\u00fadsk\u00e1 Ar\u00e1bie<\/strong>, kter\u00e1 za\u010dala p\u0159esm\u011brov\u00e1vat miliony barel\u016f ropy p\u0159es p\u0159\u00edstav Janbu v Rud\u00e9m mo\u0159i nam\u00edsto zablokovan\u00e9ho pr\u016flivu. Tato z\u00e1chrann\u00e1 trasa je v\u0161ak nyn\u00ed v ohro\u017een\u00ed, nebo\u0165 do konfliktu vstoupili Jemenem podporovan\u00ed h\u00fat\u00ed\u0161t\u00ed povstalci \u00fato\u010d\u00edc\u00ed na lod\u011b v \u00fa\u017ein\u011b Bab-al-Mandab. Cena ropy Brent v posledn\u00edch dnech kol\u00eds\u00e1 v rozsahu 107 a\u017e 119 dolar\u016f za barel pot\u00e9, co \u00cdr\u00e1n nazna\u010dil ochotu jednat o ukon\u010den\u00ed konfliktu v\u00fdm\u011bnou za z\u00e1ruky.<\/p>\n\n\n\n<p>\u00cdr\u00e1nsk\u00fd konflikt m\u016f\u017ee podle anal\u00fdzy \u00fav\u011brov\u00e9 poji\u0161\u0165ovny <strong>Coface<\/strong> v\u00e9st ke sn\u00ed\u017een\u00ed r\u016fstu \u010desk\u00e9 ekonomiky a\u017e o jeden procentn\u00ed bod a ke zv\u00fd\u0161en\u00ed inflace a\u017e o 1,5 procentn\u00edho bodu \u2013 m\u00edra dopad\u016f bude z\u00e1viset zejm\u00e9na na d\u00e9lce konfliktu a blok\u00e1dy Hormuzsk\u00e9ho pr\u016flivu.<\/p>\n\n\n\n<p>Na \u00farovni Evropsk\u00e9 unie se pak <strong>Evropsk\u00e1 komise<\/strong> pokou\u0161\u00ed urychlit p\u0159ijet\u00ed legislativy, kter\u00e1 by zru\u0161ila cla na pr\u016fmyslov\u00e9 zbo\u017e\u00ed ze Spojen\u00fdch st\u00e1t\u016f \u2013 s c\u00edlem stihnout tento krok je\u0161t\u011b do konce aktu\u00e1ln\u00edho t\u00fddne. Jde o reakci na p\u0159etrv\u00e1vaj\u00edc\u00ed obchodn\u00ed nap\u011bt\u00ed mezi EU a USA, kter\u00e9 dol\u00e9h\u00e1 i na \u010desk\u00fd exportn\u011b orientovan\u00fd pr\u016fmysl.<\/p>\n\n\n\n<p><strong>gnews.cz &#8211; GH<\/strong><\/p>\n\n\n<p>[currency_and_metal_rates]<\/p>\n\n\n\n<figure class=\"wp-block-image size-full\"><img fetchpriority=\"high\" decoding=\"async\" width=\"875\" height=\"411\" src=\"https:\/\/gnews.cz\/wp-content\/uploads\/2026\/04\/edd.webp\" alt=\"\" class=\"wp-image-43291\" srcset=\"https:\/\/gnews.cz\/wp-content\/uploads\/2026\/04\/edd.webp 875w, https:\/\/gnews.cz\/wp-content\/uploads\/2026\/04\/edd-300x141.webp 300w, https:\/\/gnews.cz\/wp-content\/uploads\/2026\/04\/edd-768x361.webp 768w, https:\/\/gnews.cz\/wp-content\/uploads\/2026\/04\/edd-18x8.webp 18w, https:\/\/gnews.cz\/wp-content\/uploads\/2026\/04\/edd-585x275.webp 585w\" sizes=\"(max-width: 875px) 100vw, 875px\" \/><\/figure>\n\n\n\n<figure class=\"wp-block-image size-full\"><img decoding=\"async\" width=\"874\" height=\"408\" src=\"https:\/\/gnews.cz\/wp-content\/uploads\/2026\/04\/yitruthg.webp\" alt=\"\" class=\"wp-image-43292\" srcset=\"https:\/\/gnews.cz\/wp-content\/uploads\/2026\/04\/yitruthg.webp 874w, https:\/\/gnews.cz\/wp-content\/uploads\/2026\/04\/yitruthg-300x140.webp 300w, https:\/\/gnews.cz\/wp-content\/uploads\/2026\/04\/yitruthg-768x359.webp 768w, https:\/\/gnews.cz\/wp-content\/uploads\/2026\/04\/yitruthg-18x8.webp 18w, https:\/\/gnews.cz\/wp-content\/uploads\/2026\/04\/yitruthg-585x273.webp 585w\" sizes=\"(max-width: 874px) 100vw, 874px\" \/><\/figure>\n\n\n\n<figure class=\"wp-block-image size-full\"><img decoding=\"async\" width=\"876\" height=\"300\" src=\"https:\/\/gnews.cz\/wp-content\/uploads\/2026\/04\/uzr.webp\" alt=\"\" class=\"wp-image-43293\" srcset=\"https:\/\/gnews.cz\/wp-content\/uploads\/2026\/04\/uzr.webp 876w, https:\/\/gnews.cz\/wp-content\/uploads\/2026\/04\/uzr-300x103.webp 300w, https:\/\/gnews.cz\/wp-content\/uploads\/2026\/04\/uzr-768x263.webp 768w, https:\/\/gnews.cz\/wp-content\/uploads\/2026\/04\/uzr-18x6.webp 18w, https:\/\/gnews.cz\/wp-content\/uploads\/2026\/04\/uzr-585x200.webp 585w\" sizes=\"(max-width: 876px) 100vw, 876px\" \/><\/figure>\n\n\n\n<figure class=\"wp-block-image size-full\"><img loading=\"lazy\" decoding=\"async\" width=\"876\" height=\"503\" src=\"https:\/\/gnews.cz\/wp-content\/uploads\/2026\/04\/zjr.webp\" alt=\"\" class=\"wp-image-43294\" srcset=\"https:\/\/gnews.cz\/wp-content\/uploads\/2026\/04\/zjr.webp 876w, https:\/\/gnews.cz\/wp-content\/uploads\/2026\/04\/zjr-300x172.webp 300w, https:\/\/gnews.cz\/wp-content\/uploads\/2026\/04\/zjr-768x441.webp 768w, https:\/\/gnews.cz\/wp-content\/uploads\/2026\/04\/zjr-18x10.webp 18w, https:\/\/gnews.cz\/wp-content\/uploads\/2026\/04\/zjr-585x336.webp 585w\" sizes=\"(max-width: 876px) 100vw, 876px\" \/><\/figure>\n\n\n\n<p><strong>tradingeconomics.com<\/strong><\/p>\n","protected":false},"excerpt":{"rendered":"<p>P\u0159ehled nejnov\u011bj\u0161\u00edch ekonomick\u00fdch ud\u00e1lost\u00ed v \u010cR Pra\u017esk\u00e1 burza se v \u00fater\u00fd po n\u011bkolika dnech pokles\u016f vr\u00e1tila nad psychologicky d\u016fle\u017eitou hranici 2500 bod\u016f.&hellip;<\/p>\n","protected":false},"author":6,"featured_media":43290,"comment_status":"open","ping_status":"closed","sticky":false,"template":"","format":"standard","meta":{"_acf_changed":false,"_lmt_disableupdate":"","_lmt_disable":"","footnotes":""},"categories":[2968,4,3,2973],"tags":[12134,12129,3119,4920,1000,2318,960,12123,3688,311,12127,4249,12128,3794,12132,46,1157,12133,309,3710,4340,174,12122,760,7469,12125,2198,2190,12126,11028,3546,992,8487,12130,2449,3003,6365,2030,4080,6885,11493,12124,2891,3087,17,4164,38,6836,41,2317,12131],"class_list":["post-43289","post","type-post","status-publish","format-standard","has-post-thumbnail","hentry","category-domaci","category-ekonomika","category-neprehlednete","category-zahranicni","tag-1-dubna-2026","tag-bab-al-mandab","tag-benzin","tag-ceska-ekonomika-2","tag-ceska-narodni-banka","tag-ceska-sporitelna","tag-cez","tag-cheb","tag-cla-2","tag-cnb","tag-coface","tag-csob-2","tag-daimler-truck","tag-denni-shrnuti-ekonomiky","tag-ekonomicke-zpravodajstvi","tag-eu","tag-evropska-komise","tag-hbo-max","tag-hdp","tag-hormuzsky-pruliv","tag-index-px","tag-inflace","tag-investicni-hypoteky","tag-iran-3","tag-kofola","tag-kolejova-doprava","tag-komercni-banka","tag-liberty-ostrava","tag-mercedes-benz-trucks","tag-mol","tag-moneta-money-bank","tag-nafta","tag-netflix","tag-obchodni-napeti","tag-orlen","tag-orlen-unipetrol","tag-pohonne-hmoty","tag-prazska-burza","tag-raiffeisenbank","tag-ropa-brent","tag-ropna-krize","tag-ropovod-tal","tag-saudska-arabie","tag-skoda_group","tag-top","tag-unicredit-bank","tag-usa","tag-warner-bros","tag-world","tag-zahranicni-investice","tag-zakazky"],"acf":[],"aioseo_notices":[],"_links":{"self":[{"href":"https:\/\/gnews.cz\/cs_cz\/wp-json\/wp\/v2\/posts\/43289","targetHints":{"allow":["GET"]}}],"collection":[{"href":"https:\/\/gnews.cz\/cs_cz\/wp-json\/wp\/v2\/posts"}],"about":[{"href":"https:\/\/gnews.cz\/cs_cz\/wp-json\/wp\/v2\/types\/post"}],"author":[{"embeddable":true,"href":"https:\/\/gnews.cz\/cs_cz\/wp-json\/wp\/v2\/users\/6"}],"replies":[{"embeddable":true,"href":"https:\/\/gnews.cz\/cs_cz\/wp-json\/wp\/v2\/comments?post=43289"}],"version-history":[{"count":2,"href":"https:\/\/gnews.cz\/cs_cz\/wp-json\/wp\/v2\/posts\/43289\/revisions"}],"predecessor-version":[{"id":43373,"href":"https:\/\/gnews.cz\/cs_cz\/wp-json\/wp\/v2\/posts\/43289\/revisions\/43373"}],"wp:featuredmedia":[{"embeddable":true,"href":"https:\/\/gnews.cz\/cs_cz\/wp-json\/wp\/v2\/media\/43290"}],"wp:attachment":[{"href":"https:\/\/gnews.cz\/cs_cz\/wp-json\/wp\/v2\/media?parent=43289"}],"wp:term":[{"taxonomy":"category","embeddable":true,"href":"https:\/\/gnews.cz\/cs_cz\/wp-json\/wp\/v2\/categories?post=43289"},{"taxonomy":"post_tag","embeddable":true,"href":"https:\/\/gnews.cz\/cs_cz\/wp-json\/wp\/v2\/tags?post=43289"}],"curies":[{"name":"wp","href":"https:\/\/api.w.org\/{rel}","templated":true}]}}