{"id":43335,"date":"2026-04-01T18:00:00","date_gmt":"2026-04-01T16:00:00","guid":{"rendered":"https:\/\/gnews.cz\/?p=43335"},"modified":"2026-04-01T18:14:26","modified_gmt":"2026-04-01T16:14:26","slug":"britanie-se-odvraci-od-usa-a-hleda-nove-spojenectvi-s-eu","status":"publish","type":"post","link":"https:\/\/gnews.cz\/cs_cz\/neprehlednete\/britanie-se-odvraci-od-usa-a-hleda-nove-spojenectvi-s-eu\/","title":{"rendered":"Brit\u00e1nie se odvrac\u00ed od USA a hled\u00e1 nov\u00e9 spojenectv\u00ed s EU"},"content":{"rendered":"\n<p><strong>Britsk\u00fd premi\u00e9r Keir Starmer prohl\u00e1sil, \u017ee dlouhodob\u00e9 n\u00e1rodn\u00ed z\u00e1jmy Spojen\u00e9ho kr\u00e1lovstv\u00ed vy\u017eaduj\u00ed u\u017e\u0161\u00ed partnerstv\u00ed s Evropskou uni\u00ed. Ve sv\u00e9m projevu p\u0159ed Downing Street se odvolal na v\u00e1lku na Bl\u00edzk\u00e9m v\u00fdchod\u011b a st\u00e1le nestabiln\u011bj\u0161\u00ed mezin\u00e1rodn\u00ed situaci jako na d\u016fvody pro ambici\u00f3zn\u011bj\u0161\u00ed spolupr\u00e1ci s Evropou \u2013 jak v oblasti obrany, tak ekonomiky, uvedl The Guardian.<\/strong><\/p>\n\n\n\n<p>Starmer ozn\u00e1mil, \u017ee ministr zahrani\u010d\u00ed tento t\u00fdden svol\u00e1 sch\u016fzku spojeneck\u00fdch zem\u00ed, kter\u00e1 se zam\u011b\u0159\u00ed na odblokov\u00e1n\u00ed strategick\u00e9 Hormuzsk\u00e9 \u00fa\u017einy. <em>\u201ePo tomto setk\u00e1n\u00ed p\u0159izveme vojensk\u00e9 pl\u00e1nova\u010de, abychom zjistili, jak lze \u00fa\u017einu po skon\u010den\u00ed boj\u016f zp\u0159\u00edstupnit. Mus\u00edm b\u00fdt up\u0159\u00edmn\u00fd \u2013 nebude to snadn\u00e9,&#8220; <\/em>\u0159ekl premi\u00e9r.<\/p>\n\n\n\n<blockquote class=\"wp-block-quote is-layout-flow wp-block-quote-is-layout-flow\">\n<p>Nejz\u0159eteln\u011bj\u0161\u00edm sign\u00e1lem odklonu od Washingtonu bylo Starmerovo vyj\u00e1d\u0159en\u00ed o budoucnosti Brit\u00e1nie jako sou\u010d\u00e1sti evropsk\u00e9ho prostoru, a to t\u011bsn\u011b p\u0159ed chystan\u00fdm summitem s EU. <em>\u201eBrexit hluboce po\u0161kodil na\u0161i ekonomiku. P\u0159\u00edle\u017eitosti pos\u00edlit bezpe\u010dnost a sn\u00ed\u017eit \u017eivotn\u00ed n\u00e1klady jsou p\u0159\u00edli\u0161 velk\u00e9, abychom je ignorovali,&#8220; <\/em>prohl\u00e1sil.<\/p>\n<\/blockquote>\n\n\n\n<p>Na nadch\u00e1zej\u00edc\u00edm summitu chce britsk\u00e1 vl\u00e1da j\u00edt d\u00e1l ne\u017e jen potvrdit lo\u0148sk\u00e9 z\u00e1vazky. <em>\u201eChceme b\u00fdt ambici\u00f3zn\u011bj\u0161\u00ed \u2013 hlub\u0161\u00ed ekonomick\u00e1 spolupr\u00e1ce, hlub\u0161\u00ed bezpe\u010dnostn\u00ed spolupr\u00e1ce, partnerstv\u00ed, kter\u00e9 odr\u00e1\u017e\u00ed na\u0161e spole\u010dn\u00e9 hodnoty a spole\u010dnou budoucnost,&#8220;<\/em> zd\u016fraznil Starmer.<\/p>\n\n\n\n<p>Na ot\u00e1zku novin\u00e1\u0159\u016f, zda za t\u00edmto obratem stoj\u00ed jeho zhor\u0161uj\u00edc\u00ed se vztah s Donaldem Trumpem \u2013 kter\u00fd Brit\u00e1nii i jeho osobu opakovan\u011b kritizuje a zva\u017euje odchod USA z NATO \u2013 premi\u00e9r odpov\u011bd\u011bl, \u017ee jedn\u00e1 v\u00fdhradn\u011b v britsk\u00e9m n\u00e1rodn\u00edm z\u00e1jmu. <em>\u201eA\u0165 je jak\u00fdkoli tlak nebo hluk, budu se \u0159\u00eddit t\u00edm, co je pro Brit\u00e1nii nejlep\u0161\u00ed.&#8220;<\/em><\/p>\n\n\n\n<blockquote class=\"wp-block-quote is-layout-flow wp-block-quote-is-layout-flow\">\n<p>Starmer rovn\u011b\u017e nazna\u010dil ochotu prohloubit spolupr\u00e1ci v r\u00e1mci jednotn\u00e9ho trhu, p\u0159i\u010dem\u017e trval na tom, \u017ee to nen\u00ed v rozporu s volebn\u00edmi z\u00e1vazky Labouristick\u00e9 strany.<\/p>\n<\/blockquote>\n\n\n\n<p>Opozice reagovala rozd\u011blen\u011b. Konzervativci a hnut\u00ed Reform UK projev kritizovali, p\u0159i\u010dem\u017e Reform UK ozna\u010dilo sbli\u017eov\u00e1n\u00ed s EU za <em>\u201esm\u011b\u0161n\u00e9&#8220;<\/em>. Liber\u00e1ln\u00ed demokrat\u00e9 naopak p\u0159iv\u00edtali to, co nazvali <em>\u201eopo\u017ed\u011bn\u00fdm p\u0159izn\u00e1n\u00edm pravdy&#8220;<\/em> o n\u00e1kladech brexitu, a vyzvali vl\u00e1du k jedn\u00e1n\u00ed o celn\u00ed unii.<\/p>\n\n\n\n<p><strong>gnews.cz &#8211; GH<\/strong><\/p>\n","protected":false},"excerpt":{"rendered":"<p>Britsk\u00fd premi\u00e9r Keir Starmer prohl\u00e1sil, \u017ee dlouhodob\u00e9 n\u00e1rodn\u00ed z\u00e1jmy Spojen\u00e9ho kr\u00e1lovstv\u00ed vy\u017eaduj\u00ed u\u017e\u0161\u00ed partnerstv\u00ed s Evropskou uni\u00ed. Ve sv\u00e9m projevu p\u0159ed Downing&hellip;<\/p>\n","protected":false},"author":6,"featured_media":23007,"comment_status":"open","ping_status":"closed","sticky":false,"template":"","format":"standard","meta":{"_acf_changed":false,"_lmt_disableupdate":"","_lmt_disable":"","footnotes":""},"categories":[3,7,2973],"tags":[446,12146,12149,496,4094,12147,12148,1220,56,1950,17,41],"class_list":["post-43335","post","type-post","status-publish","format-standard","has-post-thumbnail","hentry","category-neprehlednete","category-politika","category-zahranicni","tag-brexit","tag-britska-zahranicni-politika","tag-britsko-evropsky-summit","tag-donald-trump","tag-evropska-unie","tag-hormuzska-uzina","tag-jednotny-trh","tag-keir-starmer","tag-nato","tag-obrana","tag-top","tag-world"],"acf":[],"aioseo_notices":[],"_links":{"self":[{"href":"https:\/\/gnews.cz\/cs_cz\/wp-json\/wp\/v2\/posts\/43335","targetHints":{"allow":["GET"]}}],"collection":[{"href":"https:\/\/gnews.cz\/cs_cz\/wp-json\/wp\/v2\/posts"}],"about":[{"href":"https:\/\/gnews.cz\/cs_cz\/wp-json\/wp\/v2\/types\/post"}],"author":[{"embeddable":true,"href":"https:\/\/gnews.cz\/cs_cz\/wp-json\/wp\/v2\/users\/6"}],"replies":[{"embeddable":true,"href":"https:\/\/gnews.cz\/cs_cz\/wp-json\/wp\/v2\/comments?post=43335"}],"version-history":[{"count":1,"href":"https:\/\/gnews.cz\/cs_cz\/wp-json\/wp\/v2\/posts\/43335\/revisions"}],"predecessor-version":[{"id":43338,"href":"https:\/\/gnews.cz\/cs_cz\/wp-json\/wp\/v2\/posts\/43335\/revisions\/43338"}],"wp:featuredmedia":[{"embeddable":true,"href":"https:\/\/gnews.cz\/cs_cz\/wp-json\/wp\/v2\/media\/23007"}],"wp:attachment":[{"href":"https:\/\/gnews.cz\/cs_cz\/wp-json\/wp\/v2\/media?parent=43335"}],"wp:term":[{"taxonomy":"category","embeddable":true,"href":"https:\/\/gnews.cz\/cs_cz\/wp-json\/wp\/v2\/categories?post=43335"},{"taxonomy":"post_tag","embeddable":true,"href":"https:\/\/gnews.cz\/cs_cz\/wp-json\/wp\/v2\/tags?post=43335"}],"curies":[{"name":"wp","href":"https:\/\/api.w.org\/{rel}","templated":true}]}}