{"id":43343,"date":"2026-04-02T04:00:00","date_gmt":"2026-04-02T02:00:00","guid":{"rendered":"https:\/\/gnews.cz\/?p=43343"},"modified":"2026-04-01T18:23:18","modified_gmt":"2026-04-01T16:23:18","slug":"cinska-high-tech-odvetvi-zaznamenala-v-1-ctvrtleti-robustni-rust-ukazuji-danove-udaje","status":"publish","type":"post","link":"https:\/\/gnews.cz\/cs_cz\/ekonomika\/cinska-high-tech-odvetvi-zaznamenala-v-1-ctvrtleti-robustni-rust-ukazuji-danove-udaje\/","title":{"rendered":"\u010c\u00ednsk\u00e1 high-tech odv\u011btv\u00ed zaznamenala v 1. \u010dtvrtlet\u00ed robustn\u00ed r\u016fst, ukazuj\u00ed da\u0148ov\u00e9 \u00fadaje"},"content":{"rendered":"\n<p><strong>\u010c\u00ednsk\u00e1 ekonomika si na za\u010d\u00e1tku roku 2026 udr\u017euje stabiln\u00ed tempo a z\u00e1rove\u0148 zrychluje v oblasti inovac\u00ed. Nazna\u010duj\u00ed to nejnov\u011bj\u0161\u00ed da\u0148ov\u00e1 data, podle nich\u017e v\u00fdrazn\u011b rostou tr\u017eby v high-tech odv\u011btv\u00edch.<\/strong><\/p>\n\n\n\n<p>V obdob\u00ed od 1. ledna do 25. b\u0159ezna vzrostly tr\u017eby t\u011bchto odv\u011btv\u00ed meziro\u010dn\u011b o 14,6 %. Zvl\u00e1\u0161\u0165 siln\u00fd v\u00fdkon podaly jak high-tech v\u00fdrobn\u00ed firmy, jejich\u017e tr\u017eby stouply o 12,7 %, tak i technologick\u00e9 slu\u017eby s r\u016fstem o 15,8 %.<\/p>\n\n\n\n<p>Velkou roli v tomto v\u00fdvoji hraje rostouc\u00ed popt\u00e1vka po um\u011bl\u00e9 inteligenci a v\u00fdpo\u010detn\u00edm v\u00fdkonu. Pr\u00e1v\u011b ta stoj\u00ed za prudk\u00fdm r\u016fstem tr\u017eeb v oblasti n\u00e1vrhu a v\u00fdroby integrovan\u00fdch obvod\u016f.<\/p>\n\n\n\n<p>Pozitivn\u00ed v\u00fdvoj je patrn\u00fd i v \u0161ir\u0161\u00edm pr\u016fmyslu. Tr\u017eby ve v\u00fdrobn\u00edm sektoru se zv\u00fd\u0161ily o 5,4 %, p\u0159i\u010dem\u017e v\u00fdroba stroj\u016f a za\u0159\u00edzen\u00ed rostla je\u0161t\u011b rychleji, konkr\u00e9tn\u011b o 6,3 %.<\/p>\n\n\n\n<p>Data z\u00e1rove\u0148 ukazuj\u00ed, \u017ee \u010c\u00edna d\u00e1l zrychluje svou ekologickou transformaci. Tr\u017eby v odv\u011btv\u00ed ochrany \u017eivotn\u00edho prost\u0159ed\u00ed meziro\u010dn\u011b vzrostly o 9,6 %. V\u00fdznamn\u011b posiluje i v\u00fdroba \u010dist\u00e9 energie, kter\u00e1 u\u017e tvo\u0159\u00ed 36,3 % celkov\u00fdch tr\u017eeb z prodeje elekt\u0159iny, co\u017e je o 4,5 procentn\u00edho bodu v\u00edce ne\u017e p\u0159ed rokem.<\/p>\n\n\n\n<p><strong><a href=\"https:\/\/czech.cri.cn\/2026\/04\/01\/ARTI1775045341587875\" title=\"\">CMG<\/a><\/strong><\/p>\n","protected":false},"excerpt":{"rendered":"<p>\u010c\u00ednsk\u00e1 ekonomika si na za\u010d\u00e1tku roku 2026 udr\u017euje stabiln\u00ed tempo a z\u00e1rove\u0148 zrychluje v oblasti inovac\u00ed. Nazna\u010duj\u00ed to nejnov\u011bj\u0161\u00ed da\u0148ov\u00e1 data, podle&hellip;<\/p>\n","protected":false},"author":6,"featured_media":43344,"comment_status":"open","ping_status":"closed","sticky":false,"template":"","format":"standard","meta":{"_acf_changed":false,"_lmt_disableupdate":"","_lmt_disable":"","footnotes":""},"categories":[4,2973],"tags":[8564,8646,18,12150,614],"class_list":["post-43343","post","type-post","status-publish","format-standard","has-post-thumbnail","hentry","category-ekonomika","category-zahranicni","tag-cinska-ekonomika-2","tag-cista-energie-2","tag-cmg","tag-high-tech-prumysl","tag-umela-inteligence"],"acf":[],"aioseo_notices":[],"_links":{"self":[{"href":"https:\/\/gnews.cz\/cs_cz\/wp-json\/wp\/v2\/posts\/43343","targetHints":{"allow":["GET"]}}],"collection":[{"href":"https:\/\/gnews.cz\/cs_cz\/wp-json\/wp\/v2\/posts"}],"about":[{"href":"https:\/\/gnews.cz\/cs_cz\/wp-json\/wp\/v2\/types\/post"}],"author":[{"embeddable":true,"href":"https:\/\/gnews.cz\/cs_cz\/wp-json\/wp\/v2\/users\/6"}],"replies":[{"embeddable":true,"href":"https:\/\/gnews.cz\/cs_cz\/wp-json\/wp\/v2\/comments?post=43343"}],"version-history":[{"count":1,"href":"https:\/\/gnews.cz\/cs_cz\/wp-json\/wp\/v2\/posts\/43343\/revisions"}],"predecessor-version":[{"id":43345,"href":"https:\/\/gnews.cz\/cs_cz\/wp-json\/wp\/v2\/posts\/43343\/revisions\/43345"}],"wp:featuredmedia":[{"embeddable":true,"href":"https:\/\/gnews.cz\/cs_cz\/wp-json\/wp\/v2\/media\/43344"}],"wp:attachment":[{"href":"https:\/\/gnews.cz\/cs_cz\/wp-json\/wp\/v2\/media?parent=43343"}],"wp:term":[{"taxonomy":"category","embeddable":true,"href":"https:\/\/gnews.cz\/cs_cz\/wp-json\/wp\/v2\/categories?post=43343"},{"taxonomy":"post_tag","embeddable":true,"href":"https:\/\/gnews.cz\/cs_cz\/wp-json\/wp\/v2\/tags?post=43343"}],"curies":[{"name":"wp","href":"https:\/\/api.w.org\/{rel}","templated":true}]}}