{"id":43349,"date":"2026-04-02T07:00:00","date_gmt":"2026-04-02T05:00:00","guid":{"rendered":"https:\/\/gnews.cz\/?p=43349"},"modified":"2026-04-27T14:07:10","modified_gmt":"2026-04-27T12:07:10","slug":"andrej-babis-rozdrtil-lhare-z-ceskych-medii-petr-holec-se-ostre-vymezil-proti-fialove-nutellovemu-trapasu-ponizeni-petra-pavla-a-populisticka-pomsta-petr-holec-zive-267-1-4-20","status":"publish","type":"post","link":"https:\/\/gnews.cz\/cs_cz\/neprehlednete\/andrej-babis-rozdrtil-lhare-z-ceskych-medii-petr-holec-se-ostre-vymezil-proti-fialove-nutellovemu-trapasu-ponizeni-petra-pavla-a-populisticka-pomsta-petr-holec-zive-267-1-4-20\/","title":{"rendered":"Andrej Babi\u0161 rozdrtil lh\u00e1\u0159e z \u010desk\u00fdch m\u00e9di\u00ed: Petr Holec se ost\u0159e vymezil proti Fialov\u011b \u201enutellov\u00e9mu\u201c trapasu, pon\u00ed\u017een\u00ed Petra Pavla a populistick\u00e1 pomsta (Petr Holec \u017eiv\u011b #267)"},"content":{"rendered":"\n<p><strong>V ost\u0159e kritick\u00e9m videu na YouTube kan\u00e1le Xaver Live \u010desk\u00fd koment\u00e1tor mistr Petr Holec oslavuje volebn\u00ed triumf Andreje Babi\u0161e nad \u201emedi\u00e1ln\u00edmi lh\u00e1\u0159i\u201c, zesm\u011b\u0161\u0148uje b\u00fdval\u00e9ho premi\u00e9ra Petra Fialu jako \u201eprofesora Nutellu\u201c a chv\u00e1l\u00ed ministra zahrani\u010d\u00ed Petra Macinku za to, jak dal na frak prezidentovi Petru Pavlovi. Tento energick\u00fd d\u00edl \u010d. 267 odhaluje skand\u00e1ly s pohonn\u00fdmi hmotami, zaujat\u00e9 vys\u00edl\u00e1n\u00ed a populistickou zu\u0159ivost \u2013 pro\u010d medi\u00e1ln\u00ed v\u00e1lka v \u010cesk\u00e9 republice signalizuje glob\u00e1ln\u00ed odpor proti manipulaci elit.<\/strong><\/p>\n\n\n\n<p>Ve vzru\u0161uj\u00edc\u00edm sv\u011bt\u011b \u010desk\u00e9 politiky, kde miliard\u00e1\u0159i sv\u00e1d\u011bj\u00ed souboje s byrokraty a vir\u00e1ln\u00ed videa svrh\u00e1vaj\u00ed tyrany, je nejnov\u011bj\u0161\u00ed video <strong>Petra Holce<\/strong> na YouTube (\u010d. 267 z 1. dubna 2026) sudem st\u0159eln\u00e9ho prachu pln\u00fdm sarkasmu, \u0161kodolibosti a nezkreslen\u00fdch pravdiv\u00fdch bomb. Ve v\u00edce ne\u017e hodinov\u00e9m \u017eiv\u00e9m vys\u00edl\u00e1n\u00ed Holec \u2013 ost\u0159e mluv\u00edc\u00ed pravicov\u00fd radik\u00e1l \u2013 rozeb\u00edr\u00e1 z\u00e1sadn\u00ed zm\u011bnu, ke kter\u00e9 do\u0161lo pot\u00e9, co se strana ANO Andreje Babi\u0161e v z\u00e1v\u011bru voleb v roce 2025 vr\u00e1tila k moci a ukon\u010dila tak \u010dty\u0159let\u00e9 vl\u00e1dnut\u00ed st\u0159edopravicov\u00e9 koalice Petra Fialy. Pro div\u00e1ky, kte\u0159\u00ed sleduj\u00ed toto drama, je to mistrovsk\u00e1 lekce populistick\u00e9 pomsty: Babi\u0161 \u201eusadil lh\u00e1\u0159e z m\u00e9di\u00ed\u201c, Macinka pon\u00ed\u017eil Pavl\u016fv nejbli\u017e\u0161\u00ed okruh a \u201eprofesor Nutella\u201c zah\u00e1jil svou dlouho o\u010dek\u00e1vanou \u201el\u00e9\u010dbu\u201c \u2013 ve\u0159ejn\u00e9 zesm\u011b\u0161\u0148ov\u00e1n\u00ed jako terapie.<\/p>\n\n\n\n<p>Holcova teze je k\u0159i\u0161\u0165\u00e1lov\u011b jasn\u00e1 a naka\u017eliv\u011b energick\u00e1: Odch\u00e1zej\u00edc\u00ed Fial\u016fv \u201ere\u017eim\u201c byl klaunskou show cenzury, inflace a medi\u00e1ln\u00ed komplice, kter\u00e1 promarnila milion hlas\u016f, zat\u00edmco Babi\u0161ova koalice z\u00edskala volebn\u00ed v\u011bt\u0161inu. Nyn\u00ed, s Babi\u0161em u kormidla, nastal \u010das odplaty proti pra\u017esk\u00e9 \u201en\u00e1rodn\u00ed medi\u00e1ln\u00ed front\u011b\u201c \u2013 ve\u0159ejnopr\u00e1vn\u00ed \u010cesk\u00e9 televizi (\u010cT), Seznamu Zpr\u00e1vy a Novink\u00e1m.cz \u2013 kter\u00e1 l\u00e9ta \u0161\u00ed\u0159ila l\u017ei.<\/p>\n\n\n\n<figure class=\"wp-block-image size-large\"><img fetchpriority=\"high\" decoding=\"async\" width=\"1024\" height=\"574\" src=\"https:\/\/gnews.cz\/wp-content\/uploads\/2026\/04\/holec5-1024x574.webp\" alt=\"\" class=\"wp-image-43352\" srcset=\"https:\/\/gnews.cz\/wp-content\/uploads\/2026\/04\/holec5-1024x574.webp 1024w, https:\/\/gnews.cz\/wp-content\/uploads\/2026\/04\/holec5-300x168.webp 300w, https:\/\/gnews.cz\/wp-content\/uploads\/2026\/04\/holec5-768x431.webp 768w, https:\/\/gnews.cz\/wp-content\/uploads\/2026\/04\/holec5-18x10.webp 18w, https:\/\/gnews.cz\/wp-content\/uploads\/2026\/04\/holec5-1170x656.webp 1170w, https:\/\/gnews.cz\/wp-content\/uploads\/2026\/04\/holec5-585x328.webp 585w, https:\/\/gnews.cz\/wp-content\/uploads\/2026\/04\/holec5.webp 1500w\" sizes=\"(max-width: 1024px) 100vw, 1024px\" \/><\/figure>\n\n\n\n<p>Oh\u0148ostroj za\u010d\u00edn\u00e1 p\u0159ipomenut\u00edm Fialov\u00fdm \u201elegend\u00e1rn\u00edm\u201c videem s Nutellou, vir\u00e1ln\u00edm fiaskem, ve kter\u00e9m se b\u00fdval\u00fd premi\u00e9r s br\u00fdlemi nat\u00e1\u010d\u00ed jako \u201einspektor Clouseau\u201c u Babi\u0161ovy \u010derpac\u00ed stanice a kritizuje \u201ezlod\u011bjsk\u00e9 ceny\u201c. Realita je takov\u00e1: ceny byly pr\u016fm\u011brn\u00e9 nebo ni\u017e\u0161\u00ed. Holec propukne v sm\u00edch: \u201ePetr Fiala je u\u017e v takov\u00e9 f\u00e1zi \u0161\u00edlenstv\u00ed&#8230; vyraz\u00ed do Pr\u016fhonic na pumpu Andreje Babi\u0161e a zjist\u00ed co? \u017de Andrej Babi\u0161 prod\u00e1v\u00e1 benz\u00edn za norm\u00e1ln\u00ed cenu!\u201c Holec div\u00e1k\u016fm uk\u00e1zal fotku: Fiala u \u010derpac\u00ed stanice s rohl\u00edkem, sklenic\u00ed Nutelly a no\u017eem, s vtipnou pozn\u00e1mkou: \u201eJ\u00e1 tam postr\u00e1d\u00e1m ke\u010dup je\u0161t\u011b\u201c. Poslanec ODS Martin Cvr\u010dek to trefil p\u0159esn\u011b: \u201eA\u0165 u\u017e Fiala ml\u010d\u00ed&#8230; tot\u00e1ln\u00ed V\u00e1clav Klaus syndr\u00f3m\u201c. Holec naz\u00fdv\u00e1 Fialu \u201ehrobn\u00edkem\u201c ODS. Odkazuje na jeho ustupuj\u00edc\u00ed transplantaci vlas\u016f a transformaci na Petru Fiala 3.0 \u2013 vizu\u00e1ln\u00ed metafora pro jeho politick\u00fd dojezd (tvrd\u00e9 p\u0159ist\u00e1n\u00ed).<\/p>\n\n\n\n<figure class=\"wp-block-image size-large\"><img decoding=\"async\" width=\"1024\" height=\"574\" src=\"https:\/\/gnews.cz\/wp-content\/uploads\/2026\/04\/holec4nutellier-1024x574.webp\" alt=\"\" class=\"wp-image-43351\" srcset=\"https:\/\/gnews.cz\/wp-content\/uploads\/2026\/04\/holec4nutellier-1024x574.webp 1024w, https:\/\/gnews.cz\/wp-content\/uploads\/2026\/04\/holec4nutellier-300x168.webp 300w, https:\/\/gnews.cz\/wp-content\/uploads\/2026\/04\/holec4nutellier-768x431.webp 768w, https:\/\/gnews.cz\/wp-content\/uploads\/2026\/04\/holec4nutellier-18x10.webp 18w, https:\/\/gnews.cz\/wp-content\/uploads\/2026\/04\/holec4nutellier-1170x656.webp 1170w, https:\/\/gnews.cz\/wp-content\/uploads\/2026\/04\/holec4nutellier-585x328.webp 585w, https:\/\/gnews.cz\/wp-content\/uploads\/2026\/04\/holec4nutellier.webp 1500w\" sizes=\"(max-width: 1024px) 100vw, 1024px\" \/><\/figure>\n\n\n\n<p>Ceny pohonn\u00fdch hmot kradou pozornost a m\u00eds\u00ed ekonomiku s pobou\u0159en\u00edm. Data EU od ekonoma Luk\u00e1\u0161e Kovandy odhaluj\u00ed, \u017ee cena nafty v \u010cesk\u00e9 republice vysko\u010dila o 26 % uprost\u0159ed nap\u011bt\u00ed v Persk\u00e9m z\u00e1livu, co\u017e zasti\u0148uje 4% n\u00e1r\u016fst na Slovensku nebo 1\u20132 % v Chorvatsku \u2013 \u201e\u010cesko-vyd\u0159idu\u0161sk\u00e1 zem\u011b\u201c. Vinu nesou distributo\u0159i; Babi\u0161ova hrozba omezen\u00edm mar\u017e\u00ed p\u0159es noc srazila ceny na d\u00e1lnic\u00edch. Holec kritizuje Fialovo d\u011bdictv\u00ed 40% inflace: \u201e50 K\u010d dnes \u2260 50 K\u010d v roce 2022.\u201c Medi\u00e1ln\u00ed duchov\u00e9? \u201eKde jsou na\u0161e m\u00e9dia?\u201c P\u0159ich\u00e1zej\u00ed paralely se Zelensk\u00fdm: Ropn\u00e9 futures na 80 USD za barel pro rok 2027 signalizuj\u00ed konec v\u00e1lky, proto\u017ee USA zastavuj\u00ed pomoc a Ma\u010farsko blokuje p\u016fj\u010dky EU kv\u016fli spor\u016fm s Orb\u00e1nem. Holec si utahuje ze Zelensk\u00e9ho platu 14 000 dolar\u016f: \u201eAha, tak proto chod\u00ed po\u0159\u00e1d a jezd\u00ed po sv\u011bt\u011b v t\u011bch tepl\u00e1k\u00e1ch<a>&#8230;<\/a>\u201c<\/p>\n\n\n\n<figure class=\"wp-block-image size-large\"><img decoding=\"async\" width=\"1024\" height=\"575\" src=\"https:\/\/gnews.cz\/wp-content\/uploads\/2026\/04\/holec1-1024x575.webp\" alt=\"\" class=\"wp-image-43353\" srcset=\"https:\/\/gnews.cz\/wp-content\/uploads\/2026\/04\/holec1-1024x575.webp 1024w, https:\/\/gnews.cz\/wp-content\/uploads\/2026\/04\/holec1-300x168.webp 300w, https:\/\/gnews.cz\/wp-content\/uploads\/2026\/04\/holec1-768x431.webp 768w, https:\/\/gnews.cz\/wp-content\/uploads\/2026\/04\/holec1-18x10.webp 18w, https:\/\/gnews.cz\/wp-content\/uploads\/2026\/04\/holec1-1170x657.webp 1170w, https:\/\/gnews.cz\/wp-content\/uploads\/2026\/04\/holec1-585x328.webp 585w, https:\/\/gnews.cz\/wp-content\/uploads\/2026\/04\/holec1.webp 1500w\" sizes=\"(max-width: 1024px) 100vw, 1024px\" \/><\/figure>\n\n\n\n<p>Prezidentovi Petru Pavlovi se neda\u0159\u00ed o nic l\u00e9pe. Holec si libuje v ledov\u00e9m pok\u00e1r\u00e1n\u00ed ministra zahrani\u010d\u00ed Petra Macinky: \u201eN\u00e1zory prezidenta nejsou relevantn\u00ed&#8230; Zahrani\u010dn\u00ed politiku ur\u010duje vl\u00e1da\u201c. Tato \u201espl\u00e1tka\u201c za Pavlovo odm\u00edtnut\u00ed jmenovat Filipa Turka n\u00e1sleduje po \u00faniku nahr\u00e1vky hovoru mezi Ma\u010farskem a Ruskem, v n\u011bm\u017e ministr zahrani\u010d\u00ed Szijj\u00e1rt\u00f3 kritizuje Pavlovu minulost: \u201eSe svou minulost\u00ed si nem\u00e1 v\u016fbec co vyskakovat\u201c. Koali\u010dn\u00ed n\u00e1vrhy z\u00e1kon\u016f omezuj\u00ed Pavlovy pravomoci v oblasti jmenov\u00e1n\u00ed velvyslanc\u016f, \u010d\u00edm\u017e odhaluj\u00ed pokrytectv\u00ed odborn\u00edk\u016f: &#8222;Kdy\u017e on nejmenoval&#8230; nepov\u011b\u0159uje&#8220; (Pokud nejmenoval, nebude akreditovat).<\/p>\n\n\n\n<figure class=\"wp-block-image size-large\"><img loading=\"lazy\" decoding=\"async\" width=\"1024\" height=\"574\" src=\"https:\/\/gnews.cz\/wp-content\/uploads\/2026\/04\/holec2-1024x574.webp\" alt=\"\" class=\"wp-image-43354\" srcset=\"https:\/\/gnews.cz\/wp-content\/uploads\/2026\/04\/holec2-1024x574.webp 1024w, https:\/\/gnews.cz\/wp-content\/uploads\/2026\/04\/holec2-300x168.webp 300w, https:\/\/gnews.cz\/wp-content\/uploads\/2026\/04\/holec2-768x431.webp 768w, https:\/\/gnews.cz\/wp-content\/uploads\/2026\/04\/holec2-18x10.webp 18w, https:\/\/gnews.cz\/wp-content\/uploads\/2026\/04\/holec2-1170x656.webp 1170w, https:\/\/gnews.cz\/wp-content\/uploads\/2026\/04\/holec2-585x328.webp 585w, https:\/\/gnews.cz\/wp-content\/uploads\/2026\/04\/holec2.webp 1500w\" sizes=\"(max-width: 1024px) 100vw, 1024px\" \/><\/figure>\n\n\n\n<p>\u010cesk\u00e1 televize se st\u00e1v\u00e1 ve\u0159ejn\u00fdm nep\u0159\u00edtelem \u010d. 1 \u2013 \u201el\u00edhn\u00ed\u201c ideolog\u016f, jako jsou Daniel Tak\u00e1\u010d (\u201einkvizitor\u201c), Lubo\u0161 Seda, \u201euplakan\u00fd Va\u0161ek hlodavec\u201c, Jan Mol\u00e1\u010dek a Tom\u00e1\u0161 Etzler (\u201ed\u00e9mon a \u010f\u00e1bel\u201c). Holec nal\u00e9h\u00e1 na zru\u0161en\u00ed: \u201eVypn\u011bme \u010deskou televizi, tak si stra\u0161n\u011b pom\u016f\u017eeme&#8230; u\u0161et\u0159\u00edme 7 miliard\u201c. Vzor slovensk\u00e9ho premi\u00e9ra Roberta Fica? Odm\u00edtnout ocen\u011bn\u00ed aktivist\u016f; privatizovat \u201eza vlastn\u00ed prachy\u201c. Viraln\u00ed klipy zesiluj\u00ed: Petr Pavel ignorov\u00e1n u \u010derpac\u00edch stanic \u201ejak k\u016fl v plot\u011b\u201c; chlap\u00edk z tajn\u00e9 slu\u017eby tou\u017e\u00edc\u00ed po obdivu uprost\u0159ed ticha.<\/p>\n\n\n\n<figure class=\"wp-block-image size-large\"><img loading=\"lazy\" decoding=\"async\" width=\"1024\" height=\"574\" src=\"https:\/\/gnews.cz\/wp-content\/uploads\/2026\/04\/holec3-1024x574.webp\" alt=\"\" class=\"wp-image-43355\" srcset=\"https:\/\/gnews.cz\/wp-content\/uploads\/2026\/04\/holec3-1024x574.webp 1024w, https:\/\/gnews.cz\/wp-content\/uploads\/2026\/04\/holec3-300x168.webp 300w, https:\/\/gnews.cz\/wp-content\/uploads\/2026\/04\/holec3-768x431.webp 768w, https:\/\/gnews.cz\/wp-content\/uploads\/2026\/04\/holec3-18x10.webp 18w, https:\/\/gnews.cz\/wp-content\/uploads\/2026\/04\/holec3-1170x656.webp 1170w, https:\/\/gnews.cz\/wp-content\/uploads\/2026\/04\/holec3-585x328.webp 585w, https:\/\/gnews.cz\/wp-content\/uploads\/2026\/04\/holec3.webp 1500w\" sizes=\"(max-width: 1024px) 100vw, 1024px\" \/><\/figure>\n\n\n\n<p>Holc\u016fv stream vzkv\u00e9t\u00e1 d\u00edky interaktivit\u011b: velikono\u010dn\u00ed r\u00fdmy si utahuj\u00ed z opozi\u010dn\u00edch \u201echvilka\u0159\u016f\u201c ve stanech. Form\u00e1t bez host\u016f pulzuje Holcov\u00fdm charismatem \u2013 sm\u00edch nad parodi\u00ed na Fialu (\u201eMy jsme Petr Fiala&#8230; bojovat za Bibli\u201c). Dal\u0161\u00ed slova zas\u00e1hla \u201eparazita Kupku\u201c ze STAN, bludy ODS o \u201eb\u00edl\u00fdch tenisk\u00e1ch\u201c a skand\u00e1ly s dozimetry, do nich\u017e je zapleten Raku\u0161an. NATO? \u010cesko spl\u0148uje 2 % HDP, na rozd\u00edl od opozdilc\u016f. Zelen\u00e1 dohoda EU? \u201eTrumfuje i komunisty\u201c (hor\u0161\u00ed ne\u017e komunist\u00e9). Holec p\u0159edpov\u00edd\u00e1 \u00fapadek mainstreamov\u00fdch m\u00e9di\u00ed: \u201eBudou ztr\u00e1cet div\u00e1ky&#8230; budou p\u0159ech\u00e1zet k n\u00e1m\u201c. D\u016fv\u011bra v m\u00e9dia kles\u00e1 (\u010cesko odr\u00e1\u017e\u00ed glob\u00e1ln\u00ed pr\u016fzkumy na ~30 %), elity \u010del\u00ed vzpour\u00e1m voli\u010d\u016f (ozv\u011bny Trumpa) a vl\u00e1dne odpov\u011bdnost. Babi\u0161ovy otev\u0159en\u00e9 dopisy odhaluj\u00ed zvraty \u2013 jako zdvo\u0159il\u00e9 \u017e\u00e1dosti o vlajky, kter\u00e9 se prezentuj\u00ed jako \u201erozkazy\u201c. \u201eA\u0165 v tom pokra\u010duje&#8230; usv\u011bd\u010duje pra\u017eskou n\u00e1rodn\u00ed medi\u00e1ln\u00ed frontu ze l\u017e\u00ed\u201c.<\/p>\n\n\n\n<p>Jak Holec na z\u00e1v\u011br \u0159\u00edk\u00e1 \u2013 \u201eD\u00edky za v\u0161echno&#8230; M\u011bjte se co nejl\u00edp\u201c \u2013 epizoda \u010d. 267 nen\u00ed jen koment\u00e1\u0159em; je to bojov\u00fd pok\u0159ik. V nestabiln\u00ed situaci roku 2026 varuje m\u00e9dia v \u010cesk\u00e9 republice: <strong>L\u017eete p\u0159\u00edli\u0161 dlouho a lid\u00e9 vzty\u010d\u00ed sv\u00e9 vlastn\u00ed vlajky. <\/strong>Sledujte to: \u010cist\u00fd adrenalin pro politick\u00e9 nad\u0161ence.<\/p>\n\n\n\n<p><strong>gnews.cz \u2013 GH<\/strong><\/p>\n\n\n\n<p><\/p>\n\n\n\n<p>Na cel\u00e9 video se m\u016f\u017eete pod\u00edvat zde: <a href=\"https:\/\/www.youtube.com\/live\/fwvOb5xEbS0?si=DICSKmTArG5i3xoW\"><strong>https:\/\/www.youtube.com\/live\/fwvOb5xEbS0?si=DICSKmTArG5i3xoW<\/strong><\/a><\/p>\n\n\n\n<figure class=\"wp-block-image size-large\"><a href=\"https:\/\/www.youtube.com\/live\/fwvOb5xEbS0?si=DICSKmTArG5i3xoW\" target=\"_blank\" rel=\" noreferrer noopener\"><img loading=\"lazy\" decoding=\"async\" width=\"1024\" height=\"573\" src=\"https:\/\/gnews.cz\/wp-content\/uploads\/2026\/04\/holec0-1024x573.webp\" alt=\"\" class=\"wp-image-43356\" srcset=\"https:\/\/gnews.cz\/wp-content\/uploads\/2026\/04\/holec0-1024x573.webp 1024w, https:\/\/gnews.cz\/wp-content\/uploads\/2026\/04\/holec0-300x168.webp 300w, https:\/\/gnews.cz\/wp-content\/uploads\/2026\/04\/holec0-768x430.webp 768w, https:\/\/gnews.cz\/wp-content\/uploads\/2026\/04\/holec0-18x10.webp 18w, https:\/\/gnews.cz\/wp-content\/uploads\/2026\/04\/holec0-1170x654.webp 1170w, https:\/\/gnews.cz\/wp-content\/uploads\/2026\/04\/holec0-585x327.webp 585w, https:\/\/gnews.cz\/wp-content\/uploads\/2026\/04\/holec0.webp 1500w\" sizes=\"(max-width: 1024px) 100vw, 1024px\" \/><\/a><\/figure>\n\n\n\n<p><\/p>\n","protected":false},"excerpt":{"rendered":"<p>V ost\u0159e kritick\u00e9m videu na YouTube kan\u00e1le Xaver Live \u010desk\u00fd koment\u00e1tor mistr Petr Holec oslavuje volebn\u00ed triumf Andreje Babi\u0161e nad \u201emedi\u00e1ln\u00edmi lh\u00e1\u0159i\u201c,&hellip;<\/p>\n","protected":false},"author":3,"featured_media":43350,"comment_status":"open","ping_status":"closed","sticky":false,"template":"","format":"standard","meta":{"_acf_changed":false,"_lmt_disableupdate":"","_lmt_disable":"","footnotes":""},"categories":[2968,3,7,658],"tags":[12154,12159,45,6807,12162,46,12157,3071,12160,12161,12164,12163,12155,12156,12158,419,12151,1145,151,44,71,458,12165,17,12152],"class_list":["post-43349","post","type-post","status-publish","format-standard","has-post-thumbnail","hentry","category-domaci","category-neprehlednete","category-politika","category-prectete-si","tag-babisova-vlada","tag-ceny-nafty","tag-cr","tag-ceska-televize","tag-daniel-takac","tag-eu","tag-fialuv-rezim","tag-green-deal","tag-ideologove","tag-inkvizitor","tag-jan-molacek","tag-lubos-seda","tag-media-siri-lzi","tag-narodni-medialni-fronta","tag-nutella","tag-petr-fiala","tag-petr-holec","tag-petr-macinka","tag-petr-pavel","tag-politika","tag-prezident","tag-robert-fico","tag-tomas-etzler","tag-top","tag-xaver-live"],"acf":[],"aioseo_notices":[],"_links":{"self":[{"href":"https:\/\/gnews.cz\/cs_cz\/wp-json\/wp\/v2\/posts\/43349","targetHints":{"allow":["GET"]}}],"collection":[{"href":"https:\/\/gnews.cz\/cs_cz\/wp-json\/wp\/v2\/posts"}],"about":[{"href":"https:\/\/gnews.cz\/cs_cz\/wp-json\/wp\/v2\/types\/post"}],"author":[{"embeddable":true,"href":"https:\/\/gnews.cz\/cs_cz\/wp-json\/wp\/v2\/users\/3"}],"replies":[{"embeddable":true,"href":"https:\/\/gnews.cz\/cs_cz\/wp-json\/wp\/v2\/comments?post=43349"}],"version-history":[{"count":5,"href":"https:\/\/gnews.cz\/cs_cz\/wp-json\/wp\/v2\/posts\/43349\/revisions"}],"predecessor-version":[{"id":43377,"href":"https:\/\/gnews.cz\/cs_cz\/wp-json\/wp\/v2\/posts\/43349\/revisions\/43377"}],"wp:featuredmedia":[{"embeddable":true,"href":"https:\/\/gnews.cz\/cs_cz\/wp-json\/wp\/v2\/media\/43350"}],"wp:attachment":[{"href":"https:\/\/gnews.cz\/cs_cz\/wp-json\/wp\/v2\/media?parent=43349"}],"wp:term":[{"taxonomy":"category","embeddable":true,"href":"https:\/\/gnews.cz\/cs_cz\/wp-json\/wp\/v2\/categories?post=43349"},{"taxonomy":"post_tag","embeddable":true,"href":"https:\/\/gnews.cz\/cs_cz\/wp-json\/wp\/v2\/tags?post=43349"}],"curies":[{"name":"wp","href":"https:\/\/api.w.org\/{rel}","templated":true}]}}